{"id":93677,"date":"2009-02-06T00:00:00","date_gmt":"2009-02-06T00:00:00","guid":{"rendered":"https:\/\/www.deberes.net\/tesis\/sin-categoria\/regimen-juridico-del-uso-especial-de-las-aguas-publicas-en-el-derecho-argentino\/"},"modified":"2009-02-06T00:00:00","modified_gmt":"2009-02-06T00:00:00","slug":"regimen-juridico-del-uso-especial-de-las-aguas-publicas-en-el-derecho-argentino","status":"publish","type":"post","link":"https:\/\/www.deberes.net\/tesis\/derecho-administrativo\/regimen-juridico-del-uso-especial-de-las-aguas-publicas-en-el-derecho-argentino\/","title":{"rendered":"Regimen juridico del uso especial de las aguas publicas en el derecho argentino"},"content":{"rendered":"<h2>Tesis doctoral de <strong> Liber Alexis Mart\u00edn <\/strong><\/h2>\n<p>El presente trabajo tiene por objeto el estudio del r\u00e9gimen jur\u00eddico de los derechos de uso especial de aguas p\u00fablicas en el derecho argentino. El punto de partida lo constituye una cr\u00edtica a la perspectiva utilizada hasta el momento que parte de la hip\u00f3tesis de que reforma constitucional de 1994 supuso un cambio sustancial de los fundamentos constitucionales del derecho de aguas. Desde este marco te\u00f3rico y constitucional y prescindiendo de la naturaleza jur\u00eddica de los t\u00edtulos habilitantes (concesi\u00f3n\/permiso), se analiza el r\u00e9gimen jur\u00eddico de los derechos de uso especial como categor\u00eda unitaria, identificando los principios que informan el r\u00e9gimen sobre la base la legislaci\u00f3n provincial de aguas (revocabilidad, temporalidad, cl\u00e1usula sin perjuicio de terceros, intransferibilidad, uso racional y sustentable, etc.). El estudio se estructura alrededor de la relaci\u00f3n dial\u00e9ctica entre inter\u00e9s p\u00fablico (y privado) como presupuesto esencial de todo uso especial que se proyecta sobre la estructura de los derechos y las condiciones de su ejercicio, a la vez que atraviesa toda la vida de estos derechos (otorgamiento, modificaci\u00f3n y extinci\u00f3n). Las conclusiones se dirigen a la constataci\u00f3n de la desaparici\u00f3n, mantenimiento, modulaci\u00f3n, resignificaci\u00f3n, transformaci\u00f3n o surgimiento de nuevos principios que informan el r\u00e9gimen jur\u00eddico del uso especial en un derecho de aguas que difiere sensiblemente del sistematizado a mediados del siglo pasado por la doctrina argentina.<\/p>\n<p>&nbsp;<\/p>\n<h3>Datos acad\u00e9micos de la tesis doctoral \u00ab<strong>Regimen juridico del uso especial de las aguas publicas en el derecho argentino<\/strong>\u00ab<\/h3>\n<ul>\n<li><strong>T\u00edtulo de la tesis:<\/strong>\u00a0 Regimen juridico del uso especial de las aguas publicas en el derecho argentino <\/li>\n<li><strong>Autor:<\/strong>\u00a0 Liber Alexis Mart\u00edn <\/li>\n<li><strong>Universidad:<\/strong>\u00a0 Zaragoza<\/li>\n<li><strong>Fecha de lectura de la tesis:<\/strong>\u00a0 02\/06\/2009<\/li>\n<\/ul>\n<p>&nbsp;<\/p>\n<h3>Direcci\u00f3n y tribunal<\/h3>\n<ul>\n<li><strong>Director de la tesis<\/strong>\n<ul>\n<li>Antonio Embid Irujo<\/li>\n<\/ul>\n<\/li>\n<li><strong>Tribunal<\/strong>\n<ul>\n<li>Presidente del tribunal: \u00e1ngel Men\u00e9ndez rexach <\/li>\n<li>alejandro Perez hualde (vocal)<\/li>\n<li>ismael Jimenez compaired (vocal)<\/li>\n<li>Francisco Delgado piqueras (vocal)<\/li>\n<\/ul>\n<\/li>\n<\/ul>\n<p>&nbsp;<\/p>\n","protected":false},"excerpt":{"rendered":"<p>Tesis doctoral de Liber Alexis Mart\u00edn El presente trabajo tiene por objeto el estudio del r\u00e9gimen jur\u00eddico de los derechos [&hellip;]<\/p>\n","protected":false},"author":1,"featured_media":0,"comment_status":"open","ping_status":"open","sticky":false,"template":"","format":"standard","meta":{"site-sidebar-layout":"default","site-content-layout":"","ast-site-content-layout":"","site-content-style":"default","site-sidebar-style":"default","ast-global-header-display":"","ast-banner-title-visibility":"","ast-main-header-display":"","ast-hfb-above-header-display":"","ast-hfb-below-header-display":"","ast-hfb-mobile-header-display":"","site-post-title":"","ast-breadcrumbs-content":"","ast-featured-img":"","footer-sml-layout":"","theme-transparent-header-meta":"","adv-header-id-meta":"","stick-header-meta":"","header-above-stick-meta":"","header-main-stick-meta":"","header-below-stick-meta":"","astra-migrate-meta-layouts":"default","ast-page-background-enabled":"default","ast-page-background-meta":{"desktop":{"background-color":"var(--ast-global-color-4)","background-image":"","background-repeat":"repeat","background-position":"center center","background-size":"auto","background-attachment":"scroll","background-type":"","background-media":"","overlay-type":"","overlay-color":"","overlay-gradient":""},"tablet":{"background-color":"","background-image":"","background-repeat":"repeat","background-position":"center center","background-size":"auto","background-attachment":"scroll","background-type":"","background-media":"","overlay-type":"","overlay-color":"","overlay-gradient":""},"mobile":{"background-color":"","background-image":"","background-repeat":"repeat","background-position":"center center","background-size":"auto","background-attachment":"scroll","background-type":"","background-media":"","overlay-type":"","overlay-color":"","overlay-gradient":""}},"ast-content-background-meta":{"desktop":{"background-color":"var(--ast-global-color-5)","background-image":"","background-repeat":"repeat","background-position":"center center","background-size":"auto","background-attachment":"scroll","background-type":"","background-media":"","overlay-type":"","overlay-color":"","overlay-gradient":""},"tablet":{"background-color":"var(--ast-global-color-5)","background-image":"","background-repeat":"repeat","background-position":"center center","background-size":"auto","background-attachment":"scroll","background-type":"","background-media":"","overlay-type":"","overlay-color":"","overlay-gradient":""},"mobile":{"background-color":"var(--ast-global-color-5)","background-image":"","background-repeat":"repeat","background-position":"center center","background-size":"auto","background-attachment":"scroll","background-type":"","background-media":"","overlay-type":"","overlay-color":"","overlay-gradient":""}},"footnotes":""},"categories":[1442,13610],"tags":[193377,14619,48400,71638,95877,193376],"class_list":["post-93677","post","type-post","status-publish","format-standard","hentry","category-derecho-administrativo","category-zaragoza","tag-alejandro-perez-hualde","tag-angel-menendez-rexach","tag-antonio-embid-irujo","tag-francisco-delgado-piqueras","tag-ismael-jimenez-compaired","tag-liber-alexis-martin"],"_links":{"self":[{"href":"https:\/\/www.deberes.net\/tesis\/wp-json\/wp\/v2\/posts\/93677","targetHints":{"allow":["GET"]}}],"collection":[{"href":"https:\/\/www.deberes.net\/tesis\/wp-json\/wp\/v2\/posts"}],"about":[{"href":"https:\/\/www.deberes.net\/tesis\/wp-json\/wp\/v2\/types\/post"}],"author":[{"embeddable":true,"href":"https:\/\/www.deberes.net\/tesis\/wp-json\/wp\/v2\/users\/1"}],"replies":[{"embeddable":true,"href":"https:\/\/www.deberes.net\/tesis\/wp-json\/wp\/v2\/comments?post=93677"}],"version-history":[{"count":0,"href":"https:\/\/www.deberes.net\/tesis\/wp-json\/wp\/v2\/posts\/93677\/revisions"}],"wp:attachment":[{"href":"https:\/\/www.deberes.net\/tesis\/wp-json\/wp\/v2\/media?parent=93677"}],"wp:term":[{"taxonomy":"category","embeddable":true,"href":"https:\/\/www.deberes.net\/tesis\/wp-json\/wp\/v2\/categories?post=93677"},{"taxonomy":"post_tag","embeddable":true,"href":"https:\/\/www.deberes.net\/tesis\/wp-json\/wp\/v2\/tags?post=93677"}],"curies":[{"name":"wp","href":"https:\/\/api.w.org\/{rel}","templated":true}]}}