{"id":93688,"date":"2009-02-06T00:00:00","date_gmt":"2009-02-06T00:00:00","guid":{"rendered":"https:\/\/www.deberes.net\/tesis\/sin-categoria\/la-trayectoria-intelectual-de-jose-jimenez-lozano-a-traves-de-su-obra-en-prensa\/"},"modified":"2009-02-06T00:00:00","modified_gmt":"2009-02-06T00:00:00","slug":"la-trayectoria-intelectual-de-jose-jimenez-lozano-a-traves-de-su-obra-en-prensa","status":"publish","type":"post","link":"https:\/\/www.deberes.net\/tesis\/biografias\/la-trayectoria-intelectual-de-jose-jimenez-lozano-a-traves-de-su-obra-en-prensa\/","title":{"rendered":"La trayectoria intelectual de jos\u00e9 jimenez lozano a trav\u00e9s de su obra en prensa"},"content":{"rendered":"<h2>Tesis doctoral de <strong> Mar\u00eda Merino Bobillo <\/strong><\/h2>\n<p>Castellano y franc\u00e9s  se trata del estudio de toda la obra de jos\u00e9 jim\u00e9nez lozano aparecida en la prensa desde el a\u00f1o 1959 hasta el 2007, en el que se detiene la investigaci\u00f3n. Abarca las distintas publicaciones en las que colabor\u00f3 -destino, vida nueva, informaciones, el sol, el pa\u00eds, abc, centro virtual cervantes, grupo promecal y la raz\u00f3n- y su actividad como periodista en el norte de castilla, peri\u00f3dico en el que fue contratado por miguel delibes en 1965, y del que lleg\u00f3 a ser subdirector y director desde 1992 hasta su jubilaci\u00f3n, en 1995.    jim\u00e9nez lozano se dibuja como prototipo de los \u00faltimos representantes de un modo de hacer periodismo hoy pr\u00e1cticamente finiquitado desde que las circunstancias econ\u00f3micas lo han convertido en una empresa de comunicaci\u00f3n, en la que los intereses econ\u00f3micos priman con frecuencia sobre los informativos o culturales. Con el silencio que reiteradamente mantuvo sobre la vida pol\u00edtica expresaba los l\u00edmites de la mera informaci\u00f3n pol\u00edtica y proclamaba que m\u00e1s all\u00e1 de \u00e9sta, exist\u00edan cosas importantes en la sociedad y resultaba interesante hablar de ellas en los peri\u00f3dicos.   la lectura de su obra period\u00edstica contribuye a matizar ciertas ideas asentadas sobre los tres grandes periodos del siglo xx en espa\u00f1a: el franquismo, la transici\u00f3n y la democracia. Su esp\u00edritu de resistencia combativa cuestiona la asimilaci\u00f3n de ciertos conceptos clave, como los de libertad y democracia. La rebeld\u00eda de sus primeros art\u00edculos muestra c\u00f3mo el r\u00e9gimen anti-libertad del franquismo no anulaba la capacidad de ser libres. Por el contrario, al llegar el r\u00e9gimen definido por antonomasia como el del reconocimiento de las libertades, la democracia, desvelaba a las claras las manipulaciones sibilinas que contra el hombre se escond\u00edan en su seno: el pensamiento globalizado, el pol\u00edticamente correcto, el conformismo democr\u00e1tico, los intentos de imponer un lenguaje uniforme que sirviese de horma para imponer un \u00fanico  pensamiento o para disfrazar cualquier tipo de cr\u00edmenes contra las personas indefensas y excluidas de las sociedades desarrolladas.   un rasgo predominante en \u00e9l ha sido siempre la anticontemporaneidad, talante que fue conociendo una gradaci\u00f3n de matices. Rompi\u00f3 con frecuencia con los estereotipos, tanto los marcados por la cultura oficialista del franquismo, como con los planteamientos opuestos a ella, podr\u00edamos llamarlos progresistas, cuando los encuentra equivocados, como ocurrir\u00e1 especialmente con la llegada de la democracia. Se trata de un caso de doble  contracorriente cultural: contra la estulticia de ciertos planteamientos franquistas y tambi\u00e9n contra la de otros opuestos al franquismo. Un tipo de actitud que lo coloc\u00f3 en minor\u00eda cuando la aceptaci\u00f3n de lo antifranquista como categor\u00eda se identific\u00f3 con ciertos estereotipos, concretamente los del progresismo a la moda. Su postura podr\u00eda catalogarse, pues, como una manifestaci\u00f3n de otro tipo de oposici\u00f3n al franquismo, distinta de la que normalmente se subraya.   la trayectoria period\u00edstica de jim\u00e9nez lozano se muestra coherente. Sus principales pensamientos permanecen a lo largo del tiempo: autenticidad, seriedad en los planteamientos de vida, sentido humano, ejercicio de la individualidad como expresi\u00f3n de la libertad, alta consideraci\u00f3n de la cultura escrita, etc.    su discurso constituy\u00f3 una denuncia cultural y antropol\u00f3gica que mantiene su actualidad. Por ello, su consistente trayectoria resulta interesante en la medida en que no s\u00f3lo nos descubre las honduras de un escritor en peri\u00f3dicos, sino que coloca frente a los principales retos que tiene el hombre del siglo xxi: el despertar del letargo de los dulces tiempos democr\u00e1ticos, para reconquistar la libertad que s\u00f3lo puede lograr cada persona en los adentros de s\u00ed misma.<\/p>\n<p>&nbsp;<\/p>\n<h3>Datos acad\u00e9micos de la tesis doctoral \u00ab<strong>La trayectoria intelectual de jos\u00e9 jimenez lozano a trav\u00e9s de su obra en prensa<\/strong>\u00ab<\/h3>\n<ul>\n<li><strong>T\u00edtulo de la tesis:<\/strong>\u00a0 La trayectoria intelectual de jos\u00e9 jimenez lozano a trav\u00e9s de su obra en prensa <\/li>\n<li><strong>Autor:<\/strong>\u00a0 Mar\u00eda Merino Bobillo <\/li>\n<li><strong>Universidad:<\/strong>\u00a0 Valladolid<\/li>\n<li><strong>Fecha de lectura de la tesis:<\/strong>\u00a0 02\/06\/2009<\/li>\n<\/ul>\n<p>&nbsp;<\/p>\n<h3>Direcci\u00f3n y tribunal<\/h3>\n<ul>\n<li><strong>Director de la tesis<\/strong>\n<ul>\n<li>Pablo Perez Lopez<\/li>\n<\/ul>\n<\/li>\n<li><strong>Tribunal<\/strong>\n<ul>\n<li>Presidente del tribunal: agust\u00edn Garc\u00eda matilla <\/li>\n<li>jean dominique Durand (vocal)<\/li>\n<li>Francisco Javier Higuero (vocal)<\/li>\n<li>beno\u00ed\u00aet Pellistrandi (vocal)<\/li>\n<\/ul>\n<\/li>\n<\/ul>\n<p>&nbsp;<\/p>\n","protected":false},"excerpt":{"rendered":"<p>Tesis doctoral de Mar\u00eda Merino Bobillo Castellano y franc\u00e9s se trata del estudio de toda la obra de jos\u00e9 jim\u00e9nez [&hellip;]<\/p>\n","protected":false},"author":1,"featured_media":0,"comment_status":"open","ping_status":"open","sticky":false,"template":"","format":"standard","meta":{"site-sidebar-layout":"default","site-content-layout":"","ast-site-content-layout":"","site-content-style":"default","site-sidebar-style":"default","ast-global-header-display":"","ast-banner-title-visibility":"","ast-main-header-display":"","ast-hfb-above-header-display":"","ast-hfb-below-header-display":"","ast-hfb-mobile-header-display":"","site-post-title":"","ast-breadcrumbs-content":"","ast-featured-img":"","footer-sml-layout":"","theme-transparent-header-meta":"","adv-header-id-meta":"","stick-header-meta":"","header-above-stick-meta":"","header-main-stick-meta":"","header-below-stick-meta":"","astra-migrate-meta-layouts":"default","ast-page-background-enabled":"default","ast-page-background-meta":{"desktop":{"background-color":"var(--ast-global-color-4)","background-image":"","background-repeat":"repeat","background-position":"center center","background-size":"auto","background-attachment":"scroll","background-type":"","background-media":"","overlay-type":"","overlay-color":"","overlay-gradient":""},"tablet":{"background-color":"","background-image":"","background-repeat":"repeat","background-position":"center center","background-size":"auto","background-attachment":"scroll","background-type":"","background-media":"","overlay-type":"","overlay-color":"","overlay-gradient":""},"mobile":{"background-color":"","background-image":"","background-repeat":"repeat","background-position":"center center","background-size":"auto","background-attachment":"scroll","background-type":"","background-media":"","overlay-type":"","overlay-color":"","overlay-gradient":""}},"ast-content-background-meta":{"desktop":{"background-color":"var(--ast-global-color-5)","background-image":"","background-repeat":"repeat","background-position":"center center","background-size":"auto","background-attachment":"scroll","background-type":"","background-media":"","overlay-type":"","overlay-color":"","overlay-gradient":""},"tablet":{"background-color":"var(--ast-global-color-5)","background-image":"","background-repeat":"repeat","background-position":"center center","background-size":"auto","background-attachment":"scroll","background-type":"","background-media":"","overlay-type":"","overlay-color":"","overlay-gradient":""},"mobile":{"background-color":"var(--ast-global-color-5)","background-image":"","background-repeat":"repeat","background-position":"center center","background-size":"auto","background-attachment":"scroll","background-type":"","background-media":"","overlay-type":"","overlay-color":"","overlay-gradient":""}},"footnotes":""},"categories":[954,1816,1867,5812,12451],"tags":[44582,103303,193395,193394,193393,37804],"class_list":["post-93688","post","type-post","status-publish","format-standard","hentry","category-biografias","category-historia-contemporanea","category-historia-de-la-literatura-espanola","category-historia-del-periodismo","category-valladolid","tag-agustin-garcia-matilla","tag-benoit-pellistrandi","tag-francisco-javier-higuero","tag-jean-dominique-durand","tag-maria-merino-bobillo","tag-pablo-perez-lopez"],"_links":{"self":[{"href":"https:\/\/www.deberes.net\/tesis\/wp-json\/wp\/v2\/posts\/93688","targetHints":{"allow":["GET"]}}],"collection":[{"href":"https:\/\/www.deberes.net\/tesis\/wp-json\/wp\/v2\/posts"}],"about":[{"href":"https:\/\/www.deberes.net\/tesis\/wp-json\/wp\/v2\/types\/post"}],"author":[{"embeddable":true,"href":"https:\/\/www.deberes.net\/tesis\/wp-json\/wp\/v2\/users\/1"}],"replies":[{"embeddable":true,"href":"https:\/\/www.deberes.net\/tesis\/wp-json\/wp\/v2\/comments?post=93688"}],"version-history":[{"count":0,"href":"https:\/\/www.deberes.net\/tesis\/wp-json\/wp\/v2\/posts\/93688\/revisions"}],"wp:attachment":[{"href":"https:\/\/www.deberes.net\/tesis\/wp-json\/wp\/v2\/media?parent=93688"}],"wp:term":[{"taxonomy":"category","embeddable":true,"href":"https:\/\/www.deberes.net\/tesis\/wp-json\/wp\/v2\/categories?post=93688"},{"taxonomy":"post_tag","embeddable":true,"href":"https:\/\/www.deberes.net\/tesis\/wp-json\/wp\/v2\/tags?post=93688"}],"curies":[{"name":"wp","href":"https:\/\/api.w.org\/{rel}","templated":true}]}}