{"id":93733,"date":"2009-04-06T00:00:00","date_gmt":"2009-04-06T00:00:00","guid":{"rendered":"https:\/\/www.deberes.net\/tesis\/sin-categoria\/evaluacion-de-los-factores-psicosociales-y-didacticos-relacionados-con-la-equidad-de-genero-en-educacion-fa%c2%adsica\/"},"modified":"2009-04-06T00:00:00","modified_gmt":"2009-04-06T00:00:00","slug":"evaluacion-de-los-factores-psicosociales-y-didacticos-relacionados-con-la-equidad-de-genero-en-educacion-fa%c2%adsica","status":"publish","type":"post","link":"https:\/\/www.deberes.net\/tesis\/preparacion-de-profesores\/evaluacion-de-los-factores-psicosociales-y-didacticos-relacionados-con-la-equidad-de-genero-en-educacion-fa%c2%adsica\/","title":{"rendered":"Evaluaci\u00f3n de los factores psicosociales y did\u00e1cticos relacionados con la equidad de g\u00e9nero en educaci\u00f3n f\u00edsica"},"content":{"rendered":"<h2>Tesis doctoral de <strong> \u00f3scar Del Castillo Andr\u00e9s <\/strong><\/h2>\n<p>La investigaci\u00f3n que presentamos en este informe se plantea ante la sensibilizaci\u00f3n que provoca en nosotros que el proceso de construcci\u00f3n de la identidad de g\u00e9nero de nuestro alumnado de educaci\u00f3n f\u00edsica se realice de una forma equitativa.  para establecer las posibles causas de sexismo en nuestra materia dise\u00f1amos una propuesta metodol\u00f3gica de corte descriptivo observacional apoyada en dos estudios diferentes: un estudio tipo encuesta y un estudio observacional (sistema de categor\u00edas).  nuestros resultados muestran sexismo en los factores psicosociales analizados, la funci\u00f3n docente y los estilos de ense\u00f1anza utilizados.<\/p>\n<p>&nbsp;<\/p>\n<h3>Datos acad\u00e9micos de la tesis doctoral \u00ab<strong>Evaluaci\u00f3n de los factores psicosociales y did\u00e1cticos relacionados con la equidad de g\u00e9nero en educaci\u00f3n f\u00edsica<\/strong>\u00ab<\/h3>\n<ul>\n<li><strong>T\u00edtulo de la tesis:<\/strong>\u00a0 Evaluaci\u00f3n de los factores psicosociales y did\u00e1cticos relacionados con la equidad de g\u00e9nero en educaci\u00f3n f\u00edsica <\/li>\n<li><strong>Autor:<\/strong>\u00a0 \u00f3scar Del Castillo Andr\u00e9s <\/li>\n<li><strong>Universidad:<\/strong>\u00a0 Sevilla<\/li>\n<li><strong>Fecha de lectura de la tesis:<\/strong>\u00a0 04\/06\/2009<\/li>\n<\/ul>\n<p>&nbsp;<\/p>\n<h3>Direcci\u00f3n y tribunal<\/h3>\n<ul>\n<li><strong>Director de la tesis<\/strong>\n<ul>\n<li>Santiago Romero Granados<\/li>\n<\/ul>\n<\/li>\n<li><strong>Tribunal<\/strong>\n<ul>\n<li>Presidente del tribunal: pilar Col\u00e1s bravo <\/li>\n<li>arturo Diaz suarez (vocal)<\/li>\n<li>onofre ricardo Contreras jordan (vocal)<\/li>\n<li>silvia Arribas galarraga (vocal)<\/li>\n<\/ul>\n<\/li>\n<\/ul>\n<p>&nbsp;<\/p>\n","protected":false},"excerpt":{"rendered":"<p>Tesis doctoral de \u00f3scar Del Castillo Andr\u00e9s La investigaci\u00f3n que presentamos en este informe se plantea ante la sensibilizaci\u00f3n que [&hellip;]<\/p>\n","protected":false},"author":1,"featured_media":0,"comment_status":"open","ping_status":"open","sticky":false,"template":"","format":"standard","meta":{"site-sidebar-layout":"default","site-content-layout":"","ast-site-content-layout":"","site-content-style":"default","site-sidebar-style":"default","ast-global-header-display":"","ast-banner-title-visibility":"","ast-main-header-display":"","ast-hfb-above-header-display":"","ast-hfb-below-header-display":"","ast-hfb-mobile-header-display":"","site-post-title":"","ast-breadcrumbs-content":"","ast-featured-img":"","footer-sml-layout":"","theme-transparent-header-meta":"","adv-header-id-meta":"","stick-header-meta":"","header-above-stick-meta":"","header-main-stick-meta":"","header-below-stick-meta":"","astra-migrate-meta-layouts":"default","ast-page-background-enabled":"default","ast-page-background-meta":{"desktop":{"background-color":"var(--ast-global-color-4)","background-image":"","background-repeat":"repeat","background-position":"center center","background-size":"auto","background-attachment":"scroll","background-type":"","background-media":"","overlay-type":"","overlay-color":"","overlay-gradient":""},"tablet":{"background-color":"","background-image":"","background-repeat":"repeat","background-position":"center center","background-size":"auto","background-attachment":"scroll","background-type":"","background-media":"","overlay-type":"","overlay-color":"","overlay-gradient":""},"mobile":{"background-color":"","background-image":"","background-repeat":"repeat","background-position":"center center","background-size":"auto","background-attachment":"scroll","background-type":"","background-media":"","overlay-type":"","overlay-color":"","overlay-gradient":""}},"ast-content-background-meta":{"desktop":{"background-color":"var(--ast-global-color-5)","background-image":"","background-repeat":"repeat","background-position":"center center","background-size":"auto","background-attachment":"scroll","background-type":"","background-media":"","overlay-type":"","overlay-color":"","overlay-gradient":""},"tablet":{"background-color":"var(--ast-global-color-5)","background-image":"","background-repeat":"repeat","background-position":"center center","background-size":"auto","background-attachment":"scroll","background-type":"","background-media":"","overlay-type":"","overlay-color":"","overlay-gradient":""},"mobile":{"background-color":"var(--ast-global-color-5)","background-image":"","background-repeat":"repeat","background-position":"center center","background-size":"auto","background-attachment":"scroll","background-type":"","background-media":"","overlay-type":"","overlay-color":"","overlay-gradient":""}},"footnotes":""},"categories":[7757,26060,6020,1288,10715],"tags":[43860,27403,193472,10888,4125,149443],"class_list":["post-93733","post","type-post","status-publish","format-standard","hentry","category-actitudes-sociales","category-discriminacion","category-evaluacion-de-alumnos","category-preparacion-de-profesores","category-sevilla","tag-arturo-diaz-suarez","tag-onofre-ricardo-contreras-jordan","tag-oscar-del-castillo-andres","tag-pilar-colas-bravo","tag-santiago-romero-granados","tag-silvia-arribas-galarraga"],"_links":{"self":[{"href":"https:\/\/www.deberes.net\/tesis\/wp-json\/wp\/v2\/posts\/93733","targetHints":{"allow":["GET"]}}],"collection":[{"href":"https:\/\/www.deberes.net\/tesis\/wp-json\/wp\/v2\/posts"}],"about":[{"href":"https:\/\/www.deberes.net\/tesis\/wp-json\/wp\/v2\/types\/post"}],"author":[{"embeddable":true,"href":"https:\/\/www.deberes.net\/tesis\/wp-json\/wp\/v2\/users\/1"}],"replies":[{"embeddable":true,"href":"https:\/\/www.deberes.net\/tesis\/wp-json\/wp\/v2\/comments?post=93733"}],"version-history":[{"count":0,"href":"https:\/\/www.deberes.net\/tesis\/wp-json\/wp\/v2\/posts\/93733\/revisions"}],"wp:attachment":[{"href":"https:\/\/www.deberes.net\/tesis\/wp-json\/wp\/v2\/media?parent=93733"}],"wp:term":[{"taxonomy":"category","embeddable":true,"href":"https:\/\/www.deberes.net\/tesis\/wp-json\/wp\/v2\/categories?post=93733"},{"taxonomy":"post_tag","embeddable":true,"href":"https:\/\/www.deberes.net\/tesis\/wp-json\/wp\/v2\/tags?post=93733"}],"curies":[{"name":"wp","href":"https:\/\/api.w.org\/{rel}","templated":true}]}}