{"id":93767,"date":"2009-05-06T00:00:00","date_gmt":"2009-05-06T00:00:00","guid":{"rendered":"https:\/\/www.deberes.net\/tesis\/sin-categoria\/estudio-y-edicion-del-valerian-de-hungria-de-diona%c2%ads-clemente\/"},"modified":"2009-05-06T00:00:00","modified_gmt":"2009-05-06T00:00:00","slug":"estudio-y-edicion-del-valerian-de-hungria-de-diona%c2%ads-clemente","status":"publish","type":"post","link":"https:\/\/www.deberes.net\/tesis\/historia-de-la-literatura-espanola\/estudio-y-edicion-del-valerian-de-hungria-de-diona%c2%ads-clemente\/","title":{"rendered":"Estudio y edici\u00f3n del valeri\u00e1n de hungr\u00eda de dion\u00eds clemente"},"content":{"rendered":"<h2>Tesis doctoral de <strong> Jes\u00fas Duce Garc\u00eda <\/strong><\/h2>\n<p>Nuestro proyecto de estudio y edici\u00f3n del valeri\u00e1n de hungr\u00eda de dion\u00eds clemente obedece a la necesidad de recuperar los textos caballerescos y analizar sus elementos formales y tem\u00e1ticos. Esta l\u00ednea de trabajo busca en definitiva una mejor aproximaci\u00f3n a nuestra historia literaria en la que los libros de caballer\u00edas representan un cap\u00edtulo imprescindible para entender el tr\u00e1nsito de la literatura medieval hacia las geniales concepciones art\u00edsticas de los siglos de oro; y persigue tambi\u00e9n el objetivo de realizar una aportaci\u00f3n en virtud del necesario dise\u00f1o de un panorama completo de la narrativa quinientista, ese excelente corpus literario en el que se contempla el desarrollo y experimentaci\u00f3n de diversos g\u00e9neros y tendencias: la ficci\u00f3n sentimental, el tipo celestinesco, los libros de caballer\u00edas, de pastores, moriscos, de aventuras peregrinas, las narraciones cortas, la picaresca, etc.  en pleno siglo xvi, cuando el auge comercial del g\u00e9nero caballeresco se hac\u00eda evidente a trav\u00e9s de las reediciones de sus obras m\u00e1s afamadas [amad\u00eds de gaula, palmer\u00edn de olivia, primale\u00f3n, las sergas de esplandi\u00e1n, lepolemo], se public\u00f3 en Valencia, en el a\u00f1o de 1540, el valeri\u00e1n de hungr\u00eda, siendo su impresor francisco d\u00edaz romano. En principio esta obra no pertenece a ninguno de los ciclos de libros de caballer\u00edas que pueden estimarse desde un nivel cr\u00edtico y descriptivo. Sin embargo, es m\u00e1s que probable su dependencia con algunos modelos previos, dadas las caracter\u00edsticas iterativas del g\u00e9nero en el que se incluye. En ese sentido, tambi\u00e9n hay que tener en cuenta otras obras caballerescas publicadas por el mismo impresor o aparecidas en la misma ciudad, o lo que es lo mismo, debemos situar al valeri\u00e1n en su espacio y su tiempo correspondientes. por otra parte, el estudio literario de la narraci\u00f3n contenida en este libro y la indagaci\u00f3n sobre la vida y obras del autor, constituyen sendos instrumentos filol\u00f3gicos que nos ayudar\u00e1n a reconocer las ideas de un escritor del renacimiento y permitir\u00e1n profundizar en los gustos de lectura y los moldes est\u00e9ticos de aquella \u00e9poca.<\/p>\n<p>&nbsp;<\/p>\n<h3>Datos acad\u00e9micos de la tesis doctoral \u00ab<strong>Estudio y edici\u00f3n del valeri\u00e1n de hungr\u00eda de dion\u00eds clemente<\/strong>\u00ab<\/h3>\n<ul>\n<li><strong>T\u00edtulo de la tesis:<\/strong>\u00a0 Estudio y edici\u00f3n del valeri\u00e1n de hungr\u00eda de dion\u00eds clemente <\/li>\n<li><strong>Autor:<\/strong>\u00a0 Jes\u00fas Duce Garc\u00eda <\/li>\n<li><strong>Universidad:<\/strong>\u00a0 Zaragoza<\/li>\n<li><strong>Fecha de lectura de la tesis:<\/strong>\u00a0 05\/06\/2009<\/li>\n<\/ul>\n<p>&nbsp;<\/p>\n<h3>Direcci\u00f3n y tribunal<\/h3>\n<ul>\n<li><strong>Director de la tesis<\/strong>\n<ul>\n<li>Alberto Del R\u00edo Nogueras<\/li>\n<\/ul>\n<\/li>\n<li><strong>Tribunal<\/strong>\n<ul>\n<li>Presidente del tribunal: Juan  manuel Cacho blecua <\/li>\n<li>anna Bognolo (vocal)<\/li>\n<li>Jos\u00e9 Manuel Luc\u00eda meg\u00edas (vocal)<\/li>\n<li>claudia Dematt\u00e9 (vocal)<\/li>\n<\/ul>\n<\/li>\n<\/ul>\n<p>&nbsp;<\/p>\n","protected":false},"excerpt":{"rendered":"<p>Tesis doctoral de Jes\u00fas Duce Garc\u00eda Nuestro proyecto de estudio y edici\u00f3n del valeri\u00e1n de hungr\u00eda de dion\u00eds clemente obedece [&hellip;]<\/p>\n","protected":false},"author":1,"featured_media":0,"comment_status":"open","ping_status":"open","sticky":false,"template":"","format":"standard","meta":{"site-sidebar-layout":"default","site-content-layout":"","ast-site-content-layout":"","site-content-style":"default","site-sidebar-style":"default","ast-global-header-display":"","ast-banner-title-visibility":"","ast-main-header-display":"","ast-hfb-above-header-display":"","ast-hfb-below-header-display":"","ast-hfb-mobile-header-display":"","site-post-title":"","ast-breadcrumbs-content":"","ast-featured-img":"","footer-sml-layout":"","theme-transparent-header-meta":"","adv-header-id-meta":"","stick-header-meta":"","header-above-stick-meta":"","header-main-stick-meta":"","header-below-stick-meta":"","astra-migrate-meta-layouts":"default","ast-page-background-enabled":"default","ast-page-background-meta":{"desktop":{"background-color":"var(--ast-global-color-4)","background-image":"","background-repeat":"repeat","background-position":"center center","background-size":"auto","background-attachment":"scroll","background-type":"","background-media":"","overlay-type":"","overlay-color":"","overlay-gradient":""},"tablet":{"background-color":"","background-image":"","background-repeat":"repeat","background-position":"center center","background-size":"auto","background-attachment":"scroll","background-type":"","background-media":"","overlay-type":"","overlay-color":"","overlay-gradient":""},"mobile":{"background-color":"","background-image":"","background-repeat":"repeat","background-position":"center center","background-size":"auto","background-attachment":"scroll","background-type":"","background-media":"","overlay-type":"","overlay-color":"","overlay-gradient":""}},"ast-content-background-meta":{"desktop":{"background-color":"var(--ast-global-color-5)","background-image":"","background-repeat":"repeat","background-position":"center center","background-size":"auto","background-attachment":"scroll","background-type":"","background-media":"","overlay-type":"","overlay-color":"","overlay-gradient":""},"tablet":{"background-color":"var(--ast-global-color-5)","background-image":"","background-repeat":"repeat","background-position":"center center","background-size":"auto","background-attachment":"scroll","background-type":"","background-media":"","overlay-type":"","overlay-color":"","overlay-gradient":""},"mobile":{"background-color":"var(--ast-global-color-5)","background-image":"","background-repeat":"repeat","background-position":"center center","background-size":"auto","background-attachment":"scroll","background-type":"","background-media":"","overlay-type":"","overlay-color":"","overlay-gradient":""}},"footnotes":""},"categories":[13411,1867,13610],"tags":[193232,192602,193529,193528,43105,12294],"class_list":["post-93767","post","type-post","status-publish","format-standard","hentry","category-filologia-espanola","category-historia-de-la-literatura-espanola","category-zaragoza","tag-alberto-del-rio-nogueras","tag-anna-bognolo","tag-claudia-dematte","tag-jesus-duce-garcia","tag-jose-manuel-lucia-megias","tag-juan-manuel-cacho-blecua"],"_links":{"self":[{"href":"https:\/\/www.deberes.net\/tesis\/wp-json\/wp\/v2\/posts\/93767","targetHints":{"allow":["GET"]}}],"collection":[{"href":"https:\/\/www.deberes.net\/tesis\/wp-json\/wp\/v2\/posts"}],"about":[{"href":"https:\/\/www.deberes.net\/tesis\/wp-json\/wp\/v2\/types\/post"}],"author":[{"embeddable":true,"href":"https:\/\/www.deberes.net\/tesis\/wp-json\/wp\/v2\/users\/1"}],"replies":[{"embeddable":true,"href":"https:\/\/www.deberes.net\/tesis\/wp-json\/wp\/v2\/comments?post=93767"}],"version-history":[{"count":0,"href":"https:\/\/www.deberes.net\/tesis\/wp-json\/wp\/v2\/posts\/93767\/revisions"}],"wp:attachment":[{"href":"https:\/\/www.deberes.net\/tesis\/wp-json\/wp\/v2\/media?parent=93767"}],"wp:term":[{"taxonomy":"category","embeddable":true,"href":"https:\/\/www.deberes.net\/tesis\/wp-json\/wp\/v2\/categories?post=93767"},{"taxonomy":"post_tag","embeddable":true,"href":"https:\/\/www.deberes.net\/tesis\/wp-json\/wp\/v2\/tags?post=93767"}],"curies":[{"name":"wp","href":"https:\/\/api.w.org\/{rel}","templated":true}]}}