{"id":93774,"date":"2009-05-06T00:00:00","date_gmt":"2009-05-06T00:00:00","guid":{"rendered":"https:\/\/www.deberes.net\/tesis\/sin-categoria\/o-pensamento-ilustrado-na-galiza-do-xviii\/"},"modified":"2009-05-06T00:00:00","modified_gmt":"2009-05-06T00:00:00","slug":"o-pensamento-ilustrado-na-galiza-do-xviii","status":"publish","type":"post","link":"https:\/\/www.deberes.net\/tesis\/santiago-de-compostela\/o-pensamento-ilustrado-na-galiza-do-xviii\/","title":{"rendered":"O pensamento ilustrado na galiza do xviii"},"content":{"rendered":"<h2>Tesis doctoral de <strong> Manuel Rivas Garc\u00eda <\/strong><\/h2>\n<p>Anal\u00edzase o pensamento ilustrado en galiza durante a 2\u00aa metade do xviii, tendo en conta as novas ideas econ\u00f3micas (fisiocracia e liberalismo), o pulo que experimentan as ciencias experimentais, o interese pola educaci\u00f3n que trata de estenderse \u00e1s capas populares a trav\u00e9s do ensino b\u00e1sico e de artes e oficios.  Finalmente faise unha an\u00e1lise do dereito e filosof\u00eda ilustrada, centr\u00e1ndose nas figuras de herbella e puga, vicente do seixo, juan francisco de castro e gonz\u00e1lez varela.<\/p>\n<p>&nbsp;<\/p>\n<h3>Datos acad\u00e9micos de la tesis doctoral \u00ab<strong>O pensamento ilustrado na galiza do xviii<\/strong>\u00ab<\/h3>\n<ul>\n<li><strong>T\u00edtulo de la tesis:<\/strong>\u00a0 O pensamento ilustrado na galiza do xviii <\/li>\n<li><strong>Autor:<\/strong>\u00a0 Manuel Rivas Garc\u00eda <\/li>\n<li><strong>Universidad:<\/strong>\u00a0 Santiago de compostela<\/li>\n<li><strong>Fecha de lectura de la tesis:<\/strong>\u00a0 05\/06\/2009<\/li>\n<\/ul>\n<p>&nbsp;<\/p>\n<h3>Direcci\u00f3n y tribunal<\/h3>\n<ul>\n<li><strong>Director de la tesis<\/strong>\n<ul>\n<li>Carlos Amable Bali\u00f1as Fern\u00e1ndez<\/li>\n<\/ul>\n<\/li>\n<li><strong>Tribunal<\/strong>\n<ul>\n<li>Presidente del tribunal: Jos\u00e9 Luis Barreiro barreiro <\/li>\n<li>concepci\u00f3n Varela orol (vocal)<\/li>\n<li>arsenio Ginzo fern\u00e1ndez (vocal)<\/li>\n<li>julio Seoane pinilla (vocal)<\/li>\n<\/ul>\n<\/li>\n<\/ul>\n<p>&nbsp;<\/p>\n","protected":false},"excerpt":{"rendered":"<p>Tesis doctoral de Manuel Rivas Garc\u00eda Anal\u00edzase o pensamento ilustrado en galiza durante a 2\u00aa metade do xviii, tendo en [&hellip;]<\/p>\n","protected":false},"author":1,"featured_media":0,"comment_status":"open","ping_status":"open","sticky":false,"template":"","format":"standard","meta":{"site-sidebar-layout":"default","site-content-layout":"","ast-site-content-layout":"","site-content-style":"default","site-sidebar-style":"default","ast-global-header-display":"","ast-banner-title-visibility":"","ast-main-header-display":"","ast-hfb-above-header-display":"","ast-hfb-below-header-display":"","ast-hfb-mobile-header-display":"","site-post-title":"","ast-breadcrumbs-content":"","ast-featured-img":"","footer-sml-layout":"","theme-transparent-header-meta":"","adv-header-id-meta":"","stick-header-meta":"","header-above-stick-meta":"","header-main-stick-meta":"","header-below-stick-meta":"","astra-migrate-meta-layouts":"default","ast-page-background-enabled":"default","ast-page-background-meta":{"desktop":{"background-color":"var(--ast-global-color-4)","background-image":"","background-repeat":"repeat","background-position":"center center","background-size":"auto","background-attachment":"scroll","background-type":"","background-media":"","overlay-type":"","overlay-color":"","overlay-gradient":""},"tablet":{"background-color":"","background-image":"","background-repeat":"repeat","background-position":"center center","background-size":"auto","background-attachment":"scroll","background-type":"","background-media":"","overlay-type":"","overlay-color":"","overlay-gradient":""},"mobile":{"background-color":"","background-image":"","background-repeat":"repeat","background-position":"center center","background-size":"auto","background-attachment":"scroll","background-type":"","background-media":"","overlay-type":"","overlay-color":"","overlay-gradient":""}},"ast-content-background-meta":{"desktop":{"background-color":"var(--ast-global-color-5)","background-image":"","background-repeat":"repeat","background-position":"center center","background-size":"auto","background-attachment":"scroll","background-type":"","background-media":"","overlay-type":"","overlay-color":"","overlay-gradient":""},"tablet":{"background-color":"var(--ast-global-color-5)","background-image":"","background-repeat":"repeat","background-position":"center center","background-size":"auto","background-attachment":"scroll","background-type":"","background-media":"","overlay-type":"","overlay-color":"","overlay-gradient":""},"mobile":{"background-color":"var(--ast-global-color-5)","background-image":"","background-repeat":"repeat","background-position":"center center","background-size":"auto","background-attachment":"scroll","background-type":"","background-media":"","overlay-type":"","overlay-color":"","overlay-gradient":""}},"footnotes":""},"categories":[977],"tags":[5348,19138,193539,148578,193540,193538],"class_list":["post-93774","post","type-post","status-publish","format-standard","hentry","category-santiago-de-compostela","tag-arsenio-ginzo-fernandez","tag-carlos-amable-balinas-fernandez","tag-concepcion-varela-orol","tag-jose-luis-barreiro-barreiro","tag-julio-seoane-pinilla","tag-manuel-rivas-garcia"],"_links":{"self":[{"href":"https:\/\/www.deberes.net\/tesis\/wp-json\/wp\/v2\/posts\/93774","targetHints":{"allow":["GET"]}}],"collection":[{"href":"https:\/\/www.deberes.net\/tesis\/wp-json\/wp\/v2\/posts"}],"about":[{"href":"https:\/\/www.deberes.net\/tesis\/wp-json\/wp\/v2\/types\/post"}],"author":[{"embeddable":true,"href":"https:\/\/www.deberes.net\/tesis\/wp-json\/wp\/v2\/users\/1"}],"replies":[{"embeddable":true,"href":"https:\/\/www.deberes.net\/tesis\/wp-json\/wp\/v2\/comments?post=93774"}],"version-history":[{"count":0,"href":"https:\/\/www.deberes.net\/tesis\/wp-json\/wp\/v2\/posts\/93774\/revisions"}],"wp:attachment":[{"href":"https:\/\/www.deberes.net\/tesis\/wp-json\/wp\/v2\/media?parent=93774"}],"wp:term":[{"taxonomy":"category","embeddable":true,"href":"https:\/\/www.deberes.net\/tesis\/wp-json\/wp\/v2\/categories?post=93774"},{"taxonomy":"post_tag","embeddable":true,"href":"https:\/\/www.deberes.net\/tesis\/wp-json\/wp\/v2\/tags?post=93774"}],"curies":[{"name":"wp","href":"https:\/\/api.w.org\/{rel}","templated":true}]}}