{"id":93784,"date":"2009-05-06T00:00:00","date_gmt":"2009-05-06T00:00:00","guid":{"rendered":"https:\/\/www.deberes.net\/tesis\/sin-categoria\/parametros-de-riesgo-de-la-queilitis-actinica-cronica\/"},"modified":"2009-05-06T00:00:00","modified_gmt":"2009-05-06T00:00:00","slug":"parametros-de-riesgo-de-la-queilitis-actinica-cronica","status":"publish","type":"post","link":"https:\/\/www.deberes.net\/tesis\/ciencias-medicas\/parametros-de-riesgo-de-la-queilitis-actinica-cronica\/","title":{"rendered":"Par\u00e1metros de riesgo de la queilitis act\u00ednica cr\u00f3nica"},"content":{"rendered":"<h2>Tesis doctoral de <strong> Patricia Mar\u00eda Puga Guil <\/strong><\/h2>\n<p>La queilitis act\u00ednica o solar es una lesi\u00f3n precancerosa que afecta al bermell\u00f3n de los labios, casi siempre al labio inferior y caracter\u00edstica de pacientes mayores. La exposici\u00f3n a la luz solar, factor indudablemente relacionado con la aparici\u00f3n de esta lesi\u00f3n.    en este estudio descriptivo de una muestra de pacientes con queilitis act\u00ednica se describen las caracter\u00edsticas epidemiol\u00f3gicas y cl\u00ednicas m\u00e1s importantes de este  grupo de pacientes  y se analizan en estos pacientes los posibles factores etiol\u00f3gicos de riesgo relacionados con la aparici\u00f3n de esta entidad.    consideramos factores de riesgo como la exposici\u00f3n solar, el fototipo cut\u00e1neo, la ocupaci\u00f3n profesional, el lugar de residencia, el empleo de protecci\u00f3n solar, etc   nuestros resutados muestran que la exposici\u00f3n cr\u00f3nica a la radiaci\u00f3n solar, la falta de uso de agentes fotoprotectores y de vestimenta protectora eficaz, junto con el consumo de tabaco y alcohol parecen ser los factores de riesgo m\u00e1s importantes de la queilitis act\u00ednica cr\u00f3nica.<\/p>\n<p>&nbsp;<\/p>\n<h3>Datos acad\u00e9micos de la tesis doctoral \u00ab<strong>Par\u00e1metros de riesgo de la queilitis act\u00ednica cr\u00f3nica<\/strong>\u00ab<\/h3>\n<ul>\n<li><strong>T\u00edtulo de la tesis:<\/strong>\u00a0 Par\u00e1metros de riesgo de la queilitis act\u00ednica cr\u00f3nica <\/li>\n<li><strong>Autor:<\/strong>\u00a0 Patricia Mar\u00eda Puga Guil <\/li>\n<li><strong>Universidad:<\/strong>\u00a0 Granada<\/li>\n<li><strong>Fecha de lectura de la tesis:<\/strong>\u00a0 05\/06\/2009<\/li>\n<\/ul>\n<p>&nbsp;<\/p>\n<h3>Direcci\u00f3n y tribunal<\/h3>\n<ul>\n<li><strong>Director de la tesis<\/strong>\n<ul>\n<li>Alberto Rodriguez Archilla<\/li>\n<\/ul>\n<\/li>\n<li><strong>Tribunal<\/strong>\n<ul>\n<li>Presidente del tribunal: alejandro Ceballos salobre\u00f1a <\/li>\n<li>Rafael Segura saint-gerons (vocal)<\/li>\n<li>gregorio Ceballos salobre\u00f1a (vocal)<\/li>\n<li>Antonio Blanco hungr\u00eda (vocal)<\/li>\n<\/ul>\n<\/li>\n<\/ul>\n<p>&nbsp;<\/p>\n","protected":false},"excerpt":{"rendered":"<p>Tesis doctoral de Patricia Mar\u00eda Puga Guil La queilitis act\u00ednica o solar es una lesi\u00f3n precancerosa que afecta al bermell\u00f3n [&hellip;]<\/p>\n","protected":false},"author":1,"featured_media":0,"comment_status":"open","ping_status":"open","sticky":false,"template":"","format":"standard","meta":{"site-sidebar-layout":"default","site-content-layout":"","ast-site-content-layout":"","site-content-style":"default","site-sidebar-style":"default","ast-global-header-display":"","ast-banner-title-visibility":"","ast-main-header-display":"","ast-hfb-above-header-display":"","ast-hfb-below-header-display":"","ast-hfb-mobile-header-display":"","site-post-title":"","ast-breadcrumbs-content":"","ast-featured-img":"","footer-sml-layout":"","theme-transparent-header-meta":"","adv-header-id-meta":"","stick-header-meta":"","header-above-stick-meta":"","header-main-stick-meta":"","header-below-stick-meta":"","astra-migrate-meta-layouts":"default","ast-page-background-enabled":"default","ast-page-background-meta":{"desktop":{"background-color":"var(--ast-global-color-4)","background-image":"","background-repeat":"repeat","background-position":"center center","background-size":"auto","background-attachment":"scroll","background-type":"","background-media":"","overlay-type":"","overlay-color":"","overlay-gradient":""},"tablet":{"background-color":"","background-image":"","background-repeat":"repeat","background-position":"center center","background-size":"auto","background-attachment":"scroll","background-type":"","background-media":"","overlay-type":"","overlay-color":"","overlay-gradient":""},"mobile":{"background-color":"","background-image":"","background-repeat":"repeat","background-position":"center center","background-size":"auto","background-attachment":"scroll","background-type":"","background-media":"","overlay-type":"","overlay-color":"","overlay-gradient":""}},"ast-content-background-meta":{"desktop":{"background-color":"var(--ast-global-color-5)","background-image":"","background-repeat":"repeat","background-position":"center center","background-size":"auto","background-attachment":"scroll","background-type":"","background-media":"","overlay-type":"","overlay-color":"","overlay-gradient":""},"tablet":{"background-color":"var(--ast-global-color-5)","background-image":"","background-repeat":"repeat","background-position":"center center","background-size":"auto","background-attachment":"scroll","background-type":"","background-media":"","overlay-type":"","overlay-color":"","overlay-gradient":""},"mobile":{"background-color":"var(--ast-global-color-5)","background-image":"","background-repeat":"repeat","background-position":"center center","background-size":"auto","background-attachment":"scroll","background-type":"","background-media":"","overlay-type":"","overlay-color":"","overlay-gradient":""}},"footnotes":""},"categories":[9,140,10316],"tags":[22336,3959,122940,113505,193553,50603],"class_list":["post-93784","post","type-post","status-publish","format-standard","hentry","category-ciencias-medicas","category-estomatologia-y-ortodoncia","category-patologia-por-radiacion","tag-alberto-rodriguez-archilla","tag-alejandro-ceballos-salobrena","tag-antonio-blanco-hungria","tag-gregorio-ceballos-salobrena","tag-patricia-maria-puga-guil","tag-rafael-segura-saint-gerons"],"_links":{"self":[{"href":"https:\/\/www.deberes.net\/tesis\/wp-json\/wp\/v2\/posts\/93784","targetHints":{"allow":["GET"]}}],"collection":[{"href":"https:\/\/www.deberes.net\/tesis\/wp-json\/wp\/v2\/posts"}],"about":[{"href":"https:\/\/www.deberes.net\/tesis\/wp-json\/wp\/v2\/types\/post"}],"author":[{"embeddable":true,"href":"https:\/\/www.deberes.net\/tesis\/wp-json\/wp\/v2\/users\/1"}],"replies":[{"embeddable":true,"href":"https:\/\/www.deberes.net\/tesis\/wp-json\/wp\/v2\/comments?post=93784"}],"version-history":[{"count":0,"href":"https:\/\/www.deberes.net\/tesis\/wp-json\/wp\/v2\/posts\/93784\/revisions"}],"wp:attachment":[{"href":"https:\/\/www.deberes.net\/tesis\/wp-json\/wp\/v2\/media?parent=93784"}],"wp:term":[{"taxonomy":"category","embeddable":true,"href":"https:\/\/www.deberes.net\/tesis\/wp-json\/wp\/v2\/categories?post=93784"},{"taxonomy":"post_tag","embeddable":true,"href":"https:\/\/www.deberes.net\/tesis\/wp-json\/wp\/v2\/tags?post=93784"}],"curies":[{"name":"wp","href":"https:\/\/api.w.org\/{rel}","templated":true}]}}