{"id":93813,"date":"2009-05-06T00:00:00","date_gmt":"2009-05-06T00:00:00","guid":{"rendered":"https:\/\/www.deberes.net\/tesis\/sin-categoria\/francesc-de-verntallat-senyor-de-la-muntanya-i-capita-de-remences-biografia-narrativa-al-segle-xv\/"},"modified":"2009-05-06T00:00:00","modified_gmt":"2009-05-06T00:00:00","slug":"francesc-de-verntallat-senyor-de-la-muntanya-i-capita-de-remences-biografia-narrativa-al-segle-xv","status":"publish","type":"post","link":"https:\/\/www.deberes.net\/tesis\/historia-de-la-literatura-espanola\/francesc-de-verntallat-senyor-de-la-muntanya-i-capita-de-remences-biografia-narrativa-al-segle-xv\/","title":{"rendered":"Francesc de verntallat: senyor de la muntanya i capit\u00c1\u00a0 de remences. biografia narrativa al segle xv"},"content":{"rendered":"<h2>Tesis doctoral de <strong> Miquel Freixa Serra <\/strong><\/h2>\n<p>Francesc de verntallat fue un hombre de la baja nobleza casado con una campesina de condici\u00f3n remensa en 1446. Se vio involucrado en la guerra civil catalana (1462-1472) como caudillo de los campesinos y con el apoyo de la dinastia de los trast\u00e1maras. Posteriormente actu\u00f3 apoyando las reivindicaciones sociales de los remesas. Fue nombrado viizconde de hostoles en 1474 y posteriormente desposeido del t\u00edtulo nobiliario. En 1486, impulsado por el rei fernando el cat\u00f3lico, firm\u00f3 con otros campesinos la sentencia arbitral de guadalupe que ponia de acuerdo a los se\u00f1ores y a los siervos del campo. Es considerada la primera sentencia juridica europea que puso de acuerdo a se\u00f1ores y campesinos. La tesis tiene como objetivos el estudio biografico del personaje y el contexto hist\u00ed\u00b2rico de la catalunya rural del siglo xv. Para interpretar el contexto hist\u00ed\u00b2rico se intenta huir de anteriores paradigmas historiogr\u00e1ficos muy presentes en el estudio de esta \u00e9poca y que son principalmente el romanticismo nacionalista y el materialismo hist\u00f3rico. Se busca una interpretaci\u00f3n m\u00e1s antropol\u00f3gica y cultural de los hechos. El trabajo se apoya en m\u00e1s de 300 fichas de documentos relacionados con el personaje principal y en el estudio y comprensi\u00f3n de las interpretaciones elabaradas por anteriores autores. Sigue la corriente historiogr\u00e1fica del narrativismo considerada tambi\u00e9n como un m\u00e9todo de conocimiento hist\u00f3rico.<\/p>\n<p>&nbsp;<\/p>\n<h3>Datos acad\u00e9micos de la tesis doctoral \u00ab<strong>Francesc de verntallat: senyor de la muntanya i capit\u00c1\u00a0 de remences. biografia narrativa al segle xv<\/strong>\u00ab<\/h3>\n<ul>\n<li><strong>T\u00edtulo de la tesis:<\/strong>\u00a0 Francesc de verntallat: senyor de la muntanya i capit\u00c1\u00a0 de remences. biografia narrativa al segle xv <\/li>\n<li><strong>Autor:<\/strong>\u00a0 Miquel Freixa Serra <\/li>\n<li><strong>Universidad:<\/strong>\u00a0 Internacional de catalunya<\/li>\n<li><strong>Fecha de lectura de la tesis:<\/strong>\u00a0 05\/06\/2009<\/li>\n<\/ul>\n<p>&nbsp;<\/p>\n<h3>Direcci\u00f3n y tribunal<\/h3>\n<ul>\n<li><strong>Director de la tesis<\/strong>\n<ul>\n<li>Jaume Aurell Cardona<\/li>\n<\/ul>\n<\/li>\n<li><strong>Tribunal<\/strong>\n<ul>\n<li>Presidente del tribunal: Jos\u00e9 enrique Ruiz dom\u00e9nec <\/li>\n<li>alfons (secretario) Puigarnau torell\u00f3 (vocal)<\/li>\n<li>Mar\u00eda  adela Fargas pe\u00f1arrocha (vocal)<\/li>\n<li>jaume Sobrequ\u00e9s callic\u00f3 (vocal)<\/li>\n<\/ul>\n<\/li>\n<\/ul>\n<p>&nbsp;<\/p>\n","protected":false},"excerpt":{"rendered":"<p>Tesis doctoral de Miquel Freixa Serra Francesc de verntallat fue un hombre de la baja nobleza casado con una campesina [&hellip;]<\/p>\n","protected":false},"author":1,"featured_media":0,"comment_status":"open","ping_status":"open","sticky":false,"template":"","format":"standard","meta":{"site-sidebar-layout":"default","site-content-layout":"","ast-site-content-layout":"","site-content-style":"default","site-sidebar-style":"default","ast-global-header-display":"","ast-banner-title-visibility":"","ast-main-header-display":"","ast-hfb-above-header-display":"","ast-hfb-below-header-display":"","ast-hfb-mobile-header-display":"","site-post-title":"","ast-breadcrumbs-content":"","ast-featured-img":"","footer-sml-layout":"","theme-transparent-header-meta":"","adv-header-id-meta":"","stick-header-meta":"","header-above-stick-meta":"","header-main-stick-meta":"","header-below-stick-meta":"","astra-migrate-meta-layouts":"default","ast-page-background-enabled":"default","ast-page-background-meta":{"desktop":{"background-color":"var(--ast-global-color-4)","background-image":"","background-repeat":"repeat","background-position":"center center","background-size":"auto","background-attachment":"scroll","background-type":"","background-media":"","overlay-type":"","overlay-color":"","overlay-gradient":""},"tablet":{"background-color":"","background-image":"","background-repeat":"repeat","background-position":"center center","background-size":"auto","background-attachment":"scroll","background-type":"","background-media":"","overlay-type":"","overlay-color":"","overlay-gradient":""},"mobile":{"background-color":"","background-image":"","background-repeat":"repeat","background-position":"center center","background-size":"auto","background-attachment":"scroll","background-type":"","background-media":"","overlay-type":"","overlay-color":"","overlay-gradient":""}},"ast-content-background-meta":{"desktop":{"background-color":"var(--ast-global-color-5)","background-image":"","background-repeat":"repeat","background-position":"center center","background-size":"auto","background-attachment":"scroll","background-type":"","background-media":"","overlay-type":"","overlay-color":"","overlay-gradient":""},"tablet":{"background-color":"var(--ast-global-color-5)","background-image":"","background-repeat":"repeat","background-position":"center center","background-size":"auto","background-attachment":"scroll","background-type":"","background-media":"","overlay-type":"","overlay-color":"","overlay-gradient":""},"mobile":{"background-color":"var(--ast-global-color-5)","background-image":"","background-repeat":"repeat","background-position":"center center","background-size":"auto","background-attachment":"scroll","background-type":"","background-media":"","overlay-type":"","overlay-color":"","overlay-gradient":""}},"footnotes":""},"categories":[1867,40818],"tags":[193612,19699,113005,193611,33801,193610],"class_list":["post-93813","post","type-post","status-publish","format-standard","hentry","category-historia-de-la-literatura-espanola","category-internacional-de-catalunya","tag-alfons-secretario-puigarnau-torello","tag-jaume-aurell-cardona","tag-jaume-sobreques-callico","tag-jose-enrique-ruiz-domenec","tag-maria-adela-fargas-penarrocha","tag-miquel-freixa-serra"],"_links":{"self":[{"href":"https:\/\/www.deberes.net\/tesis\/wp-json\/wp\/v2\/posts\/93813","targetHints":{"allow":["GET"]}}],"collection":[{"href":"https:\/\/www.deberes.net\/tesis\/wp-json\/wp\/v2\/posts"}],"about":[{"href":"https:\/\/www.deberes.net\/tesis\/wp-json\/wp\/v2\/types\/post"}],"author":[{"embeddable":true,"href":"https:\/\/www.deberes.net\/tesis\/wp-json\/wp\/v2\/users\/1"}],"replies":[{"embeddable":true,"href":"https:\/\/www.deberes.net\/tesis\/wp-json\/wp\/v2\/comments?post=93813"}],"version-history":[{"count":0,"href":"https:\/\/www.deberes.net\/tesis\/wp-json\/wp\/v2\/posts\/93813\/revisions"}],"wp:attachment":[{"href":"https:\/\/www.deberes.net\/tesis\/wp-json\/wp\/v2\/media?parent=93813"}],"wp:term":[{"taxonomy":"category","embeddable":true,"href":"https:\/\/www.deberes.net\/tesis\/wp-json\/wp\/v2\/categories?post=93813"},{"taxonomy":"post_tag","embeddable":true,"href":"https:\/\/www.deberes.net\/tesis\/wp-json\/wp\/v2\/tags?post=93813"}],"curies":[{"name":"wp","href":"https:\/\/api.w.org\/{rel}","templated":true}]}}