{"id":93843,"date":"2009-09-06T00:00:00","date_gmt":"2009-09-06T00:00:00","guid":{"rendered":"https:\/\/www.deberes.net\/tesis\/sin-categoria\/expresiones-de-referencia-y-figuras-retoricas-para-la-distincion-y-descripcion-de-entidades-en-discursos-generados-automaticamente\/"},"modified":"2009-09-06T00:00:00","modified_gmt":"2009-09-06T00:00:00","slug":"expresiones-de-referencia-y-figuras-retoricas-para-la-distincion-y-descripcion-de-entidades-en-discursos-generados-automaticamente","status":"publish","type":"post","link":"https:\/\/www.deberes.net\/tesis\/sin-categoria\/expresiones-de-referencia-y-figuras-retoricas-para-la-distincion-y-descripcion-de-entidades-en-discursos-generados-automaticamente\/","title":{"rendered":"Expresiones de referencia y figuras ret\u00f3ricas para la distinci\u00f3n y descripci\u00f3n de entidades en discursos generados autom\u00e1ticamente"},"content":{"rendered":"<h2>Tesis doctoral de <strong> Raquel Herv\u00e1s Ballesteros <\/strong><\/h2>\n<p>Null el campo de la interacci\u00f3n hombre-m\u00e1quina ha ido evolucionando r\u00e1pidamente en los \u00faltimos a\u00f1os, convirti\u00e9ndose en un elemento fundamental de cualquier sistema inform\u00e1tico. Si un sistema es capaz de comunicarse con un ser humano mediante interacciones  que a \u00e9ste le resulten naturales y amigables (voz, im\u00e1genes, etc.), El usuario ser\u00e1 mucho m\u00e1s perceptivo hacia la informaci\u00f3n que est\u00e1 recibiendo y tendr\u00e1 m\u00e1s confianza en la aplicaci\u00f3n.  en este sentido, un campo fundamental dentro de la interacci\u00f3 n hombre-m\u00e1quina es el de la generaci\u00f3n de lenguaje natural (gln), un subcampo de la inteligencia artificial y la ling\u00ed\u00bc\u00edstica computacional que se encarga del dise\u00f1o e implementaci\u00f3n de sistemas que producen textos comprensibles en lenguajes humanos.  Entre todos los problemas que se deben resolver para que el proceso completo de generaci\u00f3n resulte satisfactorio, se encuentra el de decidir c\u00f3mo habr\u00e1 que referirse a las entidades o elementos que aparecer\u00e1n en el texto.  la tarea de generaci\u00f3n de expresiones de referencia se encarga de resolver este problema concreto. Las diferentes menciones al mismo elemento en un texto deben ser reemplazadas por la forma espec\u00edfica en que referirse a ellas o referencias. A la hora de planificar las referen cias de un texto se deben tener en cuenta dos prop\u00f3sitos. En primer lugar, una referencia a un elemento del discurso debe permitir al lector u oyente distinguir a este elemento de cualquier otro presente en el contexto con el que se pudiera confundir . Por otro lado, en ocasiones las referencias contendr\u00e1n informaci\u00f3n que m\u00e1s all\u00e1 de la funci\u00f3n de distinguir pretendan adem\u00e1s describir las entidades a las que se refieren, presentando informaci\u00f3n relevante sobre las mismas previamente desconocida.    de estas dos funciones (distintiva y descriptiva), s\u00f3lo la primera ha sido ampliamente estudiada en la literatura. Se pueden encontrar numerosos trabajos que se encargan de abarcar el problema de la generaci\u00f3n de expresiones de referencia con func i\u00f3n distintiva estudiando aspectos como la minimalidad de una expresi\u00f3n, la semejanza de la expresi\u00f3n a las utilizadas por los seres humanos, la no ambig\u00ed\u00bcedad de la referencia generada, etc.    en cuanto a la descripci\u00f3n de entidades, aunque existen trabajos sobre generaci\u00f3n de lenguaje natural basada en descripciones, se ha realizado poco trabajo desde el punto de vista del enriquecimiento del discurso con expresiones descriptivas que adem\u00e1s realcen cierta informaci\u00f3n considerada importante, o<\/p>\n<p>&nbsp;<\/p>\n<h3>Datos acad\u00e9micos de la tesis doctoral \u00ab<strong>Expresiones de referencia y figuras ret\u00f3ricas para la distinci\u00f3n y descripci\u00f3n de entidades en discursos generados autom\u00e1ticamente<\/strong>\u00ab<\/h3>\n<ul>\n<li><strong>T\u00edtulo de la tesis:<\/strong>\u00a0 Expresiones de referencia y figuras ret\u00f3ricas para la distinci\u00f3n y descripci\u00f3n de entidades en discursos generados autom\u00e1ticamente <\/li>\n<li><strong>Autor:<\/strong>\u00a0 Raquel Herv\u00e1s Ballesteros <\/li>\n<li><strong>Universidad:<\/strong>\u00a0 Complutense de Madrid<\/li>\n<li><strong>Fecha de lectura de la tesis:<\/strong>\u00a0 09\/06\/2009<\/li>\n<\/ul>\n<p>&nbsp;<\/p>\n<h3>Direcci\u00f3n y tribunal<\/h3>\n<ul>\n<li><strong>Director de la tesis<\/strong>\n<ul>\n<li>navarro Gerv\u00e1s G\u00f3mez<\/li>\n<\/ul>\n<\/li>\n<li><strong>Tribunal<\/strong>\n<ul>\n<li>Presidente del tribunal: Francisco Colunas pereira da camara <\/li>\n<li>  (vocal)<\/li>\n<li>  (vocal)<\/li>\n<li>  (vocal)<\/li>\n<\/ul>\n<\/li>\n<\/ul>\n<p>&nbsp;<\/p>\n","protected":false},"excerpt":{"rendered":"<p>Tesis doctoral de Raquel Herv\u00e1s Ballesteros Null el campo de la interacci\u00f3n hombre-m\u00e1quina ha ido evolucionando r\u00e1pidamente en los \u00faltimos [&hellip;]<\/p>\n","protected":false},"author":1,"featured_media":0,"comment_status":"open","ping_status":"open","sticky":false,"template":"","format":"standard","meta":{"site-sidebar-layout":"default","site-content-layout":"","ast-site-content-layout":"","site-content-style":"default","site-sidebar-style":"default","ast-global-header-display":"","ast-banner-title-visibility":"","ast-main-header-display":"","ast-hfb-above-header-display":"","ast-hfb-below-header-display":"","ast-hfb-mobile-header-display":"","site-post-title":"","ast-breadcrumbs-content":"","ast-featured-img":"","footer-sml-layout":"","theme-transparent-header-meta":"","adv-header-id-meta":"","stick-header-meta":"","header-above-stick-meta":"","header-main-stick-meta":"","header-below-stick-meta":"","astra-migrate-meta-layouts":"default","ast-page-background-enabled":"default","ast-page-background-meta":{"desktop":{"background-color":"var(--ast-global-color-4)","background-image":"","background-repeat":"repeat","background-position":"center center","background-size":"auto","background-attachment":"scroll","background-type":"","background-media":"","overlay-type":"","overlay-color":"","overlay-gradient":""},"tablet":{"background-color":"","background-image":"","background-repeat":"repeat","background-position":"center center","background-size":"auto","background-attachment":"scroll","background-type":"","background-media":"","overlay-type":"","overlay-color":"","overlay-gradient":""},"mobile":{"background-color":"","background-image":"","background-repeat":"repeat","background-position":"center center","background-size":"auto","background-attachment":"scroll","background-type":"","background-media":"","overlay-type":"","overlay-color":"","overlay-gradient":""}},"ast-content-background-meta":{"desktop":{"background-color":"var(--ast-global-color-5)","background-image":"","background-repeat":"repeat","background-position":"center center","background-size":"auto","background-attachment":"scroll","background-type":"","background-media":"","overlay-type":"","overlay-color":"","overlay-gradient":""},"tablet":{"background-color":"var(--ast-global-color-5)","background-image":"","background-repeat":"repeat","background-position":"center center","background-size":"auto","background-attachment":"scroll","background-type":"","background-media":"","overlay-type":"","overlay-color":"","overlay-gradient":""},"mobile":{"background-color":"var(--ast-global-color-5)","background-image":"","background-repeat":"repeat","background-position":"center center","background-size":"auto","background-attachment":"scroll","background-type":"","background-media":"","overlay-type":"","overlay-color":"","overlay-gradient":""}},"footnotes":""},"categories":[1],"tags":[193661,141670,193660],"class_list":["post-93843","post","type-post","status-publish","format-standard","hentry","category-sin-categoria","tag-francisco-colunas-pereira-da-camara","tag-navarro-gervas-gomez","tag-raquel-hervas-ballesteros"],"_links":{"self":[{"href":"https:\/\/www.deberes.net\/tesis\/wp-json\/wp\/v2\/posts\/93843","targetHints":{"allow":["GET"]}}],"collection":[{"href":"https:\/\/www.deberes.net\/tesis\/wp-json\/wp\/v2\/posts"}],"about":[{"href":"https:\/\/www.deberes.net\/tesis\/wp-json\/wp\/v2\/types\/post"}],"author":[{"embeddable":true,"href":"https:\/\/www.deberes.net\/tesis\/wp-json\/wp\/v2\/users\/1"}],"replies":[{"embeddable":true,"href":"https:\/\/www.deberes.net\/tesis\/wp-json\/wp\/v2\/comments?post=93843"}],"version-history":[{"count":0,"href":"https:\/\/www.deberes.net\/tesis\/wp-json\/wp\/v2\/posts\/93843\/revisions"}],"wp:attachment":[{"href":"https:\/\/www.deberes.net\/tesis\/wp-json\/wp\/v2\/media?parent=93843"}],"wp:term":[{"taxonomy":"category","embeddable":true,"href":"https:\/\/www.deberes.net\/tesis\/wp-json\/wp\/v2\/categories?post=93843"},{"taxonomy":"post_tag","embeddable":true,"href":"https:\/\/www.deberes.net\/tesis\/wp-json\/wp\/v2\/tags?post=93843"}],"curies":[{"name":"wp","href":"https:\/\/api.w.org\/{rel}","templated":true}]}}