{"id":93877,"date":"2009-10-06T00:00:00","date_gmt":"2009-10-06T00:00:00","guid":{"rendered":"https:\/\/www.deberes.net\/tesis\/sin-categoria\/el-inmigrante-en-la-literatura-infantil-y-juvenil-espanola-contemporanea-1996-2006-por-una-educacion-literaria-desde-la-interculturalidad\/"},"modified":"2009-10-06T00:00:00","modified_gmt":"2009-10-06T00:00:00","slug":"el-inmigrante-en-la-literatura-infantil-y-juvenil-espanola-contemporanea-1996-2006-por-una-educacion-literaria-desde-la-interculturalidad","status":"publish","type":"post","link":"https:\/\/www.deberes.net\/tesis\/lengua-y-literatura\/el-inmigrante-en-la-literatura-infantil-y-juvenil-espanola-contemporanea-1996-2006-por-una-educacion-literaria-desde-la-interculturalidad\/","title":{"rendered":"El inmigrante en la literatura infantil y juvenil espa\u00f1ola contempor\u00e1nea (1996-2006): por una educaci\u00f3n literaria desde la interculturalidad"},"content":{"rendered":"<h2>Tesis doctoral de <strong> Noelia Ibarra Rius <\/strong><\/h2>\n<p>El principal objetivo de este trabajo es ofrecer una panor\u00e1mica general sobre un personaje fundamental de la literatura infantil y juvenil espa\u00f1ola contempor\u00e1nea (1996-2006): el inmigrante.  un estudio de estas caracter\u00edsticas permitir\u00e1 subsanar un vac\u00edo en los estudios de la lij contempor\u00e1nea, sobre todo en lo que se refiere a su evoluci\u00f3n, temas, tendencias o panoramas, de radical importancia en nuestros d\u00edas: la inmigraci\u00f3n y como consecuencia directa, el contacto entre culturas y la representaci\u00f3n literaria de la diversidad cultural, entre otras cuestiones. evidentemente, toda obra literaria refleja una determinada cosmovisi\u00f3n y responde a una forma concreta de mirar el mundo que nos rodea. En este sentido, resulta particularmente interesante y sobre todo urgente, reflexionar sobre la representaci\u00f3n literaria de la inmigraci\u00f3n que nuestra sociedad est\u00e1 generando para la infancia y la juventud, receptores ideales de esta literatura, pues desde \u00e9sta podremos conocer las claves formativas que nuestra sociedad considera fundamentales para sus futuros ciudadanos, as\u00ed como aproximarnos a las concepciones m\u00e1s arraigadas en el imaginario social para la comprensi\u00f3n de la nueva sociedad multicultural en la que estamos inmersos.  el estudio minucioso de esta figura en la lij nos revelar\u00e1 los s\u00edmbolos y estereotipos creados para la explicaci\u00f3n de la inmigraci\u00f3n a los ni\u00f1os pero tambi\u00e9n a los j\u00f3venes, futuros integrantes de la ciudadan\u00eda mediante su pr\u00f3xima mayor\u00eda de edad. El an\u00e1lisis y descripci\u00f3n de este personaje nos permitir\u00e1 aproximarnos a la comprensi\u00f3n de las im\u00e1genes que estamos legando estos lectores incipientes y desde \u00e9sta nos brindar\u00e1 la posibilidad de deconstrucci\u00f3n de los prejuicios vigentes. Estamos por tanto, ante un proyecto estrechamente relacionado no s\u00f3lo con la literatura infantil y juvenil sino tambi\u00e9n y en este sentido, con la sociedad contempor\u00e1nea, pues la comprensi\u00f3n cr\u00edtica de este personaje puede permitirnos inaugurar nuevos senderos para la investigaci\u00f3n y sobre todo, nuevas ventanas para la comprensi\u00f3n del otro de toda sociedad intercultural o no. creemos, por tanto, en la necesidad urgente de llevar a cabo una investigaci\u00f3n de estas caracter\u00edsticas, pues por una parte, nos permitir\u00e1 profundizar en el conocimiento de un personaje de vital importancia en la sociedad actual y por otra, podremos esbozar una respuesta a la diversidad cultural desde el \u00e1mbito de la did\u00e1ctica de la literatura. Adem\u00e1s, esperamos aportar nuestro granito de arena a la costosa y ardua tarea que resulta en definitiva, la investigaci\u00f3n en el \u00e1mbito de la literatura infantil y juvenil.<\/p>\n<p>&nbsp;<\/p>\n<h3>Datos acad\u00e9micos de la tesis doctoral \u00ab<strong>El inmigrante en la literatura infantil y juvenil espa\u00f1ola contempor\u00e1nea (1996-2006): por una educaci\u00f3n literaria desde la interculturalidad<\/strong>\u00ab<\/h3>\n<ul>\n<li><strong>T\u00edtulo de la tesis:<\/strong>\u00a0 El inmigrante en la literatura infantil y juvenil espa\u00f1ola contempor\u00e1nea (1996-2006): por una educaci\u00f3n literaria desde la interculturalidad <\/li>\n<li><strong>Autor:<\/strong>\u00a0 Noelia Ibarra Rius <\/li>\n<li><strong>Universidad:<\/strong>\u00a0 Universitat de val\u00e9ncia (estudi general)<\/li>\n<li><strong>Fecha de lectura de la tesis:<\/strong>\u00a0 10\/06\/2009<\/li>\n<\/ul>\n<p>&nbsp;<\/p>\n<h3>Direcci\u00f3n y tribunal<\/h3>\n<ul>\n<li><strong>Director de la tesis<\/strong>\n<ul>\n<li>Josep Ballester Roca<\/li>\n<\/ul>\n<\/li>\n<li><strong>Tribunal<\/strong>\n<ul>\n<li>Presidente del tribunal: Antonio Mendoza fillola <\/li>\n<li>Antonio Mula franco (vocal)<\/li>\n<li>eloy Martos n\u00fa\u00f1ez (vocal)<\/li>\n<li>adolfo Piquer vidal (vocal)<\/li>\n<\/ul>\n<\/li>\n<\/ul>\n<p>&nbsp;<\/p>\n","protected":false},"excerpt":{"rendered":"<p>Tesis doctoral de Noelia Ibarra Rius El principal objetivo de este trabajo es ofrecer una panor\u00e1mica general sobre un personaje [&hellip;]<\/p>\n","protected":false},"author":1,"featured_media":0,"comment_status":"open","ping_status":"open","sticky":false,"template":"","format":"standard","meta":{"site-sidebar-layout":"default","site-content-layout":"","ast-site-content-layout":"","site-content-style":"default","site-sidebar-style":"default","ast-global-header-display":"","ast-banner-title-visibility":"","ast-main-header-display":"","ast-hfb-above-header-display":"","ast-hfb-below-header-display":"","ast-hfb-mobile-header-display":"","site-post-title":"","ast-breadcrumbs-content":"","ast-featured-img":"","footer-sml-layout":"","theme-transparent-header-meta":"","adv-header-id-meta":"","stick-header-meta":"","header-above-stick-meta":"","header-main-stick-meta":"","header-below-stick-meta":"","astra-migrate-meta-layouts":"default","ast-page-background-enabled":"default","ast-page-background-meta":{"desktop":{"background-color":"var(--ast-global-color-4)","background-image":"","background-repeat":"repeat","background-position":"center center","background-size":"auto","background-attachment":"scroll","background-type":"","background-media":"","overlay-type":"","overlay-color":"","overlay-gradient":""},"tablet":{"background-color":"","background-image":"","background-repeat":"repeat","background-position":"center center","background-size":"auto","background-attachment":"scroll","background-type":"","background-media":"","overlay-type":"","overlay-color":"","overlay-gradient":""},"mobile":{"background-color":"","background-image":"","background-repeat":"repeat","background-position":"center center","background-size":"auto","background-attachment":"scroll","background-type":"","background-media":"","overlay-type":"","overlay-color":"","overlay-gradient":""}},"ast-content-background-meta":{"desktop":{"background-color":"var(--ast-global-color-5)","background-image":"","background-repeat":"repeat","background-position":"center center","background-size":"auto","background-attachment":"scroll","background-type":"","background-media":"","overlay-type":"","overlay-color":"","overlay-gradient":""},"tablet":{"background-color":"var(--ast-global-color-5)","background-image":"","background-repeat":"repeat","background-position":"center center","background-size":"auto","background-attachment":"scroll","background-type":"","background-media":"","overlay-type":"","overlay-color":"","overlay-gradient":""},"mobile":{"background-color":"var(--ast-global-color-5)","background-image":"","background-repeat":"repeat","background-position":"center center","background-size":"auto","background-attachment":"scroll","background-type":"","background-media":"","overlay-type":"","overlay-color":"","overlay-gradient":""}},"footnotes":""},"categories":[636],"tags":[51697,19750,52690,50749,169302,193714],"class_list":["post-93877","post","type-post","status-publish","format-standard","hentry","category-lengua-y-literatura","tag-adolfo-piquer-vidal","tag-antonio-mendoza-fillola","tag-antonio-mula-franco","tag-eloy-martos-nunez","tag-josep-ballester-roca","tag-noelia-ibarra-rius"],"_links":{"self":[{"href":"https:\/\/www.deberes.net\/tesis\/wp-json\/wp\/v2\/posts\/93877","targetHints":{"allow":["GET"]}}],"collection":[{"href":"https:\/\/www.deberes.net\/tesis\/wp-json\/wp\/v2\/posts"}],"about":[{"href":"https:\/\/www.deberes.net\/tesis\/wp-json\/wp\/v2\/types\/post"}],"author":[{"embeddable":true,"href":"https:\/\/www.deberes.net\/tesis\/wp-json\/wp\/v2\/users\/1"}],"replies":[{"embeddable":true,"href":"https:\/\/www.deberes.net\/tesis\/wp-json\/wp\/v2\/comments?post=93877"}],"version-history":[{"count":0,"href":"https:\/\/www.deberes.net\/tesis\/wp-json\/wp\/v2\/posts\/93877\/revisions"}],"wp:attachment":[{"href":"https:\/\/www.deberes.net\/tesis\/wp-json\/wp\/v2\/media?parent=93877"}],"wp:term":[{"taxonomy":"category","embeddable":true,"href":"https:\/\/www.deberes.net\/tesis\/wp-json\/wp\/v2\/categories?post=93877"},{"taxonomy":"post_tag","embeddable":true,"href":"https:\/\/www.deberes.net\/tesis\/wp-json\/wp\/v2\/tags?post=93877"}],"curies":[{"name":"wp","href":"https:\/\/api.w.org\/{rel}","templated":true}]}}