{"id":93892,"date":"2009-10-06T00:00:00","date_gmt":"2009-10-06T00:00:00","guid":{"rendered":"https:\/\/www.deberes.net\/tesis\/sin-categoria\/conservacion-y-consolidacion-de-los-azulejos-alicatados-una-investigacion-comparativa-entre-los-metodos-y-materiales-usados-en-iran-y-espana\/"},"modified":"2009-10-06T00:00:00","modified_gmt":"2009-10-06T00:00:00","slug":"conservacion-y-consolidacion-de-los-azulejos-alicatados-una-investigacion-comparativa-entre-los-metodos-y-materiales-usados-en-iran-y-espana","status":"publish","type":"post","link":"https:\/\/www.deberes.net\/tesis\/ciencias-de-las-artes-y-las-letras\/conservacion-y-consolidacion-de-los-azulejos-alicatados-una-investigacion-comparativa-entre-los-metodos-y-materiales-usados-en-iran-y-espana\/","title":{"rendered":"Conservaci\u00f3n y consolidaci\u00f3n de los azulejos alicatados. una investigaci\u00f3n comparativa entre los m\u00e9todos y materiales usados en ir\u00e1n y espa\u00f1a."},"content":{"rendered":"<h2>Tesis doctoral de <strong> Hossein Ahmadi <\/strong><\/h2>\n<p>En esta tesis doctoral se ha efectuado un estudio comparativo de las t\u00e9cnicas de elaboraci\u00f3n de azulejos en espa\u00f1a e ir\u00e1n, se ha efectuado la caracterizaci\u00f3n anal\u00edtica mediante microscop\u00eda \u00f3ptica, sem\/edx y votamperometr\u00eda de micropart\u00edculas de muestras originales de azulejos procedentes de mezquitas de esfahan y se ha efectuado un estudio sobre la efectividad de la incorporaci\u00f3n de resinas acr\u00edlicas y polivin\u00edlicas en yesos iranies para mejorar sus propiedades f\u00edsicas y qu\u00edmicas que ha inclu\u00eddo un amplio conjunto de ensayos normalizados aplicados sobre muestras sin envejecer y sometidas a envejecimiento acelerado.<\/p>\n<p>&nbsp;<\/p>\n<h3>Datos acad\u00e9micos de la tesis doctoral \u00ab<strong>Conservaci\u00f3n y consolidaci\u00f3n de los azulejos alicatados. una investigaci\u00f3n comparativa entre los m\u00e9todos y materiales usados en ir\u00e1n y espa\u00f1a.<\/strong>\u00ab<\/h3>\n<ul>\n<li><strong>T\u00edtulo de la tesis:<\/strong>\u00a0 Conservaci\u00f3n y consolidaci\u00f3n de los azulejos alicatados. una investigaci\u00f3n comparativa entre los m\u00e9todos y materiales usados en ir\u00e1n y espa\u00f1a. <\/li>\n<li><strong>Autor:<\/strong>\u00a0 Hossein Ahmadi <\/li>\n<li><strong>Universidad:<\/strong>\u00a0 Polit\u00e9cnica de Valencia<\/li>\n<li><strong>Fecha de lectura de la tesis:<\/strong>\u00a0 10\/06\/2009<\/li>\n<\/ul>\n<p>&nbsp;<\/p>\n<h3>Direcci\u00f3n y tribunal<\/h3>\n<ul>\n<li><strong>Director de la tesis<\/strong>\n<ul>\n<li>Mar\u00eda Pilar Roig Picazo<\/li>\n<\/ul>\n<\/li>\n<li><strong>Tribunal<\/strong>\n<ul>\n<li>Presidente del tribunal: gian luigi Colalucci <\/li>\n<li>victor Medina florez (vocal)<\/li>\n<li>Ana Garc\u00eda bueno (vocal)<\/li>\n<li>ignacio Bosch reig (vocal)<\/li>\n<\/ul>\n<\/li>\n<\/ul>\n<p>&nbsp;<\/p>\n","protected":false},"excerpt":{"rendered":"<p>Tesis doctoral de Hossein Ahmadi En esta tesis doctoral se ha efectuado un estudio comparativo de las t\u00e9cnicas de elaboraci\u00f3n [&hellip;]<\/p>\n","protected":false},"author":1,"featured_media":0,"comment_status":"open","ping_status":"open","sticky":false,"template":"","format":"standard","meta":{"site-sidebar-layout":"default","site-content-layout":"","ast-site-content-layout":"","site-content-style":"default","site-sidebar-style":"default","ast-global-header-display":"","ast-banner-title-visibility":"","ast-main-header-display":"","ast-hfb-above-header-display":"","ast-hfb-below-header-display":"","ast-hfb-mobile-header-display":"","site-post-title":"","ast-breadcrumbs-content":"","ast-featured-img":"","footer-sml-layout":"","theme-transparent-header-meta":"","adv-header-id-meta":"","stick-header-meta":"","header-above-stick-meta":"","header-main-stick-meta":"","header-below-stick-meta":"","astra-migrate-meta-layouts":"default","ast-page-background-enabled":"default","ast-page-background-meta":{"desktop":{"background-color":"var(--ast-global-color-4)","background-image":"","background-repeat":"repeat","background-position":"center center","background-size":"auto","background-attachment":"scroll","background-type":"","background-media":"","overlay-type":"","overlay-color":"","overlay-gradient":""},"tablet":{"background-color":"","background-image":"","background-repeat":"repeat","background-position":"center center","background-size":"auto","background-attachment":"scroll","background-type":"","background-media":"","overlay-type":"","overlay-color":"","overlay-gradient":""},"mobile":{"background-color":"","background-image":"","background-repeat":"repeat","background-position":"center center","background-size":"auto","background-attachment":"scroll","background-type":"","background-media":"","overlay-type":"","overlay-color":"","overlay-gradient":""}},"ast-content-background-meta":{"desktop":{"background-color":"var(--ast-global-color-5)","background-image":"","background-repeat":"repeat","background-position":"center center","background-size":"auto","background-attachment":"scroll","background-type":"","background-media":"","overlay-type":"","overlay-color":"","overlay-gradient":""},"tablet":{"background-color":"var(--ast-global-color-5)","background-image":"","background-repeat":"repeat","background-position":"center center","background-size":"auto","background-attachment":"scroll","background-type":"","background-media":"","overlay-type":"","overlay-color":"","overlay-gradient":""},"mobile":{"background-color":"var(--ast-global-color-5)","background-image":"","background-repeat":"repeat","background-position":"center center","background-size":"auto","background-attachment":"scroll","background-type":"","background-media":"","overlay-type":"","overlay-color":"","overlay-gradient":""}},"footnotes":""},"categories":[147,16820],"tags":[193737,129125,193736,61999,16866,35311],"class_list":["post-93892","post","type-post","status-publish","format-standard","hentry","category-ciencias-de-las-artes-y-las-letras","category-politecnica-de-valencia","tag-ana-garcia-bueno","tag-gian-luigi-colalucci","tag-hossein-ahmadi","tag-ignacio-bosch-reig","tag-maria-pilar-roig-picazo","tag-victor-medina-florez"],"_links":{"self":[{"href":"https:\/\/www.deberes.net\/tesis\/wp-json\/wp\/v2\/posts\/93892","targetHints":{"allow":["GET"]}}],"collection":[{"href":"https:\/\/www.deberes.net\/tesis\/wp-json\/wp\/v2\/posts"}],"about":[{"href":"https:\/\/www.deberes.net\/tesis\/wp-json\/wp\/v2\/types\/post"}],"author":[{"embeddable":true,"href":"https:\/\/www.deberes.net\/tesis\/wp-json\/wp\/v2\/users\/1"}],"replies":[{"embeddable":true,"href":"https:\/\/www.deberes.net\/tesis\/wp-json\/wp\/v2\/comments?post=93892"}],"version-history":[{"count":0,"href":"https:\/\/www.deberes.net\/tesis\/wp-json\/wp\/v2\/posts\/93892\/revisions"}],"wp:attachment":[{"href":"https:\/\/www.deberes.net\/tesis\/wp-json\/wp\/v2\/media?parent=93892"}],"wp:term":[{"taxonomy":"category","embeddable":true,"href":"https:\/\/www.deberes.net\/tesis\/wp-json\/wp\/v2\/categories?post=93892"},{"taxonomy":"post_tag","embeddable":true,"href":"https:\/\/www.deberes.net\/tesis\/wp-json\/wp\/v2\/tags?post=93892"}],"curies":[{"name":"wp","href":"https:\/\/api.w.org\/{rel}","templated":true}]}}