{"id":94030,"date":"2018-03-11T10:13:37","date_gmt":"2018-03-11T10:13:37","guid":{"rendered":""},"modified":"2018-03-11T10:13:37","modified_gmt":"2018-03-11T10:13:37","slug":"la-intervencion-del-derecho-penal-en-materia-de-bioseguridad-la-criminalizacion-de-la-actividad-empresarial-biotecnologica-de-liberacion-intencional-en-el-ambiente-con-fines-comerciales-y-de-comercia","status":"publish","type":"post","link":"https:\/\/www.deberes.net\/tesis\/derecho-penal\/la-intervencion-del-derecho-penal-en-materia-de-bioseguridad-la-criminalizacion-de-la-actividad-empresarial-biotecnologica-de-liberacion-intencional-en-el-ambiente-con-fines-comerciales-y-de-comercia\/","title":{"rendered":"La intervenci\u00f3n del derecho penal en materia de bioseguridad. la criminalizaci\u00f3n de la actividad empresarial biotecnol\u00f3gica de liberaci\u00f3n intencional en el ambiente con fines comerciales y de comercializaci\u00f3n de productos biotech."},"content":{"rendered":"<h2>Tesis doctoral de <strong> Bruno Tanus Job E Meira <\/strong><\/h2>\n<p>En el sistema de producci\u00f3n contempor\u00e1neo, la biotecnolog\u00eda se muestra como un importante instrumento para la optimizaci\u00f3n del desarrollo de diversas actividades. La expansi\u00f3n del manejo de las life sciences en la sociedad moderna, consecuentemente, ha estimulado una serie de problem\u00e1ticas que circundan las disciplinas t\u00e9cnico-cient\u00edficas; es indudable el hecho de que la biotecnolog\u00eda ha sido objeto de importantes cambios en el \u00e1mbito social, \u00e9tico, econ\u00f3mico y, necesariamente, en lo jur\u00eddico. As\u00ed, en la actualidad, las particularidades generadas por la multidisciplinariedad y los importantes impactos causados por la biotecnolog\u00eda en el \u00e1mbito jur\u00eddico, principalmente en lo atinente a la intervenci\u00f3n del derecho penal, hacen que esta tem\u00e1tica merezca una investigaci\u00f3n profundizada. De hecho, la biotecnolog\u00eda carga consigo determinadas particularidades que constri\u00f1en el derecho sancionador a adecuarse a una nueva realidad. En efecto, se vuelve interesante analizar c\u00f3mo la regulaci\u00f3n en materia de biotecnolog\u00eda pone en crisis determinados dogmas del derecho penal, pero se vuelve imprescindible, tambi\u00e9n, encontrar soluciones razonables con el objetivo de retomar la estabilidad del sistema sancionador. el objetivo general del presente trabajo reside en analizar el sistema de control del riesgo biotecnol\u00f3gico relativo a las principales actividades por las cuales se utilizan las empresas biotech en el \u00e1mbito agroalimentario, es decir, las conductas de liberaci\u00f3n en el ambiente con fines comerciales, as\u00ed como la comercializaci\u00f3n de \u00aborganismos modificados gen\u00e9ticamente\u00bb (omgs) y sus derivados. Tales actividades son consideradas como las m\u00e1s importantes en el \u00e1mbito mercantil  y, efectivamente, constituyen las conductas que, eventualmente, pueden generar peligros relevantes  para la salud humana, el ambiente y, m\u00e1s espec\u00edficamente, la biodiversidad. De hecho, los organismos biotech (como por ejemplo, una semilla transg\u00e9nica) son capaces de difundirse velozmente sea en el ambiente, sea entre sus consumidores; una modificaci\u00f3n gen\u00e9tica mal sucedida puede causar una alteraci\u00f3n gen\u00e9tica nociva (que modifica negativamente determinada combinaci\u00f3n de genes) y que puede incluso perdurar en las generaciones futuras de una especie o, lo que ser\u00eda todav\u00eda peor, puede causar la extinci\u00f3n de toda una especie.<\/p>\n<p>&nbsp;<\/p>\n<h3>Datos acad\u00e9micos de la tesis doctoral \u00ab<strong>La intervenci\u00f3n del derecho penal en materia de bioseguridad. la criminalizaci\u00f3n de la actividad empresarial biotecnol\u00f3gica de liberaci\u00f3n intencional en el ambiente con fines comerciales y de comercializaci\u00f3n de productos biotech.<\/strong>\u00ab<\/h3>\n<ul>\n<li><strong>T\u00edtulo de la tesis:<\/strong>\u00a0 La intervenci\u00f3n del derecho penal en materia de bioseguridad. la criminalizaci\u00f3n de la actividad empresarial biotecnol\u00f3gica de liberaci\u00f3n intencional en el ambiente con fines comerciales y de comercializaci\u00f3n de productos biotech. <\/li>\n<li><strong>Autor:<\/strong>\u00a0 Bruno Tanus Job E Meira <\/li>\n<li><strong>Universidad:<\/strong>\u00a0 Salamanca<\/li>\n<li><strong>Fecha de lectura de la tesis:<\/strong>\u00a0 15\/06\/2009<\/li>\n<\/ul>\n<p>&nbsp;<\/p>\n<h3>Direcci\u00f3n y tribunal<\/h3>\n<ul>\n<li><strong>Director de la tesis<\/strong>\n<ul>\n<li>M\u00aa Cristina M\u00e9ndez Rodr\u00edguez<\/li>\n<\/ul>\n<\/li>\n<li><strong>Tribunal<\/strong>\n<ul>\n<li>Presidente del tribunal: ignacio Berdugo gomez de la torre <\/li>\n<li>lorenzo Mellado ruiz (vocal)<\/li>\n<li>alessandro Melchionda (vocal)<\/li>\n<li>francesco Vigano (vocal)<\/li>\n<\/ul>\n<\/li>\n<\/ul>\n<p>&nbsp;<\/p>\n","protected":false},"excerpt":{"rendered":"<p>Tesis doctoral de Bruno Tanus Job E Meira En el sistema de producci\u00f3n contempor\u00e1neo, la biotecnolog\u00eda se muestra como un [&hellip;]<\/p>\n","protected":false},"author":1,"featured_media":0,"comment_status":"open","ping_status":"open","sticky":false,"template":"","format":"standard","meta":{"site-sidebar-layout":"default","site-content-layout":"","ast-site-content-layout":"","site-content-style":"default","site-sidebar-style":"default","ast-global-header-display":"","ast-banner-title-visibility":"","ast-main-header-display":"","ast-hfb-above-header-display":"","ast-hfb-below-header-display":"","ast-hfb-mobile-header-display":"","site-post-title":"","ast-breadcrumbs-content":"","ast-featured-img":"","footer-sml-layout":"","theme-transparent-header-meta":"","adv-header-id-meta":"","stick-header-meta":"","header-above-stick-meta":"","header-main-stick-meta":"","header-below-stick-meta":"","astra-migrate-meta-layouts":"default","ast-page-background-enabled":"default","ast-page-background-meta":{"desktop":{"background-color":"var(--ast-global-color-4)","background-image":"","background-repeat":"repeat","background-position":"center center","background-size":"auto","background-attachment":"scroll","background-type":"","background-media":"","overlay-type":"","overlay-color":"","overlay-gradient":""},"tablet":{"background-color":"","background-image":"","background-repeat":"repeat","background-position":"center center","background-size":"auto","background-attachment":"scroll","background-type":"","background-media":"","overlay-type":"","overlay-color":"","overlay-gradient":""},"mobile":{"background-color":"","background-image":"","background-repeat":"repeat","background-position":"center center","background-size":"auto","background-attachment":"scroll","background-type":"","background-media":"","overlay-type":"","overlay-color":"","overlay-gradient":""}},"ast-content-background-meta":{"desktop":{"background-color":"var(--ast-global-color-5)","background-image":"","background-repeat":"repeat","background-position":"center center","background-size":"auto","background-attachment":"scroll","background-type":"","background-media":"","overlay-type":"","overlay-color":"","overlay-gradient":""},"tablet":{"background-color":"var(--ast-global-color-5)","background-image":"","background-repeat":"repeat","background-position":"center center","background-size":"auto","background-attachment":"scroll","background-type":"","background-media":"","overlay-type":"","overlay-color":"","overlay-gradient":""},"mobile":{"background-color":"var(--ast-global-color-5)","background-image":"","background-repeat":"repeat","background-position":"center center","background-size":"auto","background-attachment":"scroll","background-type":"","background-media":"","overlay-type":"","overlay-color":"","overlay-gradient":""}},"footnotes":""},"categories":[1442,4927,613,5964,9386],"tags":[193989,193988,193990,875,127422,63749],"class_list":["post-94030","post","type-post","status-publish","format-standard","hentry","category-derecho-administrativo","category-derecho-comparado","category-derecho-penal","category-derecho-publico","category-salamanca","tag-alessandro-melchionda","tag-bruno-tanus-job-e-meira","tag-francesco-vigano","tag-ignacio-berdugo-gomez-de-la-torre","tag-lorenzo-mellado-ruiz","tag-ma-cristina-mendez-rodriguez"],"_links":{"self":[{"href":"https:\/\/www.deberes.net\/tesis\/wp-json\/wp\/v2\/posts\/94030","targetHints":{"allow":["GET"]}}],"collection":[{"href":"https:\/\/www.deberes.net\/tesis\/wp-json\/wp\/v2\/posts"}],"about":[{"href":"https:\/\/www.deberes.net\/tesis\/wp-json\/wp\/v2\/types\/post"}],"author":[{"embeddable":true,"href":"https:\/\/www.deberes.net\/tesis\/wp-json\/wp\/v2\/users\/1"}],"replies":[{"embeddable":true,"href":"https:\/\/www.deberes.net\/tesis\/wp-json\/wp\/v2\/comments?post=94030"}],"version-history":[{"count":0,"href":"https:\/\/www.deberes.net\/tesis\/wp-json\/wp\/v2\/posts\/94030\/revisions"}],"wp:attachment":[{"href":"https:\/\/www.deberes.net\/tesis\/wp-json\/wp\/v2\/media?parent=94030"}],"wp:term":[{"taxonomy":"category","embeddable":true,"href":"https:\/\/www.deberes.net\/tesis\/wp-json\/wp\/v2\/categories?post=94030"},{"taxonomy":"post_tag","embeddable":true,"href":"https:\/\/www.deberes.net\/tesis\/wp-json\/wp\/v2\/tags?post=94030"}],"curies":[{"name":"wp","href":"https:\/\/api.w.org\/{rel}","templated":true}]}}