{"id":94041,"date":"2018-03-11T10:13:37","date_gmt":"2018-03-11T10:13:37","guid":{"rendered":""},"modified":"2018-03-11T10:13:37","modified_gmt":"2018-03-11T10:13:37","slug":"la-formacion-multimedia-del-profesorado-universitario-en-el-proceso-de-integracion-curricular-de-las-tic-estudio-de-caso-pontificia-universidad-catolica-madre-y-maestra-campus-santiago-de-los-cabal","status":"publish","type":"post","link":"https:\/\/www.deberes.net\/tesis\/preparacion-de-profesores\/la-formacion-multimedia-del-profesorado-universitario-en-el-proceso-de-integracion-curricular-de-las-tic-estudio-de-caso-pontificia-universidad-catolica-madre-y-maestra-campus-santiago-de-los-cabal\/","title":{"rendered":"La formaci\u00f3n multimedia del profesorado universitario en el proceso de integraci\u00f3n curricular de las tic. estudio de caso: pontificia universidad cat\u00f3lica madre y maestra, campus santiago de los caballeros."},"content":{"rendered":"<h2>Tesis doctoral de <strong> Eduardo Rafael Baez Jorge <\/strong><\/h2>\n<p>La tesis doctoral, realizada en el contexto de la universidad dominicana, tiene como objetivo fundamental el valorar la formaci\u00f3n multimedia del profesorado universitario en el proceso de integraci\u00f3n curricular de las tic (incutic). El dise\u00f1o metodol\u00f3gico sigue las pautas de trabajo del multim\u00e9todo donde converge la investigaci\u00f3n cuantitativa (cuestionario) con la investigaci\u00f3n cualitativa (entrevistas, ficha de observaci\u00f3n, fotograf\u00edas y grupos de discusi\u00f3n). En el estudio queda mostrado, explicado y confirmado que sin una formaci\u00f3n multimedia del profesorado resulta infructuosa toda acci\u00f3n encaminada a trabajar con las tic en el quehacer acad\u00e9mico del mundo universitario. Sus actitudes les llevan a establecer determinadas relaciones con las tic. Ellas se ponen en evidencia al constatar los niveles de formaci\u00f3n multimedia del docente en su triple dimensi\u00f3n: t\u00e9cnica, did\u00e1ctica y cr\u00edtica. Tambi\u00e9n se considera la importancia que tienen la visi\u00f3n y la pol\u00edtica de las autoridades universitarias con el fin de desarrollar la incutic. Destac\u00e1ndose la atenci\u00f3n que ofrecen a las necesidades formativas del profesorado y su estrategia de administrar el cambio tecnol\u00f3gico en la instituci\u00f3n. Adem\u00e1s, no menos importante resulta la infraestructura f\u00edsica y tecnol\u00f3gica de la universidad, que es donde se concretiza la pol\u00edtica de las autoridades con respecto a la dotaci\u00f3n de equipos y materiales tecnol\u00f3gicos. A la luz de la informaci\u00f3n recogida, analizada, interpretada, contrastada y comparada se formulan y se proponen l\u00edneas estrat\u00e9gicas de acci\u00f3n con miras a superar los escollos y las cortapisas detectadas en el problema estudiado. De igual forma se plantean las l\u00edneas de investigaci\u00f3n que se abren a partir de la realizada.<\/p>\n<p>&nbsp;<\/p>\n<h3>Datos acad\u00e9micos de la tesis doctoral \u00ab<strong>La formaci\u00f3n multimedia del profesorado universitario en el proceso de integraci\u00f3n curricular de las tic. estudio de caso: pontificia universidad cat\u00f3lica madre y maestra, campus santiago de los caballeros.<\/strong>\u00ab<\/h3>\n<ul>\n<li><strong>T\u00edtulo de la tesis:<\/strong>\u00a0 La formaci\u00f3n multimedia del profesorado universitario en el proceso de integraci\u00f3n curricular de las tic. estudio de caso: pontificia universidad cat\u00f3lica madre y maestra, campus santiago de los caballeros. <\/li>\n<li><strong>Autor:<\/strong>\u00a0 Eduardo Rafael Baez Jorge <\/li>\n<li><strong>Universidad:<\/strong>\u00a0 Salamanca<\/li>\n<li><strong>Fecha de lectura de la tesis:<\/strong>\u00a0 15\/06\/2009<\/li>\n<\/ul>\n<p>&nbsp;<\/p>\n<h3>Direcci\u00f3n y tribunal<\/h3>\n<ul>\n<li><strong>Director de la tesis<\/strong>\n<ul>\n<li>Francisco Javier Tejedor Tejedor<\/li>\n<\/ul>\n<\/li>\n<li><strong>Tribunal<\/strong>\n<ul>\n<li>Presidente del tribunal: joaquin Garcia carrasco <\/li>\n<li>julio Barroso osuna (vocal)<\/li>\n<li>Luis Carro sancristobal (vocal)<\/li>\n<li>Mar\u00eda Luisa Sevillano Garc\u00eda (vocal)<\/li>\n<\/ul>\n<\/li>\n<\/ul>\n<p>&nbsp;<\/p>\n","protected":false},"excerpt":{"rendered":"<p>Tesis doctoral de Eduardo Rafael Baez Jorge La tesis doctoral, realizada en el contexto de la universidad dominicana, tiene como [&hellip;]<\/p>\n","protected":false},"author":1,"featured_media":0,"comment_status":"open","ping_status":"open","sticky":false,"template":"","format":"standard","meta":{"site-sidebar-layout":"default","site-content-layout":"","ast-site-content-layout":"","site-content-style":"default","site-sidebar-style":"default","ast-global-header-display":"","ast-banner-title-visibility":"","ast-main-header-display":"","ast-hfb-above-header-display":"","ast-hfb-below-header-display":"","ast-hfb-mobile-header-display":"","site-post-title":"","ast-breadcrumbs-content":"","ast-featured-img":"","footer-sml-layout":"","theme-transparent-header-meta":"","adv-header-id-meta":"","stick-header-meta":"","header-above-stick-meta":"","header-main-stick-meta":"","header-below-stick-meta":"","astra-migrate-meta-layouts":"default","ast-page-background-enabled":"default","ast-page-background-meta":{"desktop":{"background-color":"var(--ast-global-color-4)","background-image":"","background-repeat":"repeat","background-position":"center center","background-size":"auto","background-attachment":"scroll","background-type":"","background-media":"","overlay-type":"","overlay-color":"","overlay-gradient":""},"tablet":{"background-color":"","background-image":"","background-repeat":"repeat","background-position":"center center","background-size":"auto","background-attachment":"scroll","background-type":"","background-media":"","overlay-type":"","overlay-color":"","overlay-gradient":""},"mobile":{"background-color":"","background-image":"","background-repeat":"repeat","background-position":"center center","background-size":"auto","background-attachment":"scroll","background-type":"","background-media":"","overlay-type":"","overlay-color":"","overlay-gradient":""}},"ast-content-background-meta":{"desktop":{"background-color":"var(--ast-global-color-5)","background-image":"","background-repeat":"repeat","background-position":"center center","background-size":"auto","background-attachment":"scroll","background-type":"","background-media":"","overlay-type":"","overlay-color":"","overlay-gradient":""},"tablet":{"background-color":"var(--ast-global-color-5)","background-image":"","background-repeat":"repeat","background-position":"center center","background-size":"auto","background-attachment":"scroll","background-type":"","background-media":"","overlay-type":"","overlay-color":"","overlay-gradient":""},"mobile":{"background-color":"var(--ast-global-color-5)","background-image":"","background-repeat":"repeat","background-position":"center center","background-size":"auto","background-attachment":"scroll","background-type":"","background-media":"","overlay-type":"","overlay-color":"","overlay-gradient":""}},"footnotes":""},"categories":[2623,7611,1340,1288,9386],"tags":[194010,9828,9442,71750,62395,6263],"class_list":["post-94041","post","type-post","status-publish","format-standard","hentry","category-educacion-basica","category-organizacion-y-direccion-de-las-instituciones-educativas","category-planes-de-estudios","category-preparacion-de-profesores","category-salamanca","tag-eduardo-rafael-baez-jorge","tag-francisco-javier-tejedor-tejedor","tag-joaquin-garcia-carrasco","tag-julio-barroso-osuna","tag-luis-carro-sancristobal","tag-maria-luisa-sevillano-garcia"],"_links":{"self":[{"href":"https:\/\/www.deberes.net\/tesis\/wp-json\/wp\/v2\/posts\/94041","targetHints":{"allow":["GET"]}}],"collection":[{"href":"https:\/\/www.deberes.net\/tesis\/wp-json\/wp\/v2\/posts"}],"about":[{"href":"https:\/\/www.deberes.net\/tesis\/wp-json\/wp\/v2\/types\/post"}],"author":[{"embeddable":true,"href":"https:\/\/www.deberes.net\/tesis\/wp-json\/wp\/v2\/users\/1"}],"replies":[{"embeddable":true,"href":"https:\/\/www.deberes.net\/tesis\/wp-json\/wp\/v2\/comments?post=94041"}],"version-history":[{"count":0,"href":"https:\/\/www.deberes.net\/tesis\/wp-json\/wp\/v2\/posts\/94041\/revisions"}],"wp:attachment":[{"href":"https:\/\/www.deberes.net\/tesis\/wp-json\/wp\/v2\/media?parent=94041"}],"wp:term":[{"taxonomy":"category","embeddable":true,"href":"https:\/\/www.deberes.net\/tesis\/wp-json\/wp\/v2\/categories?post=94041"},{"taxonomy":"post_tag","embeddable":true,"href":"https:\/\/www.deberes.net\/tesis\/wp-json\/wp\/v2\/tags?post=94041"}],"curies":[{"name":"wp","href":"https:\/\/api.w.org\/{rel}","templated":true}]}}