{"id":94050,"date":"2018-03-11T10:13:37","date_gmt":"2018-03-11T10:13:37","guid":{"rendered":"https:\/\/www.deberes.net\/tesis\/sin-categoria\/la-conca-lignita%c2%adfera-de-mequinesa-ebre-segre-una-societat-rural-minera-1860-1950\/"},"modified":"2018-03-11T10:13:37","modified_gmt":"2018-03-11T10:13:37","slug":"la-conca-lignita%c2%adfera-de-mequinesa-ebre-segre-una-societat-rural-minera-1860-1950","status":"publish","type":"post","link":"https:\/\/www.deberes.net\/tesis\/historia-regional\/la-conca-lignita%c2%adfera-de-mequinesa-ebre-segre-una-societat-rural-minera-1860-1950\/","title":{"rendered":"La conca lignit\u00edfera de mequinesa (ebre\/segre). una societat rural minera (1860-1950)"},"content":{"rendered":"<h2>Tesis doctoral de <strong> Jaime David Fullola Fuster <\/strong><\/h2>\n<p>Esta investigaci\u00f3n pretende realizar un estudio espec\u00edfico sobre una zona de car\u00e1cter rural pero con unas caracter\u00edsticas propias vinculadas a la extracci\u00f3n de lignito des de mediados del siglo xix. El desarrollo de esta actividad en un territorio fronterizo entre arag\u00f3n y catalu\u00f1a (cuenca de mequinenza) durante m\u00e1s de un siglo ha constituido el n\u00facleo central de esta investigaci\u00f3n, a partir del cual se ha intentado analizar la incidencia de este espacio en una industria dependiente de los combustibles s\u00f3lidos, como ser\u00eda la catalana. Su ubicaci\u00f3n, entre las provincias de huesca, zaragoza, l\u00e9rida y tarragona y su relativa cercan\u00eda a los mercados catalanes, ha permitido la continuidad de un territorio carbon\u00edfero que hist\u00f3ricamente se ha visto afectado por la calidad del mineral que lo contiene. el excesivo contenido en azufre del lignito negro o hulla subbituminosa (mineral que se explota en diversos puntos de la cuenca minera), ha determinado los usos de esta tipolog\u00eda de carb\u00f3n, que no puede hacer frente a calidades superiores como la hulla asturiana o la inglesa. La necesidad de aprovechamiento de este mineral por medio de la destilaci\u00f3n ha marcado la historia de una cuenca minera que ha tendido a la exportaci\u00f3n para poder garantizar una demanda significativa. Pero, la falta de iniciativas desde la administraci\u00f3n y las altas esferas de la pol\u00edtica carbon\u00edfera (fracaso en la construcci\u00f3n del enlace ferroviario con la estaci\u00f3n de fay\u00f3n), no permiti\u00f3 la consolidaci\u00f3n definitiva de un \u00e1rea extractiva que desde sus inicios hab\u00eda estado ciertamente aislada. En este sentido la navegaci\u00f3n fluvial y el estudio de su relaci\u00f3n con la mineria constituye un elemento fundamental para entender la gran dependencia del comercio de lignitos de la red fluvial segre-ebro. A\u00fan as\u00ed, el estudio realizado certifica que se trata de una de las cuencas de lignito m\u00e1s importantes de todo el territorio nacional a lo largo de su historia industrial y minera, junto con barcelona (berga-calaf) y teruel, con lo cual no pueden despreciarse sus potencialidades.  el extenso recorrido hist\u00f3rico, social y econ\u00f3mico elaborado nos ha permitido conocer tambi\u00e9n las transformaciones originadas en una regi\u00f3n agraria con unos comportamientos alterados por la introducci\u00f3n de la mineria del lignito. La gran trascendencia que alcanz\u00f3 la cuenca ebro\/segre en determinadas coyunturas como la primera y segunda guerra mundial, etapas en que la din\u00e1mica de los mercados carbon\u00edferos quedaba alterada, manifiesta la necesidad de dar respuestas al fuerte impacto que tuvo la consolidaci\u00f3n de la mineria en un territorio ciertamente aislado, pero con un car\u00e1cter diferenciador y hist\u00f3ricamente vinculado a la navegaci\u00f3n fluvial. Desde esta perspectiva se ha intentado elaborar un an\u00e1lisis de territorio que abarcara un per\u00edodo de casi 100 a\u00f1os (1860-1950) y que examinara la cuenca de mequinenza como una realidad social y econ\u00f3mica, pero tambi\u00e9n cultural, geol\u00f3gica y demogr\u00e1fica.<\/p>\n<p>&nbsp;<\/p>\n<h3>Datos acad\u00e9micos de la tesis doctoral \u00ab<strong>La conca lignit\u00edfera de mequinesa (ebre\/segre). una societat rural minera (1860-1950)<\/strong>\u00ab<\/h3>\n<ul>\n<li><strong>T\u00edtulo de la tesis:<\/strong>\u00a0 La conca lignit\u00edfera de mequinesa (ebre\/segre). una societat rural minera (1860-1950) <\/li>\n<li><strong>Autor:<\/strong>\u00a0 Jaime David Fullola Fuster <\/li>\n<li><strong>Universidad:<\/strong>\u00a0 Lleida<\/li>\n<li><strong>Fecha de lectura de la tesis:<\/strong>\u00a0 16\/06\/2009<\/li>\n<\/ul>\n<p>&nbsp;<\/p>\n<h3>Direcci\u00f3n y tribunal<\/h3>\n<ul>\n<li><strong>Director de la tesis<\/strong>\n<ul>\n<li>Enric Vicedo Rius<\/li>\n<\/ul>\n<\/li>\n<li><strong>Tribunal<\/strong>\n<ul>\n<li>Presidente del tribunal: rafael Anes alvarez <\/li>\n<li>josep Mar\u00eda Mata perell\u00f3 (vocal)<\/li>\n<li>pere Pascual domenech (vocal)<\/li>\n<li>joan Baro llinas (vocal)<\/li>\n<\/ul>\n<\/li>\n<\/ul>\n<p>&nbsp;<\/p>\n","protected":false},"excerpt":{"rendered":"<p>Tesis doctoral de Jaime David Fullola Fuster Esta investigaci\u00f3n pretende realizar un estudio espec\u00edfico sobre una zona de car\u00e1cter rural [&hellip;]<\/p>\n","protected":false},"author":1,"featured_media":0,"comment_status":"open","ping_status":"open","sticky":false,"template":"","format":"standard","meta":{"site-sidebar-layout":"default","site-content-layout":"","ast-site-content-layout":"","site-content-style":"default","site-sidebar-style":"default","ast-global-header-display":"","ast-banner-title-visibility":"","ast-main-header-display":"","ast-hfb-above-header-display":"","ast-hfb-below-header-display":"","ast-hfb-mobile-header-display":"","site-post-title":"","ast-breadcrumbs-content":"","ast-featured-img":"","footer-sml-layout":"","theme-transparent-header-meta":"","adv-header-id-meta":"","stick-header-meta":"","header-above-stick-meta":"","header-main-stick-meta":"","header-below-stick-meta":"","astra-migrate-meta-layouts":"default","ast-page-background-enabled":"default","ast-page-background-meta":{"desktop":{"background-color":"var(--ast-global-color-4)","background-image":"","background-repeat":"repeat","background-position":"center center","background-size":"auto","background-attachment":"scroll","background-type":"","background-media":"","overlay-type":"","overlay-color":"","overlay-gradient":""},"tablet":{"background-color":"","background-image":"","background-repeat":"repeat","background-position":"center center","background-size":"auto","background-attachment":"scroll","background-type":"","background-media":"","overlay-type":"","overlay-color":"","overlay-gradient":""},"mobile":{"background-color":"","background-image":"","background-repeat":"repeat","background-position":"center center","background-size":"auto","background-attachment":"scroll","background-type":"","background-media":"","overlay-type":"","overlay-color":"","overlay-gradient":""}},"ast-content-background-meta":{"desktop":{"background-color":"var(--ast-global-color-5)","background-image":"","background-repeat":"repeat","background-position":"center center","background-size":"auto","background-attachment":"scroll","background-type":"","background-media":"","overlay-type":"","overlay-color":"","overlay-gradient":""},"tablet":{"background-color":"var(--ast-global-color-5)","background-image":"","background-repeat":"repeat","background-position":"center center","background-size":"auto","background-attachment":"scroll","background-type":"","background-media":"","overlay-type":"","overlay-color":"","overlay-gradient":""},"mobile":{"background-color":"var(--ast-global-color-5)","background-image":"","background-repeat":"repeat","background-position":"center center","background-size":"auto","background-attachment":"scroll","background-type":"","background-media":"","overlay-type":"","overlay-color":"","overlay-gradient":""}},"footnotes":""},"categories":[25242,1816,981,18842,9101],"tags":[70802,194021,18858,44057,29107,9060],"class_list":["post-94050","post","type-post","status-publish","format-standard","hentry","category-geologia-del-carbon","category-historia-contemporanea","category-historia-regional","category-lleida","category-mineria-del-carbon","tag-enric-vicedo-rius","tag-jaime-david-fullola-fuster","tag-joan-baro-llinas","tag-josep-maria-mata-perello","tag-pere-pascual-domenech","tag-rafael-anes-alvarez"],"_links":{"self":[{"href":"https:\/\/www.deberes.net\/tesis\/wp-json\/wp\/v2\/posts\/94050","targetHints":{"allow":["GET"]}}],"collection":[{"href":"https:\/\/www.deberes.net\/tesis\/wp-json\/wp\/v2\/posts"}],"about":[{"href":"https:\/\/www.deberes.net\/tesis\/wp-json\/wp\/v2\/types\/post"}],"author":[{"embeddable":true,"href":"https:\/\/www.deberes.net\/tesis\/wp-json\/wp\/v2\/users\/1"}],"replies":[{"embeddable":true,"href":"https:\/\/www.deberes.net\/tesis\/wp-json\/wp\/v2\/comments?post=94050"}],"version-history":[{"count":0,"href":"https:\/\/www.deberes.net\/tesis\/wp-json\/wp\/v2\/posts\/94050\/revisions"}],"wp:attachment":[{"href":"https:\/\/www.deberes.net\/tesis\/wp-json\/wp\/v2\/media?parent=94050"}],"wp:term":[{"taxonomy":"category","embeddable":true,"href":"https:\/\/www.deberes.net\/tesis\/wp-json\/wp\/v2\/categories?post=94050"},{"taxonomy":"post_tag","embeddable":true,"href":"https:\/\/www.deberes.net\/tesis\/wp-json\/wp\/v2\/tags?post=94050"}],"curies":[{"name":"wp","href":"https:\/\/api.w.org\/{rel}","templated":true}]}}