{"id":94060,"date":"2018-03-11T10:13:37","date_gmt":"2018-03-11T10:13:37","guid":{"rendered":"https:\/\/www.deberes.net\/tesis\/sin-categoria\/generacion-de-nuevas-propuestas-de-alojamiento-para-personas-con-discapacidad-intelectual\/"},"modified":"2018-03-11T10:13:37","modified_gmt":"2018-03-11T10:13:37","slug":"generacion-de-nuevas-propuestas-de-alojamiento-para-personas-con-discapacidad-intelectual","status":"publish","type":"post","link":"https:\/\/www.deberes.net\/tesis\/psicologia-de-la-anormalidad\/generacion-de-nuevas-propuestas-de-alojamiento-para-personas-con-discapacidad-intelectual\/","title":{"rendered":"Generaci\u00f3n de nuevas propuestas de alojamiento para personas con discapacidad intelectual"},"content":{"rendered":"<h2>Tesis doctoral de <strong> Ana Castro Zubizarreta <\/strong><\/h2>\n<p>El objetivo de este trabajo es realizar la transici\u00f3n de un sistema de atenci\u00f3n residencial a la persona con discapacidad intelectual basado en el asistencialismo, en el que las personas eran distribuidas en pabellones de 30 usuarios seg\u00fan su grado de retraso mental, diferenciados por el sexo, en habitaciones de cinco personas y la consideraci\u00f3n de \u00e9stas como sujetos pasivos; a un nuevo modelo de alojamiento, configurado a trav\u00e9s de viviendas que giran en torno a la persona, a sus derechos y la mejora de la calidad de vida.  el trabajo consisti\u00f3 en otorgar mayor autonom\u00eda a sus ocupantes, disminuir los problemas de conducta y ampliar y\/o potenciar el repertorio de destrezas adaptativas, obviado bajo el paradigma anterior vigente en la entidad objeto del presente trabajo, facilitando el desarrollo integral de las personas, y repercutiendo de forma positiva en su calidad de vida. de esta experiencia se han beneficiado 63 personas con discapacidad intelectual. La muestra recibe una intervenci\u00f3n basada en la mejora de las condiciones ambientales, la aplicaci\u00f3n de los programas elaborados para las viviendas, la elaboraci\u00f3n e implementaci\u00f3n de una programaci\u00f3n individual. A todos los participantes en la investigaci\u00f3n se les realiza una evaluaci\u00f3n pre  intervenci\u00f3n (2004), antes del paso a las nuevas viviendas, y una evaluaci\u00f3n post- intervenci\u00f3n (2007), con los instrumentos seleccionados (icap y cals). Adem\u00e1s, a todos los integrantes de la muestra se les realiza evaluaciones de seguimiento intermedias, de car\u00e1cter trimestral a trav\u00e9s de registros propios que ayudaban a tener metas a corto plazo, motivar a los profesionales y proporcionar un feedback continuo sobre la evoluci\u00f3n del usuario. la experiencia de la creaci\u00f3n de viviendas convivenciales para personas con discapacidad intelectual que, ofrece resultados importantes; se confirma un aumento de las destrezas adaptativas de los sujetos que componen la muestra con independencia de la edad y una mejora de los problemas de conducta que se planteaban bajo el modelo anterior. El trabajo pone de manifiesto que es posible trabajar de otra forma. Trabajar como apoyos de la persona con discapacidad y no como expertos que dirigen sus vidas. En definitiva, trabajar respetando los derechos m\u00e1s b\u00e1sicos de las personas que nos dan trabajo.<\/p>\n<p>&nbsp;<\/p>\n<h3>Datos acad\u00e9micos de la tesis doctoral \u00ab<strong>Generaci\u00f3n de nuevas propuestas de alojamiento para personas con discapacidad intelectual<\/strong>\u00ab<\/h3>\n<ul>\n<li><strong>T\u00edtulo de la tesis:<\/strong>\u00a0 Generaci\u00f3n de nuevas propuestas de alojamiento para personas con discapacidad intelectual <\/li>\n<li><strong>Autor:<\/strong>\u00a0 Ana Castro Zubizarreta <\/li>\n<li><strong>Universidad:<\/strong>\u00a0 Deusto<\/li>\n<li><strong>Fecha de lectura de la tesis:<\/strong>\u00a0 16\/06\/2009<\/li>\n<\/ul>\n<p>&nbsp;<\/p>\n<h3>Direcci\u00f3n y tribunal<\/h3>\n<ul>\n<li><strong>Director de la tesis<\/strong>\n<ul>\n<li>Luis De Nicolas Martinez<\/li>\n<\/ul>\n<\/li>\n<li><strong>Tribunal<\/strong>\n<ul>\n<li>Presidente del tribunal: florencio Vicente castro <\/li>\n<li>Miguel Garcia fuentes (vocal)<\/li>\n<li>Manuel L\u00f3pez torrijo (vocal)<\/li>\n<li>inmanol Amayra caro (vocal)<\/li>\n<\/ul>\n<\/li>\n<\/ul>\n<p>&nbsp;<\/p>\n","protected":false},"excerpt":{"rendered":"<p>Tesis doctoral de Ana Castro Zubizarreta El objetivo de este trabajo es realizar la transici\u00f3n de un sistema de atenci\u00f3n [&hellip;]<\/p>\n","protected":false},"author":1,"featured_media":0,"comment_status":"open","ping_status":"open","sticky":false,"template":"","format":"standard","meta":{"site-sidebar-layout":"default","site-content-layout":"","ast-site-content-layout":"","site-content-style":"default","site-sidebar-style":"default","ast-global-header-display":"","ast-banner-title-visibility":"","ast-main-header-display":"","ast-hfb-above-header-display":"","ast-hfb-below-header-display":"","ast-hfb-mobile-header-display":"","site-post-title":"","ast-breadcrumbs-content":"","ast-featured-img":"","footer-sml-layout":"","theme-transparent-header-meta":"","adv-header-id-meta":"","stick-header-meta":"","header-above-stick-meta":"","header-main-stick-meta":"","header-below-stick-meta":"","astra-migrate-meta-layouts":"default","ast-page-background-enabled":"default","ast-page-background-meta":{"desktop":{"background-color":"var(--ast-global-color-4)","background-image":"","background-repeat":"repeat","background-position":"center center","background-size":"auto","background-attachment":"scroll","background-type":"","background-media":"","overlay-type":"","overlay-color":"","overlay-gradient":""},"tablet":{"background-color":"","background-image":"","background-repeat":"repeat","background-position":"center center","background-size":"auto","background-attachment":"scroll","background-type":"","background-media":"","overlay-type":"","overlay-color":"","overlay-gradient":""},"mobile":{"background-color":"","background-image":"","background-repeat":"repeat","background-position":"center center","background-size":"auto","background-attachment":"scroll","background-type":"","background-media":"","overlay-type":"","overlay-color":"","overlay-gradient":""}},"ast-content-background-meta":{"desktop":{"background-color":"var(--ast-global-color-5)","background-image":"","background-repeat":"repeat","background-position":"center center","background-size":"auto","background-attachment":"scroll","background-type":"","background-media":"","overlay-type":"","overlay-color":"","overlay-gradient":""},"tablet":{"background-color":"var(--ast-global-color-5)","background-image":"","background-repeat":"repeat","background-position":"center center","background-size":"auto","background-attachment":"scroll","background-type":"","background-media":"","overlay-type":"","overlay-color":"","overlay-gradient":""},"mobile":{"background-color":"var(--ast-global-color-5)","background-image":"","background-repeat":"repeat","background-position":"center center","background-size":"auto","background-attachment":"scroll","background-type":"","background-media":"","overlay-type":"","overlay-color":"","overlay-gradient":""}},"footnotes":""},"categories":[31910,961,2758],"tags":[194037,7144,148076,28091,52194,10555],"class_list":["post-94060","post","type-post","status-publish","format-standard","hentry","category-deusto","category-psicologia-de-la-anormalidad","category-psicologia-evolutiva","tag-ana-castro-zubizarreta","tag-florencio-vicente-castro","tag-inmanol-amayra-caro","tag-luis-de-nicolas-Martinez","tag-manuel-lopez-torrijo","tag-miguel-garcia-fuentes"],"_links":{"self":[{"href":"https:\/\/www.deberes.net\/tesis\/wp-json\/wp\/v2\/posts\/94060","targetHints":{"allow":["GET"]}}],"collection":[{"href":"https:\/\/www.deberes.net\/tesis\/wp-json\/wp\/v2\/posts"}],"about":[{"href":"https:\/\/www.deberes.net\/tesis\/wp-json\/wp\/v2\/types\/post"}],"author":[{"embeddable":true,"href":"https:\/\/www.deberes.net\/tesis\/wp-json\/wp\/v2\/users\/1"}],"replies":[{"embeddable":true,"href":"https:\/\/www.deberes.net\/tesis\/wp-json\/wp\/v2\/comments?post=94060"}],"version-history":[{"count":0,"href":"https:\/\/www.deberes.net\/tesis\/wp-json\/wp\/v2\/posts\/94060\/revisions"}],"wp:attachment":[{"href":"https:\/\/www.deberes.net\/tesis\/wp-json\/wp\/v2\/media?parent=94060"}],"wp:term":[{"taxonomy":"category","embeddable":true,"href":"https:\/\/www.deberes.net\/tesis\/wp-json\/wp\/v2\/categories?post=94060"},{"taxonomy":"post_tag","embeddable":true,"href":"https:\/\/www.deberes.net\/tesis\/wp-json\/wp\/v2\/tags?post=94060"}],"curies":[{"name":"wp","href":"https:\/\/api.w.org\/{rel}","templated":true}]}}