{"id":94142,"date":"2018-03-11T10:13:46","date_gmt":"2018-03-11T10:13:46","guid":{"rendered":"https:\/\/www.deberes.net\/tesis\/sin-categoria\/la-relacion-entre-la-comunicacion-familiar-y-los-sa%c2%adntomas-psicosomaticos-de-los-hijos\/"},"modified":"2018-03-11T10:13:46","modified_gmt":"2018-03-11T10:13:46","slug":"la-relacion-entre-la-comunicacion-familiar-y-los-sa%c2%adntomas-psicosomaticos-de-los-hijos","status":"publish","type":"post","link":"https:\/\/www.deberes.net\/tesis\/familia-y-parentesco\/la-relacion-entre-la-comunicacion-familiar-y-los-sa%c2%adntomas-psicosomaticos-de-los-hijos\/","title":{"rendered":"La relaci\u00f3n entre la comunicaci\u00f3n familiar y los s\u00edntomas psicosom\u00e1ticos de los hijos"},"content":{"rendered":"<h2>Tesis doctoral de <strong> Nayeli Luc\u00eda Rivero Lazcano <\/strong><\/h2>\n<p>El objetivo general de esta investigaci\u00f3n ha sido analizar la relaci\u00f3n entre la comunicaci\u00f3n familiar y los s\u00edntomas f\u00edsicos manifestados por los hijos teniendo en cuenta variables del funcionamiento familiar que pueden condicionar esta relaci\u00f3n (adaptabilidad, cohesi\u00f3n, satisfacci\u00f3n y distribuci\u00f3n de las tareas del hogar). Para su estudio se eligieron los modelos m\u00e1s relevantes en la investigaci\u00f3n familiar actual: el modelo de los patrones de comunicaci\u00f3n familiar (koerner y fitzpatrick, 2002a) y el modelo circumplejo de los sistemas maritales y familiares (olson, 2000; olson, russell y sprenkle, 1983; olson, sprenkle y russell, 1979). la investigaci\u00f3n se dividi\u00f3 en dos partes. En la primera se presenta la revisi\u00f3n te\u00f3rica dividida en los siguientes cap\u00edtulos: (a) familia y salud, (b) la familia y su funcionamiento, (c) el modelo circumplejo de los sistemas familiar y marital, (c) el modelo de los patrones de comunicaci\u00f3n familiar y, (d) los roles de g\u00e9nero en la familia. en la segunda parte se presenta el estudio emp\u00edrico. Por la complejidad del trabajo, esta secci\u00f3n se dividi\u00f3 en tres fases. La primera fase est\u00e1 dividida en dos partes y presenta la metodolog\u00eda utilizada para lograr una versi\u00f3n adaptada de dos instrumentos de evaluaci\u00f3n familiar: the family adaptability and cohesion evaluation scale, en su cuarta versi\u00f3n (olson, gorall y tiesel, 2006a) y the revised family communication pattern instrument (koerner y fitzpatrick, 2002b). La segunda fase consisti\u00f3 en la construcci\u00f3n de la escala distribuci\u00f3n de las tareas del hogar. En ambas fases se han cumplido los objetivos planteados.  la tercera fase est\u00e1 dirigida a alcanzar el objetivo general y est\u00e1 conformada por tres partes, orientados al alcance de los objetivos espec\u00edficos: (a) caracterizaci\u00f3n de la muestra en las variables de funcionamiento familiar, comunicaci\u00f3n y s\u00edntomas, (b) an\u00e1lisis de la relaci\u00f3n de la comunicaci\u00f3n y el funcionamiento familiar, y (c) estudio del papel de la comunicaci\u00f3n en los s\u00edntomas f\u00edsicos. esta fase ha aportado un estudio en profundidad de la relaci\u00f3n entre la comunicaci\u00f3n y el funcionamiento familiar con los s\u00edntomas som\u00e1ticos en esta comunidad. Ha permitido identificar algunas de las variables familiares involucradas en el mantenimiento de estos s\u00edntomas, contribuyendo a la comprensi\u00f3n de las l\u00edneas de intervenci\u00f3n y tratamientos de manifestaciones psicosom\u00e1ticas y resaltando el papel de las familias en todo el proceso.   las conclusiones de este trabajo han intentado contribuir con la investigaci\u00f3n sobre la comunicaci\u00f3n y el bienestar familiar, partiendo de de un marco biopiscosocial.<\/p>\n<p>&nbsp;<\/p>\n<h3>Datos acad\u00e9micos de la tesis doctoral \u00ab<strong>La relaci\u00f3n entre la comunicaci\u00f3n familiar y los s\u00edntomas psicosom\u00e1ticos de los hijos<\/strong>\u00ab<\/h3>\n<ul>\n<li><strong>T\u00edtulo de la tesis:<\/strong>\u00a0 La relaci\u00f3n entre la comunicaci\u00f3n familiar y los s\u00edntomas psicosom\u00e1ticos de los hijos <\/li>\n<li><strong>Autor:<\/strong>\u00a0 Nayeli Luc\u00eda Rivero Lazcano <\/li>\n<li><strong>Universidad:<\/strong>\u00a0 Deusto<\/li>\n<li><strong>Fecha de lectura de la tesis:<\/strong>\u00a0 18\/06\/2009<\/li>\n<\/ul>\n<p>&nbsp;<\/p>\n<h3>Direcci\u00f3n y tribunal<\/h3>\n<ul>\n<li><strong>Director de la tesis<\/strong>\n<ul>\n<li>Ana Mart\u00ednez Pampliega<\/li>\n<\/ul>\n<\/li>\n<li><strong>Tribunal<\/strong>\n<ul>\n<li>Presidente del tribunal: enrique Arranz freijo <\/li>\n<li>Miguel Garrido fern\u00e1ndez (vocal)<\/li>\n<li>beatriz Triana p\u00e9rez (vocal)<\/li>\n<li>susana Gorbe\u00f1a etxebarria (vocal)<\/li>\n<\/ul>\n<\/li>\n<\/ul>\n<p>&nbsp;<\/p>\n","protected":false},"excerpt":{"rendered":"<p>Tesis doctoral de Nayeli Luc\u00eda Rivero Lazcano El objetivo general de esta investigaci\u00f3n ha sido analizar la relaci\u00f3n entre la [&hellip;]<\/p>\n","protected":false},"author":1,"featured_media":0,"comment_status":"open","ping_status":"open","sticky":false,"template":"","format":"standard","meta":{"site-sidebar-layout":"default","site-content-layout":"","ast-site-content-layout":"","site-content-style":"default","site-sidebar-style":"default","ast-global-header-display":"","ast-banner-title-visibility":"","ast-main-header-display":"","ast-hfb-above-header-display":"","ast-hfb-below-header-display":"","ast-hfb-mobile-header-display":"","site-post-title":"","ast-breadcrumbs-content":"","ast-featured-img":"","footer-sml-layout":"","theme-transparent-header-meta":"","adv-header-id-meta":"","stick-header-meta":"","header-above-stick-meta":"","header-main-stick-meta":"","header-below-stick-meta":"","astra-migrate-meta-layouts":"default","ast-page-background-enabled":"default","ast-page-background-meta":{"desktop":{"background-color":"var(--ast-global-color-4)","background-image":"","background-repeat":"repeat","background-position":"center center","background-size":"auto","background-attachment":"scroll","background-type":"","background-media":"","overlay-type":"","overlay-color":"","overlay-gradient":""},"tablet":{"background-color":"","background-image":"","background-repeat":"repeat","background-position":"center center","background-size":"auto","background-attachment":"scroll","background-type":"","background-media":"","overlay-type":"","overlay-color":"","overlay-gradient":""},"mobile":{"background-color":"","background-image":"","background-repeat":"repeat","background-position":"center center","background-size":"auto","background-attachment":"scroll","background-type":"","background-media":"","overlay-type":"","overlay-color":"","overlay-gradient":""}},"ast-content-background-meta":{"desktop":{"background-color":"var(--ast-global-color-5)","background-image":"","background-repeat":"repeat","background-position":"center center","background-size":"auto","background-attachment":"scroll","background-type":"","background-media":"","overlay-type":"","overlay-color":"","overlay-gradient":""},"tablet":{"background-color":"var(--ast-global-color-5)","background-image":"","background-repeat":"repeat","background-position":"center center","background-size":"auto","background-attachment":"scroll","background-type":"","background-media":"","overlay-type":"","overlay-color":"","overlay-gradient":""},"mobile":{"background-color":"var(--ast-global-color-5)","background-image":"","background-repeat":"repeat","background-position":"center center","background-size":"auto","background-attachment":"scroll","background-type":"","background-media":"","overlay-type":"","overlay-color":"","overlay-gradient":""}},"footnotes":""},"categories":[31910,1175,290,324,996],"tags":[83021,159536,106341,46115,194154,41500],"class_list":["post-94142","post","type-post","status-publish","format-standard","hentry","category-deusto","category-evaluacion-y-diagnostico-en-psicologia","category-familia-y-parentesco","category-psicologia","category-psicologia-social","tag-ana-Martinez-pampliega","tag-beatriz-triana-perez","tag-enrique-arranz-freijo","tag-miguel-garrido-fernandez","tag-nayeli-lucia-rivero-lazcano","tag-susana-gorbena-etxebarria"],"_links":{"self":[{"href":"https:\/\/www.deberes.net\/tesis\/wp-json\/wp\/v2\/posts\/94142","targetHints":{"allow":["GET"]}}],"collection":[{"href":"https:\/\/www.deberes.net\/tesis\/wp-json\/wp\/v2\/posts"}],"about":[{"href":"https:\/\/www.deberes.net\/tesis\/wp-json\/wp\/v2\/types\/post"}],"author":[{"embeddable":true,"href":"https:\/\/www.deberes.net\/tesis\/wp-json\/wp\/v2\/users\/1"}],"replies":[{"embeddable":true,"href":"https:\/\/www.deberes.net\/tesis\/wp-json\/wp\/v2\/comments?post=94142"}],"version-history":[{"count":0,"href":"https:\/\/www.deberes.net\/tesis\/wp-json\/wp\/v2\/posts\/94142\/revisions"}],"wp:attachment":[{"href":"https:\/\/www.deberes.net\/tesis\/wp-json\/wp\/v2\/media?parent=94142"}],"wp:term":[{"taxonomy":"category","embeddable":true,"href":"https:\/\/www.deberes.net\/tesis\/wp-json\/wp\/v2\/categories?post=94142"},{"taxonomy":"post_tag","embeddable":true,"href":"https:\/\/www.deberes.net\/tesis\/wp-json\/wp\/v2\/tags?post=94142"}],"curies":[{"name":"wp","href":"https:\/\/api.w.org\/{rel}","templated":true}]}}