{"id":94163,"date":"2018-03-11T10:13:46","date_gmt":"2018-03-11T10:13:46","guid":{"rendered":"https:\/\/www.deberes.net\/tesis\/sin-categoria\/caracterizacion-funcional-de-la-eif2a-quinasa-gcn2-de-celulas-de-mama%c2%adfero\/"},"modified":"2018-03-11T10:13:46","modified_gmt":"2018-03-11T10:13:46","slug":"caracterizacion-funcional-de-la-eif2a-quinasa-gcn2-de-celulas-de-mama%c2%adfero","status":"publish","type":"post","link":"https:\/\/www.deberes.net\/tesis\/biologia-molecular\/caracterizacion-funcional-de-la-eif2a-quinasa-gcn2-de-celulas-de-mama%c2%adfero\/","title":{"rendered":"Caracterizaci\u00f3n funcional de la eif2a quinasa gcn2 de c\u00e9lulas de mam\u00edfero."},"content":{"rendered":"<h2>Tesis doctoral de <strong> Isabela Alonso Gonzalez <\/strong><\/h2>\n<p>Caracterizaci\u00f3n funcional de la eif2a quinasa gcn2 de c\u00e9lulas de mam\u00edfero.<\/p>\n<p>&nbsp;<\/p>\n<h3>Datos acad\u00e9micos de la tesis doctoral \u00ab<strong>Caracterizaci\u00f3n funcional de la eif2a quinasa gcn2 de c\u00e9lulas de mam\u00edfero.<\/strong>\u00ab<\/h3>\n<ul>\n<li><strong>T\u00edtulo de la tesis:<\/strong>\u00a0 Caracterizaci\u00f3n funcional de la eif2a quinasa gcn2 de c\u00e9lulas de mam\u00edfero. <\/li>\n<li><strong>Autor:<\/strong>\u00a0 Isabela Alonso Gonzalez <\/li>\n<li><strong>Universidad:<\/strong>\u00a0 Aut\u00f3noma de Madrid<\/li>\n<li><strong>Fecha de lectura de la tesis:<\/strong>\u00a0 18\/06\/2009<\/li>\n<\/ul>\n<p>&nbsp;<\/p>\n<h3>Direcci\u00f3n y tribunal<\/h3>\n<ul>\n<li><strong>Director de la tesis<\/strong>\n<ul>\n<li>Juan  Jose Berlanga Chiquero<\/li>\n<\/ul>\n<\/li>\n<li><strong>Tribunal<\/strong>\n<ul>\n<li>Presidente del tribunal: Juan  pedro Garc\u00eda ballesta <\/li>\n<li>ra\u00fal M\u00e9ndez de la iglesia (vocal)<\/li>\n<li>M\u00aa Elena Mart\u00edn palma (vocal)<\/li>\n<li>Carlos Rodr\u00edguez v\u00e1zquez de aldana (vocal)<\/li>\n<\/ul>\n<\/li>\n<\/ul>\n<p>&nbsp;<\/p>\n","protected":false},"excerpt":{"rendered":"<p>Tesis doctoral de Isabela Alonso Gonzalez Caracterizaci\u00f3n funcional de la eif2a quinasa gcn2 de c\u00e9lulas de mam\u00edfero. &nbsp; Datos acad\u00e9micos [&hellip;]<\/p>\n","protected":false},"author":1,"featured_media":0,"comment_status":"open","ping_status":"open","sticky":false,"template":"","format":"standard","meta":{"site-sidebar-layout":"default","site-content-layout":"","ast-site-content-layout":"","site-content-style":"default","site-sidebar-style":"default","ast-global-header-display":"","ast-banner-title-visibility":"","ast-main-header-display":"","ast-hfb-above-header-display":"","ast-hfb-below-header-display":"","ast-hfb-mobile-header-display":"","site-post-title":"","ast-breadcrumbs-content":"","ast-featured-img":"","footer-sml-layout":"","theme-transparent-header-meta":"","adv-header-id-meta":"","stick-header-meta":"","header-above-stick-meta":"","header-main-stick-meta":"","header-below-stick-meta":"","astra-migrate-meta-layouts":"default","ast-page-background-enabled":"default","ast-page-background-meta":{"desktop":{"background-color":"var(--ast-global-color-4)","background-image":"","background-repeat":"repeat","background-position":"center center","background-size":"auto","background-attachment":"scroll","background-type":"","background-media":"","overlay-type":"","overlay-color":"","overlay-gradient":""},"tablet":{"background-color":"","background-image":"","background-repeat":"repeat","background-position":"center center","background-size":"auto","background-attachment":"scroll","background-type":"","background-media":"","overlay-type":"","overlay-color":"","overlay-gradient":""},"mobile":{"background-color":"","background-image":"","background-repeat":"repeat","background-position":"center center","background-size":"auto","background-attachment":"scroll","background-type":"","background-media":"","overlay-type":"","overlay-color":"","overlay-gradient":""}},"ast-content-background-meta":{"desktop":{"background-color":"var(--ast-global-color-5)","background-image":"","background-repeat":"repeat","background-position":"center center","background-size":"auto","background-attachment":"scroll","background-type":"","background-media":"","overlay-type":"","overlay-color":"","overlay-gradient":""},"tablet":{"background-color":"var(--ast-global-color-5)","background-image":"","background-repeat":"repeat","background-position":"center center","background-size":"auto","background-attachment":"scroll","background-type":"","background-media":"","overlay-type":"","overlay-color":"","overlay-gradient":""},"mobile":{"background-color":"var(--ast-global-color-5)","background-image":"","background-repeat":"repeat","background-position":"center center","background-size":"auto","background-attachment":"scroll","background-type":"","background-media":"","overlay-type":"","overlay-color":"","overlay-gradient":""}},"footnotes":""},"categories":[36483],"tags":[50947,194183,132597,14711,132307,15068],"class_list":["post-94163","post","type-post","status-publish","format-standard","hentry","category-biologia-molecular","tag-carlos-rodriguez-vazquez-de-aldana","tag-isabela-alonso-gonzalez","tag-juan-jose-berlanga-chiquero","tag-juan-pedro-garcia-ballesta","tag-ma-elena-martin-palma","tag-raul-mendez-de-la-iglesia"],"_links":{"self":[{"href":"https:\/\/www.deberes.net\/tesis\/wp-json\/wp\/v2\/posts\/94163","targetHints":{"allow":["GET"]}}],"collection":[{"href":"https:\/\/www.deberes.net\/tesis\/wp-json\/wp\/v2\/posts"}],"about":[{"href":"https:\/\/www.deberes.net\/tesis\/wp-json\/wp\/v2\/types\/post"}],"author":[{"embeddable":true,"href":"https:\/\/www.deberes.net\/tesis\/wp-json\/wp\/v2\/users\/1"}],"replies":[{"embeddable":true,"href":"https:\/\/www.deberes.net\/tesis\/wp-json\/wp\/v2\/comments?post=94163"}],"version-history":[{"count":0,"href":"https:\/\/www.deberes.net\/tesis\/wp-json\/wp\/v2\/posts\/94163\/revisions"}],"wp:attachment":[{"href":"https:\/\/www.deberes.net\/tesis\/wp-json\/wp\/v2\/media?parent=94163"}],"wp:term":[{"taxonomy":"category","embeddable":true,"href":"https:\/\/www.deberes.net\/tesis\/wp-json\/wp\/v2\/categories?post=94163"},{"taxonomy":"post_tag","embeddable":true,"href":"https:\/\/www.deberes.net\/tesis\/wp-json\/wp\/v2\/tags?post=94163"}],"curies":[{"name":"wp","href":"https:\/\/api.w.org\/{rel}","templated":true}]}}