{"id":94172,"date":"2018-03-11T10:13:46","date_gmt":"2018-03-11T10:13:46","guid":{"rendered":"https:\/\/www.deberes.net\/tesis\/sin-categoria\/saavedra-fajardo-y-los-dilemas-del-mundo-hispanico\/"},"modified":"2018-03-11T10:13:46","modified_gmt":"2018-03-11T10:13:46","slug":"saavedra-fajardo-y-los-dilemas-del-mundo-hispanico","status":"publish","type":"post","link":"https:\/\/www.deberes.net\/tesis\/filosofia-politica\/saavedra-fajardo-y-los-dilemas-del-mundo-hispanico\/","title":{"rendered":"Saavedra fajardo y los dilemas del mundo hisp\u00e1nico"},"content":{"rendered":"<h2>Tesis doctoral de <strong> Bel\u00e9n Rosa De Gea <\/strong><\/h2>\n<p>El presente trabajo tiene por objeto el pensamiento pol\u00edtico del escritor y diplom\u00e1tico espa\u00f1ol diego de saavedra fajardo (1584-1648). En esta tesis se analiza la estructura de la legitimidad del poder sobre el trasfondo de una experiencia hist\u00f3rica que es el barroco, en la que se finiquita una manera de entender europa como res publica christiana. A trav\u00e9s del pensamiento de este autor quedan identificadas aquellas tensiones que se producen con las concepciones tradicionales acerca de la res publica y de quien ha de sustentar en ella el gobierno. Se muestran todos aquellos rasgos te\u00f3ricos que se dan cita en la moderna literatura de la raz\u00f3n de estado que circula por europa, y ello junto a los restos de concepciones tradicionales imperantes en ese momento en el territorio hispano. Asistimos, por un lado, a un cat\u00f3lico saavedra que se expresa en la \u00f3rbita de la ortodoxia en su concepci\u00f3n limitada del soberano, pero, por otro, a un experimentado hombre de mundo que definir\u00e1 las pr\u00e1cticas del rey en ocasiones muy cercanas a las del moderno absolutismo mon\u00e1rquico.   la tesis est\u00e1 dividida en tres partes: en la primera se realiza un recorrido sincr\u00f3nico por el pensamiento europeo de la raz\u00f3n de estado. En la segunda, bajo el ep\u00edgrafe general de \u00absoberan\u00eda\u00bb, se abordan las dimensiones est\u00e1ticas de la res publica. La tercera parte de la tesis, bajo el ep\u00edgrafe general de \u00abpol\u00edtica\u00bb, se organiza atendiendo a las dimensiones din\u00e1micas del estado, o lo que es lo mismo, a la manera en que  se desenvuelve la potestas del rey.<\/p>\n<p>&nbsp;<\/p>\n<h3>Datos acad\u00e9micos de la tesis doctoral \u00ab<strong>Saavedra fajardo y los dilemas del mundo hisp\u00e1nico<\/strong>\u00ab<\/h3>\n<ul>\n<li><strong>T\u00edtulo de la tesis:<\/strong>\u00a0 Saavedra fajardo y los dilemas del mundo hisp\u00e1nico <\/li>\n<li><strong>Autor:<\/strong>\u00a0 Bel\u00e9n Rosa De Gea <\/li>\n<li><strong>Universidad:<\/strong>\u00a0 Murcia<\/li>\n<li><strong>Fecha de lectura de la tesis:<\/strong>\u00a0 19\/06\/2009<\/li>\n<\/ul>\n<p>&nbsp;<\/p>\n<h3>Direcci\u00f3n y tribunal<\/h3>\n<ul>\n<li><strong>Director de la tesis<\/strong>\n<ul>\n<li>Jos\u00e9 Luis Villaca\u00f1as Berlanga<\/li>\n<\/ul>\n<\/li>\n<li><strong>Tribunal<\/strong>\n<ul>\n<li>Presidente del tribunal: salvador Rus rufino <\/li>\n<li>Jorge Garcia lopez (vocal)<\/li>\n<li>Juli\u00e1n Sauquillo gonzalez (vocal)<\/li>\n<li>Antonio Hermosa andujar (vocal)<\/li>\n<\/ul>\n<\/li>\n<\/ul>\n<p>&nbsp;<\/p>\n","protected":false},"excerpt":{"rendered":"<p>Tesis doctoral de Bel\u00e9n Rosa De Gea El presente trabajo tiene por objeto el pensamiento pol\u00edtico del escritor y diplom\u00e1tico [&hellip;]<\/p>\n","protected":false},"author":1,"featured_media":0,"comment_status":"open","ping_status":"open","sticky":false,"template":"","format":"standard","meta":{"site-sidebar-layout":"default","site-content-layout":"","ast-site-content-layout":"","site-content-style":"default","site-sidebar-style":"default","ast-global-header-display":"","ast-banner-title-visibility":"","ast-main-header-display":"","ast-hfb-above-header-display":"","ast-hfb-below-header-display":"","ast-hfb-mobile-header-display":"","site-post-title":"","ast-breadcrumbs-content":"","ast-featured-img":"","footer-sml-layout":"","theme-transparent-header-meta":"","adv-header-id-meta":"","stick-header-meta":"","header-above-stick-meta":"","header-main-stick-meta":"","header-below-stick-meta":"","astra-migrate-meta-layouts":"default","ast-page-background-enabled":"default","ast-page-background-meta":{"desktop":{"background-color":"var(--ast-global-color-4)","background-image":"","background-repeat":"repeat","background-position":"center center","background-size":"auto","background-attachment":"scroll","background-type":"","background-media":"","overlay-type":"","overlay-color":"","overlay-gradient":""},"tablet":{"background-color":"","background-image":"","background-repeat":"repeat","background-position":"center center","background-size":"auto","background-attachment":"scroll","background-type":"","background-media":"","overlay-type":"","overlay-color":"","overlay-gradient":""},"mobile":{"background-color":"","background-image":"","background-repeat":"repeat","background-position":"center center","background-size":"auto","background-attachment":"scroll","background-type":"","background-media":"","overlay-type":"","overlay-color":"","overlay-gradient":""}},"ast-content-background-meta":{"desktop":{"background-color":"var(--ast-global-color-5)","background-image":"","background-repeat":"repeat","background-position":"center center","background-size":"auto","background-attachment":"scroll","background-type":"","background-media":"","overlay-type":"","overlay-color":"","overlay-gradient":""},"tablet":{"background-color":"var(--ast-global-color-5)","background-image":"","background-repeat":"repeat","background-position":"center center","background-size":"auto","background-attachment":"scroll","background-type":"","background-media":"","overlay-type":"","overlay-color":"","overlay-gradient":""},"mobile":{"background-color":"var(--ast-global-color-5)","background-image":"","background-repeat":"repeat","background-position":"center center","background-size":"auto","background-attachment":"scroll","background-type":"","background-media":"","overlay-type":"","overlay-color":"","overlay-gradient":""}},"footnotes":""},"categories":[6008,8235],"tags":[7901,194198,75245,12149,83866,73977],"class_list":["post-94172","post","type-post","status-publish","format-standard","hentry","category-filosofia-politica","category-murcia","tag-antonio-hermosa-andujar","tag-belen-rosa-de-gea","tag-jorge-garcia-lopez","tag-jose-luis-villacanas-berlanga","tag-julian-sauquillo-gonzalez","tag-salvador-rus-rufino"],"_links":{"self":[{"href":"https:\/\/www.deberes.net\/tesis\/wp-json\/wp\/v2\/posts\/94172","targetHints":{"allow":["GET"]}}],"collection":[{"href":"https:\/\/www.deberes.net\/tesis\/wp-json\/wp\/v2\/posts"}],"about":[{"href":"https:\/\/www.deberes.net\/tesis\/wp-json\/wp\/v2\/types\/post"}],"author":[{"embeddable":true,"href":"https:\/\/www.deberes.net\/tesis\/wp-json\/wp\/v2\/users\/1"}],"replies":[{"embeddable":true,"href":"https:\/\/www.deberes.net\/tesis\/wp-json\/wp\/v2\/comments?post=94172"}],"version-history":[{"count":0,"href":"https:\/\/www.deberes.net\/tesis\/wp-json\/wp\/v2\/posts\/94172\/revisions"}],"wp:attachment":[{"href":"https:\/\/www.deberes.net\/tesis\/wp-json\/wp\/v2\/media?parent=94172"}],"wp:term":[{"taxonomy":"category","embeddable":true,"href":"https:\/\/www.deberes.net\/tesis\/wp-json\/wp\/v2\/categories?post=94172"},{"taxonomy":"post_tag","embeddable":true,"href":"https:\/\/www.deberes.net\/tesis\/wp-json\/wp\/v2\/tags?post=94172"}],"curies":[{"name":"wp","href":"https:\/\/api.w.org\/{rel}","templated":true}]}}