{"id":94222,"date":"2018-03-11T10:13:50","date_gmt":"2018-03-11T10:13:50","guid":{"rendered":"https:\/\/www.deberes.net\/tesis\/sin-categoria\/jeronimo-y-antonio-ortiz-de-urbina-vida-y-obra\/"},"modified":"2018-03-11T10:13:50","modified_gmt":"2018-03-11T10:13:50","slug":"jeronimo-y-antonio-ortiz-de-urbina-vida-y-obra","status":"publish","type":"post","link":"https:\/\/www.deberes.net\/tesis\/historia\/jeronimo-y-antonio-ortiz-de-urbina-vida-y-obra\/","title":{"rendered":"Jer\u00f3nimo y antonio ortiz de urbina: vida y obra"},"content":{"rendered":"<h2>Tesis doctoral de <strong> Francisco Javier Dom\u00ednguez Burrieza <\/strong><\/h2>\n<p>Estudio hist\u00f3rico-art\u00edstico que analiza la totalidad de la obra arquitect\u00f3nica y urban\u00edstica desarrollada por el arquitecto jer\u00f3nimo ortiz de urbina d\u00edaz de junguitu (1824-1909) y su hijo, el maestro de obras antonio ortiz de urbina y olasagasti (1854-1940). El trabajo, a su vez, reflexiona en profundiad sobre la arquitectura y el urbanismo vallisoletano de la segunda mitad del siglo xix y las cuatro primeras d\u00e9cadas del xx. Realizadas las biograf\u00edas de ambos profesionales, tambi\u00e9n se han elaborado sendos cat\u00e1logos de sus obras, muchas de ellas todav\u00eda hoy conservadas. Sin duda, jer\u00f3nimo fue el arquitecto m\u00e1s importante, influyente y prol\u00edfico de toda la ciudad de valladolid durante la segunda mitad del siglo xix. Su trabajo tambi\u00e9n se extiende por toda la di\u00f3cesis vallisoletana. Incluso, llega a preparar proyectos para otras provincias, como la restauraci\u00f3n, en 1861, de la torre de campanas de la catedral de orense. Antonio se convirti\u00f3 en el \u00faltimo maestro de obras que tuvo valladolid y en uno de los \u00faltimos de toda espa\u00f1a.<\/p>\n<p>&nbsp;<\/p>\n<h3>Datos acad\u00e9micos de la tesis doctoral \u00ab<strong>Jer\u00f3nimo y antonio ortiz de urbina: vida y obra<\/strong>\u00ab<\/h3>\n<ul>\n<li><strong>T\u00edtulo de la tesis:<\/strong>\u00a0 Jer\u00f3nimo y antonio ortiz de urbina: vida y obra <\/li>\n<li><strong>Autor:<\/strong>\u00a0 Francisco Javier Dom\u00ednguez Burrieza <\/li>\n<li><strong>Universidad:<\/strong>\u00a0 Valladolid<\/li>\n<li><strong>Fecha de lectura de la tesis:<\/strong>\u00a0 19\/06\/2009<\/li>\n<\/ul>\n<p>&nbsp;<\/p>\n<h3>Direcci\u00f3n y tribunal<\/h3>\n<ul>\n<li><strong>Director de la tesis<\/strong>\n<ul>\n<li>Mar\u00eda  Jos\u00e9 Redondo Cantera<\/li>\n<\/ul>\n<\/li>\n<li><strong>Tribunal<\/strong>\n<ul>\n<li>Presidente del tribunal: Francisco De la plaza Santiago <\/li>\n<li>Alberto Villar movellan (vocal)<\/li>\n<li>pedro Navascues palacio (vocal)<\/li>\n<li>lena saladina Iglesias rouco (vocal)<\/li>\n<\/ul>\n<\/li>\n<\/ul>\n<p>&nbsp;<\/p>\n","protected":false},"excerpt":{"rendered":"<p>Tesis doctoral de Francisco Javier Dom\u00ednguez Burrieza Estudio hist\u00f3rico-art\u00edstico que analiza la totalidad de la obra arquitect\u00f3nica y urban\u00edstica desarrollada [&hellip;]<\/p>\n","protected":false},"author":1,"featured_media":0,"comment_status":"open","ping_status":"open","sticky":false,"template":"","format":"standard","meta":{"site-sidebar-layout":"default","site-content-layout":"","ast-site-content-layout":"","site-content-style":"default","site-sidebar-style":"default","ast-global-header-display":"","ast-banner-title-visibility":"","ast-main-header-display":"","ast-hfb-above-header-display":"","ast-hfb-below-header-display":"","ast-hfb-mobile-header-display":"","site-post-title":"","ast-breadcrumbs-content":"","ast-featured-img":"","footer-sml-layout":"","theme-transparent-header-meta":"","adv-header-id-meta":"","stick-header-meta":"","header-above-stick-meta":"","header-main-stick-meta":"","header-below-stick-meta":"","astra-migrate-meta-layouts":"default","ast-page-background-enabled":"default","ast-page-background-meta":{"desktop":{"background-color":"var(--ast-global-color-4)","background-image":"","background-repeat":"repeat","background-position":"center center","background-size":"auto","background-attachment":"scroll","background-type":"","background-media":"","overlay-type":"","overlay-color":"","overlay-gradient":""},"tablet":{"background-color":"","background-image":"","background-repeat":"repeat","background-position":"center center","background-size":"auto","background-attachment":"scroll","background-type":"","background-media":"","overlay-type":"","overlay-color":"","overlay-gradient":""},"mobile":{"background-color":"","background-image":"","background-repeat":"repeat","background-position":"center center","background-size":"auto","background-attachment":"scroll","background-type":"","background-media":"","overlay-type":"","overlay-color":"","overlay-gradient":""}},"ast-content-background-meta":{"desktop":{"background-color":"var(--ast-global-color-5)","background-image":"","background-repeat":"repeat","background-position":"center center","background-size":"auto","background-attachment":"scroll","background-type":"","background-media":"","overlay-type":"","overlay-color":"","overlay-gradient":""},"tablet":{"background-color":"var(--ast-global-color-5)","background-image":"","background-repeat":"repeat","background-position":"center center","background-size":"auto","background-attachment":"scroll","background-type":"","background-media":"","overlay-type":"","overlay-color":"","overlay-gradient":""},"mobile":{"background-color":"var(--ast-global-color-5)","background-image":"","background-repeat":"repeat","background-position":"center center","background-size":"auto","background-attachment":"scroll","background-type":"","background-media":"","overlay-type":"","overlay-color":"","overlay-gradient":""}},"footnotes":""},"categories":[104,1745,2563,5371,12451],"tags":[2075,149437,194294,194295,19116,12905],"class_list":["post-94222","post","type-post","status-publish","format-standard","hentry","category-historia","category-historia-de-la-arquitectura","category-historia-del-arte-de-los-siglos-xix-y-xx","category-urbanismo","category-valladolid","tag-alberto-villar-movellan","tag-francisco-de-la-plaza-santiago","tag-francisco-javier-dominguez-burrieza","tag-lena-saladina-iglesias-rouco","tag-maria-jose-redondo-cantera","tag-pedro-navascues-palacio"],"_links":{"self":[{"href":"https:\/\/www.deberes.net\/tesis\/wp-json\/wp\/v2\/posts\/94222","targetHints":{"allow":["GET"]}}],"collection":[{"href":"https:\/\/www.deberes.net\/tesis\/wp-json\/wp\/v2\/posts"}],"about":[{"href":"https:\/\/www.deberes.net\/tesis\/wp-json\/wp\/v2\/types\/post"}],"author":[{"embeddable":true,"href":"https:\/\/www.deberes.net\/tesis\/wp-json\/wp\/v2\/users\/1"}],"replies":[{"embeddable":true,"href":"https:\/\/www.deberes.net\/tesis\/wp-json\/wp\/v2\/comments?post=94222"}],"version-history":[{"count":0,"href":"https:\/\/www.deberes.net\/tesis\/wp-json\/wp\/v2\/posts\/94222\/revisions"}],"wp:attachment":[{"href":"https:\/\/www.deberes.net\/tesis\/wp-json\/wp\/v2\/media?parent=94222"}],"wp:term":[{"taxonomy":"category","embeddable":true,"href":"https:\/\/www.deberes.net\/tesis\/wp-json\/wp\/v2\/categories?post=94222"},{"taxonomy":"post_tag","embeddable":true,"href":"https:\/\/www.deberes.net\/tesis\/wp-json\/wp\/v2\/tags?post=94222"}],"curies":[{"name":"wp","href":"https:\/\/api.w.org\/{rel}","templated":true}]}}