{"id":94227,"date":"2018-03-11T10:13:50","date_gmt":"2018-03-11T10:13:50","guid":{"rendered":"https:\/\/www.deberes.net\/tesis\/sin-categoria\/nanomateriales-basados-en-carbono\/"},"modified":"2018-03-11T10:13:50","modified_gmt":"2018-03-11T10:13:50","slug":"nanomateriales-basados-en-carbono","status":"publish","type":"post","link":"https:\/\/www.deberes.net\/tesis\/quimica-del-estado-solido\/nanomateriales-basados-en-carbono\/","title":{"rendered":"Nanomateriales basados en carbono"},"content":{"rendered":"<h2>Tesis doctoral de <strong> Vicente L\u00f3pez Fern\u00e1ndez <\/strong><\/h2>\n<p>En esta memoria se recoge la mayor\u00eda del trabajo realizado durante los \u00faltimos tres a\u00f1os y medio en el grupo de nanomateriales de la uam. El eje central de esta tesis, es la investigaci\u00f3n de nanomateriales basados en carbono desde la ciencia qu\u00edmica. En definitiva, la experimentaci\u00f3n con vistas al desarrollo y aplicaci\u00f3n de nuevos nanomateriales, trabajando en la s\u00edntesis, desarrollo y caracterizaci\u00f3n de algunas de sus propiedades f\u00edsicas. el bloque central de esta memoria est\u00e1 compuesto por tres cap\u00edtulos, (secciones 2, 3 y 4) aqu\u00ed se abordan los tres tipos distintos de nanomateriales en los que he desarrollado mi investigaci\u00f3n. Cap\u00edtulo 1 (secci\u00f3n 2) donde son tratados los nanotubos de carbono. Cap\u00edtulo 2 (secci\u00f3n 3) en el cual se muestran las investigaciones llevadas a cabo para la obtenci\u00f3n del material grafeno. Y cap\u00edtulo 3 (secci\u00f3n 4), trabajo desarrollado acerca de los nitruros de carbono. en cada uno de estos tres cap\u00edtulos se diferencian diferentes secciones. Primero una parte introductoria donde se intenta acercar al lector al nanomaterial en cuesti\u00f3n. En esta secci\u00f3n se realiza una revisi\u00f3n de las propiedades f\u00edsicas que justifican el inter\u00e9s por la investigaci\u00f3n del material, se explican los logros obtenidos por otros grupos de investigaci\u00f3n y se comentan las excepcionalidades concretas. La siguiente secci\u00f3n muestra de manera esquem\u00e1tica los objetivos propuestos en el inicio de la investigaci\u00f3n, as\u00ed como los siguientes retos que surgen de manera inevitable durante el desarrollo de la s\u00edntesis y la caracterizaci\u00f3n. la tercera secci\u00f3n es una discusi\u00f3n pormenorizada y detallada de los resultados cosechados. por \u00faltimo en la \u00faltima secci\u00f3n se llega a una seria de conclusiones, en la cual se debate con la intenci\u00f3n de dejar claro al lector, hasta donde se ha podido llegar durante la investigaci\u00f3n. previamente a los tres cap\u00edtulos centrales, hay una breve introducci\u00f3n general. Por \u00faltimo, las secciones 5, 6 y 7 est\u00e1n relacionadas con el aspecto puramente experimental, ah\u00ed se detallan los m\u00e9todos y materiales qu\u00edmicos y f\u00edsicos empleados, tanto para la s\u00edntesis como para la caracterizaci\u00f3n de las propiedades f\u00edsicas exploradas por \u00faltimo se adjuntan los \u00edndices de figuras, tablas y abreviaturas empleadas en la escritura de esta tesis.<\/p>\n<p>&nbsp;<\/p>\n<h3>Datos acad\u00e9micos de la tesis doctoral \u00ab<strong>Nanomateriales basados en carbono<\/strong>\u00ab<\/h3>\n<ul>\n<li><strong>T\u00edtulo de la tesis:<\/strong>\u00a0 Nanomateriales basados en carbono <\/li>\n<li><strong>Autor:<\/strong>\u00a0 Vicente L\u00f3pez Fern\u00e1ndez <\/li>\n<li><strong>Universidad:<\/strong>\u00a0 Aut\u00f3noma de Madrid<\/li>\n<li><strong>Fecha de lectura de la tesis:<\/strong>\u00a0 19\/06\/2009<\/li>\n<\/ul>\n<p>&nbsp;<\/p>\n<h3>Direcci\u00f3n y tribunal<\/h3>\n<ul>\n<li><strong>Director de la tesis<\/strong>\n<ul>\n<li>F\u00e9lix Zamora Abenades<\/li>\n<\/ul>\n<\/li>\n<li><strong>Tribunal<\/strong>\n<ul>\n<li>Presidente del tribunal: vicente Fernandez herrero <\/li>\n<li>tom\u00e1s Torres cebada (vocal)<\/li>\n<li>wolfgang k. Maser (vocal)<\/li>\n<li>Javier Garcia Martinez (vocal)<\/li>\n<\/ul>\n<\/li>\n<\/ul>\n<p>&nbsp;<\/p>\n","protected":false},"excerpt":{"rendered":"<p>Tesis doctoral de Vicente L\u00f3pez Fern\u00e1ndez En esta memoria se recoge la mayor\u00eda del trabajo realizado durante los \u00faltimos tres [&hellip;]<\/p>\n","protected":false},"author":1,"featured_media":0,"comment_status":"open","ping_status":"open","sticky":false,"template":"","format":"standard","meta":{"site-sidebar-layout":"default","site-content-layout":"","ast-site-content-layout":"","site-content-style":"default","site-sidebar-style":"default","ast-global-header-display":"","ast-banner-title-visibility":"","ast-main-header-display":"","ast-hfb-above-header-display":"","ast-hfb-below-header-display":"","ast-hfb-mobile-header-display":"","site-post-title":"","ast-breadcrumbs-content":"","ast-featured-img":"","footer-sml-layout":"","theme-transparent-header-meta":"","adv-header-id-meta":"","stick-header-meta":"","header-above-stick-meta":"","header-main-stick-meta":"","header-below-stick-meta":"","astra-migrate-meta-layouts":"default","ast-page-background-enabled":"default","ast-page-background-meta":{"desktop":{"background-color":"var(--ast-global-color-4)","background-image":"","background-repeat":"repeat","background-position":"center center","background-size":"auto","background-attachment":"scroll","background-type":"","background-media":"","overlay-type":"","overlay-color":"","overlay-gradient":""},"tablet":{"background-color":"","background-image":"","background-repeat":"repeat","background-position":"center center","background-size":"auto","background-attachment":"scroll","background-type":"","background-media":"","overlay-type":"","overlay-color":"","overlay-gradient":""},"mobile":{"background-color":"","background-image":"","background-repeat":"repeat","background-position":"center center","background-size":"auto","background-attachment":"scroll","background-type":"","background-media":"","overlay-type":"","overlay-color":"","overlay-gradient":""}},"ast-content-background-meta":{"desktop":{"background-color":"var(--ast-global-color-5)","background-image":"","background-repeat":"repeat","background-position":"center center","background-size":"auto","background-attachment":"scroll","background-type":"","background-media":"","overlay-type":"","overlay-color":"","overlay-gradient":""},"tablet":{"background-color":"var(--ast-global-color-5)","background-image":"","background-repeat":"repeat","background-position":"center center","background-size":"auto","background-attachment":"scroll","background-type":"","background-media":"","overlay-type":"","overlay-color":"","overlay-gradient":""},"mobile":{"background-color":"var(--ast-global-color-5)","background-image":"","background-repeat":"repeat","background-position":"center center","background-size":"auto","background-attachment":"scroll","background-type":"","background-media":"","overlay-type":"","overlay-color":"","overlay-gradient":""}},"footnotes":""},"categories":[1117],"tags":[146282,103079,6778,5517,194304,122691],"class_list":["post-94227","post","type-post","status-publish","format-standard","hentry","category-quimica-del-estado-solido","tag-felix-zamora-abenades","tag-javier-garcia-Martinez","tag-tomas-torres-cebada","tag-vicente-fernandez-herrero","tag-vicente-lopez-fernandez","tag-wolfgang-k-maser"],"_links":{"self":[{"href":"https:\/\/www.deberes.net\/tesis\/wp-json\/wp\/v2\/posts\/94227","targetHints":{"allow":["GET"]}}],"collection":[{"href":"https:\/\/www.deberes.net\/tesis\/wp-json\/wp\/v2\/posts"}],"about":[{"href":"https:\/\/www.deberes.net\/tesis\/wp-json\/wp\/v2\/types\/post"}],"author":[{"embeddable":true,"href":"https:\/\/www.deberes.net\/tesis\/wp-json\/wp\/v2\/users\/1"}],"replies":[{"embeddable":true,"href":"https:\/\/www.deberes.net\/tesis\/wp-json\/wp\/v2\/comments?post=94227"}],"version-history":[{"count":0,"href":"https:\/\/www.deberes.net\/tesis\/wp-json\/wp\/v2\/posts\/94227\/revisions"}],"wp:attachment":[{"href":"https:\/\/www.deberes.net\/tesis\/wp-json\/wp\/v2\/media?parent=94227"}],"wp:term":[{"taxonomy":"category","embeddable":true,"href":"https:\/\/www.deberes.net\/tesis\/wp-json\/wp\/v2\/categories?post=94227"},{"taxonomy":"post_tag","embeddable":true,"href":"https:\/\/www.deberes.net\/tesis\/wp-json\/wp\/v2\/tags?post=94227"}],"curies":[{"name":"wp","href":"https:\/\/api.w.org\/{rel}","templated":true}]}}