{"id":94241,"date":"2018-03-11T10:13:50","date_gmt":"2018-03-11T10:13:50","guid":{"rendered":"https:\/\/www.deberes.net\/tesis\/sin-categoria\/aproximacion-biomelecular-al-estudio-del-carcinoma-de-celulas-escamosas-de-pulmon-y-laringe\/"},"modified":"2018-03-11T10:13:50","modified_gmt":"2018-03-11T10:13:50","slug":"aproximacion-biomelecular-al-estudio-del-carcinoma-de-celulas-escamosas-de-pulmon-y-laringe","status":"publish","type":"post","link":"https:\/\/www.deberes.net\/tesis\/sevilla\/aproximacion-biomelecular-al-estudio-del-carcinoma-de-celulas-escamosas-de-pulmon-y-laringe\/","title":{"rendered":"Aproximaci\u00f3n biomelecular al estudio del carcinoma de c\u00e9lulas escamosas de pulm\u00f3n y laringe"},"content":{"rendered":"<h2>Tesis doctoral de <strong> Mar\u00eda Delia Fern\u00e1ndez Guti\u00e9rrez <\/strong><\/h2>\n<p>&nbsp;<\/p>\n<h3>Datos acad\u00e9micos de la tesis doctoral \u00ab<strong>Aproximaci\u00f3n biomelecular al estudio del carcinoma de c\u00e9lulas escamosas de pulm\u00f3n y laringe<\/strong>\u00ab<\/h3>\n<ul>\n<li><strong>T\u00edtulo de la tesis:<\/strong>\u00a0 Aproximaci\u00f3n biomelecular al estudio del carcinoma de c\u00e9lulas escamosas de pulm\u00f3n y laringe <\/li>\n<li><strong>Autor:<\/strong>\u00a0 Mar\u00eda Delia Fern\u00e1ndez Guti\u00e9rrez <\/li>\n<li><strong>Universidad:<\/strong>\u00a0 Sevilla<\/li>\n<li><strong>Fecha de lectura de la tesis:<\/strong>\u00a0 19\/06\/2009<\/li>\n<\/ul>\n<p>&nbsp;<\/p>\n<h3>Direcci\u00f3n y tribunal<\/h3>\n<ul>\n<li><strong>Director de la tesis<\/strong>\n<ul>\n<li>Hugo Galera Davidson<\/li>\n<\/ul>\n<\/li>\n<li><strong>Tribunal<\/strong>\n<ul>\n<li>Presidente del tribunal: alfredo Matilla vicente <\/li>\n<li>Antonio L\u00f3pez beltr\u00e1n (vocal)<\/li>\n<li>Jes\u00fas Loscertales abril (vocal)<\/li>\n<li>Luis Vicioso recio (vocal)<\/li>\n<\/ul>\n<\/li>\n<\/ul>\n<p>&nbsp;<\/p>\n","protected":false},"excerpt":{"rendered":"<p>Tesis doctoral de Mar\u00eda Delia Fern\u00e1ndez Guti\u00e9rrez &nbsp; Datos acad\u00e9micos de la tesis doctoral \u00abAproximaci\u00f3n biomelecular al estudio del carcinoma [&hellip;]<\/p>\n","protected":false},"author":1,"featured_media":0,"comment_status":"open","ping_status":"open","sticky":false,"template":"","format":"standard","meta":{"site-sidebar-layout":"default","site-content-layout":"","ast-site-content-layout":"","site-content-style":"default","site-sidebar-style":"default","ast-global-header-display":"","ast-banner-title-visibility":"","ast-main-header-display":"","ast-hfb-above-header-display":"","ast-hfb-below-header-display":"","ast-hfb-mobile-header-display":"","site-post-title":"","ast-breadcrumbs-content":"","ast-featured-img":"","footer-sml-layout":"","theme-transparent-header-meta":"","adv-header-id-meta":"","stick-header-meta":"","header-above-stick-meta":"","header-main-stick-meta":"","header-below-stick-meta":"","astra-migrate-meta-layouts":"default","ast-page-background-enabled":"default","ast-page-background-meta":{"desktop":{"background-color":"var(--ast-global-color-4)","background-image":"","background-repeat":"repeat","background-position":"center center","background-size":"auto","background-attachment":"scroll","background-type":"","background-media":"","overlay-type":"","overlay-color":"","overlay-gradient":""},"tablet":{"background-color":"","background-image":"","background-repeat":"repeat","background-position":"center center","background-size":"auto","background-attachment":"scroll","background-type":"","background-media":"","overlay-type":"","overlay-color":"","overlay-gradient":""},"mobile":{"background-color":"","background-image":"","background-repeat":"repeat","background-position":"center center","background-size":"auto","background-attachment":"scroll","background-type":"","background-media":"","overlay-type":"","overlay-color":"","overlay-gradient":""}},"ast-content-background-meta":{"desktop":{"background-color":"var(--ast-global-color-5)","background-image":"","background-repeat":"repeat","background-position":"center center","background-size":"auto","background-attachment":"scroll","background-type":"","background-media":"","overlay-type":"","overlay-color":"","overlay-gradient":""},"tablet":{"background-color":"var(--ast-global-color-5)","background-image":"","background-repeat":"repeat","background-position":"center center","background-size":"auto","background-attachment":"scroll","background-type":"","background-media":"","overlay-type":"","overlay-color":"","overlay-gradient":""},"mobile":{"background-color":"var(--ast-global-color-5)","background-image":"","background-repeat":"repeat","background-position":"center center","background-size":"auto","background-attachment":"scroll","background-type":"","background-media":"","overlay-type":"","overlay-color":"","overlay-gradient":""}},"footnotes":""},"categories":[10715],"tags":[7890,7892,7891,10956,22012,194324],"class_list":["post-94241","post","type-post","status-publish","format-standard","hentry","category-sevilla","tag-alfredo-matilla-vicente","tag-antonio-lopez-beltran","tag-hugo-galera-davidson","tag-jesus-loscertales-abril","tag-luis-vicioso-recio","tag-maria-delia-fernandez-gutierrez"],"_links":{"self":[{"href":"https:\/\/www.deberes.net\/tesis\/wp-json\/wp\/v2\/posts\/94241","targetHints":{"allow":["GET"]}}],"collection":[{"href":"https:\/\/www.deberes.net\/tesis\/wp-json\/wp\/v2\/posts"}],"about":[{"href":"https:\/\/www.deberes.net\/tesis\/wp-json\/wp\/v2\/types\/post"}],"author":[{"embeddable":true,"href":"https:\/\/www.deberes.net\/tesis\/wp-json\/wp\/v2\/users\/1"}],"replies":[{"embeddable":true,"href":"https:\/\/www.deberes.net\/tesis\/wp-json\/wp\/v2\/comments?post=94241"}],"version-history":[{"count":0,"href":"https:\/\/www.deberes.net\/tesis\/wp-json\/wp\/v2\/posts\/94241\/revisions"}],"wp:attachment":[{"href":"https:\/\/www.deberes.net\/tesis\/wp-json\/wp\/v2\/media?parent=94241"}],"wp:term":[{"taxonomy":"category","embeddable":true,"href":"https:\/\/www.deberes.net\/tesis\/wp-json\/wp\/v2\/categories?post=94241"},{"taxonomy":"post_tag","embeddable":true,"href":"https:\/\/www.deberes.net\/tesis\/wp-json\/wp\/v2\/tags?post=94241"}],"curies":[{"name":"wp","href":"https:\/\/api.w.org\/{rel}","templated":true}]}}