{"id":94244,"date":"2018-03-11T10:13:56","date_gmt":"2018-03-11T10:13:56","guid":{"rendered":"https:\/\/www.deberes.net\/tesis\/sin-categoria\/la-fotografa%c2%ada-como-objeto-de-estudio-la-imagen-en-internet-de-la-tranasicion-pola%c2%adtico-social-de-la-urss-1989-2001\/"},"modified":"2018-03-11T10:13:56","modified_gmt":"2018-03-11T10:13:56","slug":"la-fotografa%c2%ada-como-objeto-de-estudio-la-imagen-en-internet-de-la-tranasicion-pola%c2%adtico-social-de-la-urss-1989-2001","status":"publish","type":"post","link":"https:\/\/www.deberes.net\/tesis\/historia\/la-fotografa%c2%ada-como-objeto-de-estudio-la-imagen-en-internet-de-la-tranasicion-pola%c2%adtico-social-de-la-urss-1989-2001\/","title":{"rendered":"La fotograf\u00edacomo objeto de estudio: la imagen en internet de la tranasici\u00f3n pol\u00edtico-social de la urss (1989-2001)"},"content":{"rendered":"<h2>Tesis doctoral de <strong> Sylvia Hottinger Craig <\/strong><\/h2>\n<p>La fotograf\u00eda como objeto de estudio: la imagen en internet de la transici\u00f3n pol\u00edtico-social de la urss (1989-2001).  este trabajo de investigaci\u00f3n tiene como marco te\u00f3rico la historia del tiempo presente y como objeto de estudio la fotograf\u00eda de prensa (digital) referida a la crisis de la uni\u00f3n sovi\u00e9tica.  sin que entremos en la pol\u00e9mica historiogr\u00e1fica de si es posible o no una historia del tiempo presente y si \u00e9sta estudia procesos hist\u00f3ricos cerrados para los que existe o no una m\u00ednima distancia cronol\u00f3gica, una discusi\u00f3n que nos conduce a la idea de retrodicci\u00f3n destacada por e.H. Carr en el cl\u00e1sico ensayo \u00c2\u00bfqu\u00e9 es la historia?, Nos situamos entre los que aceptan el presente como marco te\u00f3rico y eje central del an\u00e1lisis hist\u00f3rico; an\u00e1lisis en el que el sujeto se interfiere con el conocimiento, el actor con la acci\u00f3n hist\u00f3rica y la memoria con la interpretaci\u00f3n.  aceptamos que una de las fuentes que m\u00e1s act\u00faa sobre el presente es la imagen, la cual constituye una aportaci\u00f3n esencial en la construcci\u00f3n de la memoria y tambi\u00e9n del discurso hist\u00f3rico, actuando no en pocas ocasiones, como aut\u00e9ntico icono de un momento hist\u00f3rico determinado y fijando acontecimientos que por su trascendencia pueden ser denominados como cruciales a la hora de pautar el devenir hist\u00f3rico.<\/p>\n<p>&nbsp;<\/p>\n<h3>Datos acad\u00e9micos de la tesis doctoral \u00ab<strong>La fotograf\u00edacomo objeto de estudio: la imagen en internet de la tranasici\u00f3n pol\u00edtico-social de la urss (1989-2001)<\/strong>\u00ab<\/h3>\n<ul>\n<li><strong>T\u00edtulo de la tesis:<\/strong>\u00a0 La fotograf\u00edacomo objeto de estudio: la imagen en internet de la tranasici\u00f3n pol\u00edtico-social de la urss (1989-2001) <\/li>\n<li><strong>Autor:<\/strong>\u00a0 Sylvia Hottinger Craig <\/li>\n<li><strong>Universidad:<\/strong>\u00a0 Carlos III de Madrid<\/li>\n<li><strong>Fecha de lectura de la tesis:<\/strong>\u00a0 19\/06\/2009<\/li>\n<\/ul>\n<p>&nbsp;<\/p>\n<h3>Direcci\u00f3n y tribunal<\/h3>\n<ul>\n<li><strong>Director de la tesis<\/strong>\n<ul>\n<li>Pilar Amador Carretero<\/li>\n<\/ul>\n<\/li>\n<li><strong>Tribunal<\/strong>\n<ul>\n<li>Presidente del tribunal: Antonio Rodriguez de las heras p\u00e9rez <\/li>\n<li>bernardo Riego amezaga (vocal)<\/li>\n<li>julio Arostegui sanchez (vocal)<\/li>\n<li>mario pedro Diaz barrado (vocal)<\/li>\n<\/ul>\n<\/li>\n<\/ul>\n<p>&nbsp;<\/p>\n","protected":false},"excerpt":{"rendered":"<p>Tesis doctoral de Sylvia Hottinger Craig La fotograf\u00eda como objeto de estudio: la imagen en internet de la transici\u00f3n pol\u00edtico-social [&hellip;]<\/p>\n","protected":false},"author":1,"featured_media":0,"comment_status":"open","ping_status":"open","sticky":false,"template":"","format":"standard","meta":{"site-sidebar-layout":"default","site-content-layout":"","ast-site-content-layout":"","site-content-style":"default","site-sidebar-style":"default","ast-global-header-display":"","ast-banner-title-visibility":"","ast-main-header-display":"","ast-hfb-above-header-display":"","ast-hfb-below-header-display":"","ast-hfb-mobile-header-display":"","site-post-title":"","ast-breadcrumbs-content":"","ast-featured-img":"","footer-sml-layout":"","theme-transparent-header-meta":"","adv-header-id-meta":"","stick-header-meta":"","header-above-stick-meta":"","header-main-stick-meta":"","header-below-stick-meta":"","astra-migrate-meta-layouts":"default","ast-page-background-enabled":"default","ast-page-background-meta":{"desktop":{"background-color":"var(--ast-global-color-4)","background-image":"","background-repeat":"repeat","background-position":"center center","background-size":"auto","background-attachment":"scroll","background-type":"","background-media":"","overlay-type":"","overlay-color":"","overlay-gradient":""},"tablet":{"background-color":"","background-image":"","background-repeat":"repeat","background-position":"center center","background-size":"auto","background-attachment":"scroll","background-type":"","background-media":"","overlay-type":"","overlay-color":"","overlay-gradient":""},"mobile":{"background-color":"","background-image":"","background-repeat":"repeat","background-position":"center center","background-size":"auto","background-attachment":"scroll","background-type":"","background-media":"","overlay-type":"","overlay-color":"","overlay-gradient":""}},"ast-content-background-meta":{"desktop":{"background-color":"var(--ast-global-color-5)","background-image":"","background-repeat":"repeat","background-position":"center center","background-size":"auto","background-attachment":"scroll","background-type":"","background-media":"","overlay-type":"","overlay-color":"","overlay-gradient":""},"tablet":{"background-color":"var(--ast-global-color-5)","background-image":"","background-repeat":"repeat","background-position":"center center","background-size":"auto","background-attachment":"scroll","background-type":"","background-media":"","overlay-type":"","overlay-color":"","overlay-gradient":""},"mobile":{"background-color":"var(--ast-global-color-5)","background-image":"","background-repeat":"repeat","background-position":"center center","background-size":"auto","background-attachment":"scroll","background-type":"","background-media":"","overlay-type":"","overlay-color":"","overlay-gradient":""}},"footnotes":""},"categories":[18550,5270,104],"tags":[25270,75637,4198,51076,72533,194329],"class_list":["post-94244","post","type-post","status-publish","format-standard","hentry","category-carlos-iii-de-madrid","category-fotografia","category-historia","tag-antonio-rodriguez-de-las-heras-perez","tag-bernardo-riego-amezaga","tag-julio-arostegui-sanchez","tag-mario-pedro-diaz-barrado","tag-pilar-amador-carretero","tag-sylvia-hottinger-craig"],"_links":{"self":[{"href":"https:\/\/www.deberes.net\/tesis\/wp-json\/wp\/v2\/posts\/94244","targetHints":{"allow":["GET"]}}],"collection":[{"href":"https:\/\/www.deberes.net\/tesis\/wp-json\/wp\/v2\/posts"}],"about":[{"href":"https:\/\/www.deberes.net\/tesis\/wp-json\/wp\/v2\/types\/post"}],"author":[{"embeddable":true,"href":"https:\/\/www.deberes.net\/tesis\/wp-json\/wp\/v2\/users\/1"}],"replies":[{"embeddable":true,"href":"https:\/\/www.deberes.net\/tesis\/wp-json\/wp\/v2\/comments?post=94244"}],"version-history":[{"count":0,"href":"https:\/\/www.deberes.net\/tesis\/wp-json\/wp\/v2\/posts\/94244\/revisions"}],"wp:attachment":[{"href":"https:\/\/www.deberes.net\/tesis\/wp-json\/wp\/v2\/media?parent=94244"}],"wp:term":[{"taxonomy":"category","embeddable":true,"href":"https:\/\/www.deberes.net\/tesis\/wp-json\/wp\/v2\/categories?post=94244"},{"taxonomy":"post_tag","embeddable":true,"href":"https:\/\/www.deberes.net\/tesis\/wp-json\/wp\/v2\/tags?post=94244"}],"curies":[{"name":"wp","href":"https:\/\/api.w.org\/{rel}","templated":true}]}}