{"id":94252,"date":"2018-03-11T10:13:56","date_gmt":"2018-03-11T10:13:56","guid":{"rendered":"https:\/\/www.deberes.net\/tesis\/sin-categoria\/la-actividad-musical-en-salamanca-a-traves-de-la-prensa-local-1900-1910\/"},"modified":"2018-03-11T10:13:56","modified_gmt":"2018-03-11T10:13:56","slug":"la-actividad-musical-en-salamanca-a-traves-de-la-prensa-local-1900-1910","status":"publish","type":"post","link":"https:\/\/www.deberes.net\/tesis\/musica-y-musicologia\/la-actividad-musical-en-salamanca-a-traves-de-la-prensa-local-1900-1910\/","title":{"rendered":"La actividad musical en salamanca a trav\u00e9s de la prensa local. 1900-1910"},"content":{"rendered":"<h2>Tesis doctoral de <strong> Francisco Jose Alvarez  Garcia <\/strong><\/h2>\n<p>El trabajo doctoral \u00abla actividad musical en salamanca a trav\u00e9s de la prensa local. 1900-1910\u00bb tiene como objetivos principales obtener una visi\u00f3n general del panorama musical salmantino a comienzos del s.Xx., A trav\u00e9s de la prensa local, aportar un nuevo enfoque cient\u00edfico a contextos ya tratados en diversos \u00e1mbitos fuera del marco de la investigaci\u00f3n as\u00ed como marcar un punto de partida para lo que podr\u00eda convertirse en un estudio mucho m\u00e1s amplio de la m\u00fasica en todo el s. Xx. Salmantino. los diferentes cap\u00edtulos correspondientes al corpus de la tesis, abarcan todas las instituciones, contextos, g\u00e9neros y condicionantes que tuvieron a la m\u00fasica como centro en el periodo objeto de estudio. As\u00ed encontramos recopilados, catalogados y analizados desde caf\u00e9s y salones de esparcimiento con participaci\u00f3n musical, hasta bandas, agrupaciones vocales, salones de baile, etc, pasando por todo tipo de asociaciones de diversa \u00edndole con contexto en lo musical como centro. menci\u00f3n aparte precisan tres cap\u00edtulos en el presente estudio: el referente a la recopilaci\u00f3n y estudio de casi 50 m\u00fasicos pr\u00e1cticamente desconocidos hasta el momento por la comunidad cient\u00edfica, el trabajo llevado a cabo con la incipiente sociedad filarm\u00f3nica salmantina, centro y pilar en el trabajo doctoral, y la catalogaci\u00f3n y documentaci\u00f3n de las m\u00e1s de 30 compa\u00f1\u00edas de teatro l\u00edrico de paso por la ciudad de 1900 a 1910.<\/p>\n<p>&nbsp;<\/p>\n<h3>Datos acad\u00e9micos de la tesis doctoral \u00ab<strong>La actividad musical en salamanca a trav\u00e9s de la prensa local. 1900-1910<\/strong>\u00ab<\/h3>\n<ul>\n<li><strong>T\u00edtulo de la tesis:<\/strong>\u00a0 La actividad musical en salamanca a trav\u00e9s de la prensa local. 1900-1910 <\/li>\n<li><strong>Autor:<\/strong>\u00a0 Francisco Jose Alvarez  Garcia <\/li>\n<li><strong>Universidad:<\/strong>\u00a0 Salamanca<\/li>\n<li><strong>Fecha de lectura de la tesis:<\/strong>\u00a0 19\/06\/2009<\/li>\n<\/ul>\n<p>&nbsp;<\/p>\n<h3>Direcci\u00f3n y tribunal<\/h3>\n<ul>\n<li><strong>Director de la tesis<\/strong>\n<ul>\n<li>Jos\u00e9 Mar\u00eda Garcia Laborda<\/li>\n<\/ul>\n<\/li>\n<li><strong>Tribunal<\/strong>\n<ul>\n<li>Presidente del tribunal: matilde Mar\u00eda Olarte mart\u00ednez <\/li>\n<li>Rafael Prieto alberola (vocal)<\/li>\n<li>julio Carlos Arce bueno (vocal)<\/li>\n<li>francesc Cort\u00e9s mir (vocal)<\/li>\n<\/ul>\n<\/li>\n<\/ul>\n<p>&nbsp;<\/p>\n","protected":false},"excerpt":{"rendered":"<p>Tesis doctoral de Francisco Jose Alvarez Garcia El trabajo doctoral \u00abla actividad musical en salamanca a trav\u00e9s de la prensa [&hellip;]<\/p>\n","protected":false},"author":1,"featured_media":0,"comment_status":"open","ping_status":"open","sticky":false,"template":"","format":"standard","meta":{"site-sidebar-layout":"default","site-content-layout":"","ast-site-content-layout":"","site-content-style":"default","site-sidebar-style":"default","ast-global-header-display":"","ast-banner-title-visibility":"","ast-main-header-display":"","ast-hfb-above-header-display":"","ast-hfb-below-header-display":"","ast-hfb-mobile-header-display":"","site-post-title":"","ast-breadcrumbs-content":"","ast-featured-img":"","footer-sml-layout":"","theme-transparent-header-meta":"","adv-header-id-meta":"","stick-header-meta":"","header-above-stick-meta":"","header-main-stick-meta":"","header-below-stick-meta":"","astra-migrate-meta-layouts":"default","ast-page-background-enabled":"default","ast-page-background-meta":{"desktop":{"background-color":"var(--ast-global-color-4)","background-image":"","background-repeat":"repeat","background-position":"center center","background-size":"auto","background-attachment":"scroll","background-type":"","background-media":"","overlay-type":"","overlay-color":"","overlay-gradient":""},"tablet":{"background-color":"","background-image":"","background-repeat":"repeat","background-position":"center center","background-size":"auto","background-attachment":"scroll","background-type":"","background-media":"","overlay-type":"","overlay-color":"","overlay-gradient":""},"mobile":{"background-color":"","background-image":"","background-repeat":"repeat","background-position":"center center","background-size":"auto","background-attachment":"scroll","background-type":"","background-media":"","overlay-type":"","overlay-color":"","overlay-gradient":""}},"ast-content-background-meta":{"desktop":{"background-color":"var(--ast-global-color-5)","background-image":"","background-repeat":"repeat","background-position":"center center","background-size":"auto","background-attachment":"scroll","background-type":"","background-media":"","overlay-type":"","overlay-color":"","overlay-gradient":""},"tablet":{"background-color":"var(--ast-global-color-5)","background-image":"","background-repeat":"repeat","background-position":"center center","background-size":"auto","background-attachment":"scroll","background-type":"","background-media":"","overlay-type":"","overlay-color":"","overlay-gradient":""},"mobile":{"background-color":"var(--ast-global-color-5)","background-image":"","background-repeat":"repeat","background-position":"center center","background-size":"auto","background-attachment":"scroll","background-type":"","background-media":"","overlay-type":"","overlay-color":"","overlay-gradient":""}},"footnotes":""},"categories":[9132,9386],"tags":[13803,145262,49905,164685,38488,148698],"class_list":["post-94252","post","type-post","status-publish","format-standard","hentry","category-musica-y-musicologia","category-salamanca","tag-francesc-cortes-mir","tag-francisco-jose-alvarez-garcia","tag-jose-maria-garcia-laborda","tag-julio-carlos-arce-bueno","tag-matilde-maria-olarte-Martinez","tag-rafael-prieto-alberola"],"_links":{"self":[{"href":"https:\/\/www.deberes.net\/tesis\/wp-json\/wp\/v2\/posts\/94252","targetHints":{"allow":["GET"]}}],"collection":[{"href":"https:\/\/www.deberes.net\/tesis\/wp-json\/wp\/v2\/posts"}],"about":[{"href":"https:\/\/www.deberes.net\/tesis\/wp-json\/wp\/v2\/types\/post"}],"author":[{"embeddable":true,"href":"https:\/\/www.deberes.net\/tesis\/wp-json\/wp\/v2\/users\/1"}],"replies":[{"embeddable":true,"href":"https:\/\/www.deberes.net\/tesis\/wp-json\/wp\/v2\/comments?post=94252"}],"version-history":[{"count":0,"href":"https:\/\/www.deberes.net\/tesis\/wp-json\/wp\/v2\/posts\/94252\/revisions"}],"wp:attachment":[{"href":"https:\/\/www.deberes.net\/tesis\/wp-json\/wp\/v2\/media?parent=94252"}],"wp:term":[{"taxonomy":"category","embeddable":true,"href":"https:\/\/www.deberes.net\/tesis\/wp-json\/wp\/v2\/categories?post=94252"},{"taxonomy":"post_tag","embeddable":true,"href":"https:\/\/www.deberes.net\/tesis\/wp-json\/wp\/v2\/tags?post=94252"}],"curies":[{"name":"wp","href":"https:\/\/api.w.org\/{rel}","templated":true}]}}