{"id":94346,"date":"2018-03-11T10:14:01","date_gmt":"2018-03-11T10:14:01","guid":{"rendered":"https:\/\/www.deberes.net\/tesis\/sin-categoria\/transmision-intergeneracional-de-la-violencia-de-genero-en-el-ambito-familiar\/"},"modified":"2018-03-11T10:14:01","modified_gmt":"2018-03-11T10:14:01","slug":"transmision-intergeneracional-de-la-violencia-de-genero-en-el-ambito-familiar","status":"publish","type":"post","link":"https:\/\/www.deberes.net\/tesis\/psicologia\/transmision-intergeneracional-de-la-violencia-de-genero-en-el-ambito-familiar\/","title":{"rendered":"Transmision intergeneracional de la violencia de genero en el ambito familiar"},"content":{"rendered":"<h2>Tesis doctoral de <strong> Lorena Medina Rodriguez <\/strong><\/h2>\n<p>Objetivo: analizar la transmisi\u00f3n intergeneracional de la violencia de g\u00e9nero en el \u00e1mbito familiar y conocer si los antecedentes familiares de violencia son un factor diferencial en el maltrato actual a la mujer por su pareja y en su impacto psicol\u00f3gico. m\u00e9todo: una muestra cl\u00ednica formada por 516 mujeres maltratadas por su pareja y 204 personas de la poblaci\u00f3n general de ambos g\u00e9neros fueron evaluados\/as acerca de los antecedentes de violencia en su familia de origen y por el maltrato actual a\/de su pareja. resultados: el 51,8% de los maltratadores de la muestra cl\u00ednica y el 33,9% de las mujeres maltratadas ten\u00edan antecedentes familiares de violencia, porcentajes que eran del 37,8% y del 40% respectivamente en la muestra de la poblaci\u00f3n general. En la muestra cl\u00ednica se encontr\u00f3 que la historia de violencia en la familia de origen del agresor era un factor diferencial en los patrones de violencia hacia su pareja. En el caso de las mujeres maltratadas los antecedentes familiares de violencia no parec\u00edan influir en el maltrato infligido por su pareja. Y tanto en hombres como en mujeres el tener historia de violencia en la familia de origen se asociaba con maltrato a sus hijos\/as. conclusi\u00f3n: los resultados de la investigaci\u00f3n apoyan parcialmente la hip\u00f3tesis de la transmisi\u00f3n intergeneracional de la violencia y muestran que se trata de una cuesti\u00f3n compleja en la que intervienen factores tales como si se trata de muestra cl\u00ednica o comunitaria; si hablamos de presencia o no de violencia hacia la mujer o de su intensidad; si la violencia se da o no desde el inicio de la relaci\u00f3n de pareja; y si tenemos en cuenta la violencia hacia la tercera generaci\u00f3n.<\/p>\n<p>&nbsp;<\/p>\n<h3>Datos acad\u00e9micos de la tesis doctoral \u00ab<strong>Transmision intergeneracional de la violencia de genero en el ambito familiar<\/strong>\u00ab<\/h3>\n<ul>\n<li><strong>T\u00edtulo de la tesis:<\/strong>\u00a0 Transmision intergeneracional de la violencia de genero en el ambito familiar <\/li>\n<li><strong>Autor:<\/strong>\u00a0 Lorena Medina Rodriguez <\/li>\n<li><strong>Universidad:<\/strong>\u00a0 La laguna<\/li>\n<li><strong>Fecha de lectura de la tesis:<\/strong>\u00a0 23\/06\/2009<\/li>\n<\/ul>\n<p>&nbsp;<\/p>\n<h3>Direcci\u00f3n y tribunal<\/h3>\n<ul>\n<li><strong>Director de la tesis<\/strong>\n<ul>\n<li>Mar\u00eda  Pilar Matud Aznar<\/li>\n<\/ul>\n<\/li>\n<li><strong>Tribunal<\/strong>\n<ul>\n<li>Presidente del tribunal: Francisco javier Rodr\u00edguez d\u00edaz <\/li>\n<li>Mar\u00eda Jos\u00e9 Del pino espejo (vocal)<\/li>\n<li>carmen Rodr\u00edguez wang\u00ed\u00bcemert (vocal)<\/li>\n<li>joaqu\u00edn Grande baos (vocal)<\/li>\n<\/ul>\n<\/li>\n<\/ul>\n<p>&nbsp;<\/p>\n","protected":false},"excerpt":{"rendered":"<p>Tesis doctoral de Lorena Medina Rodriguez Objetivo: analizar la transmisi\u00f3n intergeneracional de la violencia de g\u00e9nero en el \u00e1mbito familiar [&hellip;]<\/p>\n","protected":false},"author":1,"featured_media":0,"comment_status":"open","ping_status":"open","sticky":false,"template":"","format":"standard","meta":{"site-sidebar-layout":"default","site-content-layout":"","ast-site-content-layout":"","site-content-style":"default","site-sidebar-style":"default","ast-global-header-display":"","ast-banner-title-visibility":"","ast-main-header-display":"","ast-hfb-above-header-display":"","ast-hfb-below-header-display":"","ast-hfb-mobile-header-display":"","site-post-title":"","ast-breadcrumbs-content":"","ast-featured-img":"","footer-sml-layout":"","theme-transparent-header-meta":"","adv-header-id-meta":"","stick-header-meta":"","header-above-stick-meta":"","header-main-stick-meta":"","header-below-stick-meta":"","astra-migrate-meta-layouts":"default","ast-page-background-enabled":"default","ast-page-background-meta":{"desktop":{"background-color":"var(--ast-global-color-4)","background-image":"","background-repeat":"repeat","background-position":"center center","background-size":"auto","background-attachment":"scroll","background-type":"","background-media":"","overlay-type":"","overlay-color":"","overlay-gradient":""},"tablet":{"background-color":"","background-image":"","background-repeat":"repeat","background-position":"center center","background-size":"auto","background-attachment":"scroll","background-type":"","background-media":"","overlay-type":"","overlay-color":"","overlay-gradient":""},"mobile":{"background-color":"","background-image":"","background-repeat":"repeat","background-position":"center center","background-size":"auto","background-attachment":"scroll","background-type":"","background-media":"","overlay-type":"","overlay-color":"","overlay-gradient":""}},"ast-content-background-meta":{"desktop":{"background-color":"var(--ast-global-color-5)","background-image":"","background-repeat":"repeat","background-position":"center center","background-size":"auto","background-attachment":"scroll","background-type":"","background-media":"","overlay-type":"","overlay-color":"","overlay-gradient":""},"tablet":{"background-color":"var(--ast-global-color-5)","background-image":"","background-repeat":"repeat","background-position":"center center","background-size":"auto","background-attachment":"scroll","background-type":"","background-media":"","overlay-type":"","overlay-color":"","overlay-gradient":""},"mobile":{"background-color":"var(--ast-global-color-5)","background-image":"","background-repeat":"repeat","background-position":"center center","background-size":"auto","background-attachment":"scroll","background-type":"","background-media":"","overlay-type":"","overlay-color":"","overlay-gradient":""}},"footnotes":""},"categories":[6025,9915,324],"tags":[132774,9072,194506,194505,127580,71314],"class_list":["post-94346","post","type-post","status-publish","format-standard","hentry","category-estudio-psicologico-de-cuestiones-sociales","category-la-laguna","category-psicologia","tag-carmen-rodriguez-wangiemert","tag-francisco-javier-rodriguez-diaz","tag-joaquin-grande-baos","tag-lorena-medina-rodriguez","tag-maria-jose-del-pino-espejo","tag-maria-pilar-matud-aznar"],"_links":{"self":[{"href":"https:\/\/www.deberes.net\/tesis\/wp-json\/wp\/v2\/posts\/94346","targetHints":{"allow":["GET"]}}],"collection":[{"href":"https:\/\/www.deberes.net\/tesis\/wp-json\/wp\/v2\/posts"}],"about":[{"href":"https:\/\/www.deberes.net\/tesis\/wp-json\/wp\/v2\/types\/post"}],"author":[{"embeddable":true,"href":"https:\/\/www.deberes.net\/tesis\/wp-json\/wp\/v2\/users\/1"}],"replies":[{"embeddable":true,"href":"https:\/\/www.deberes.net\/tesis\/wp-json\/wp\/v2\/comments?post=94346"}],"version-history":[{"count":0,"href":"https:\/\/www.deberes.net\/tesis\/wp-json\/wp\/v2\/posts\/94346\/revisions"}],"wp:attachment":[{"href":"https:\/\/www.deberes.net\/tesis\/wp-json\/wp\/v2\/media?parent=94346"}],"wp:term":[{"taxonomy":"category","embeddable":true,"href":"https:\/\/www.deberes.net\/tesis\/wp-json\/wp\/v2\/categories?post=94346"},{"taxonomy":"post_tag","embeddable":true,"href":"https:\/\/www.deberes.net\/tesis\/wp-json\/wp\/v2\/tags?post=94346"}],"curies":[{"name":"wp","href":"https:\/\/api.w.org\/{rel}","templated":true}]}}