{"id":94358,"date":"2018-03-11T10:14:01","date_gmt":"2018-03-11T10:14:01","guid":{"rendered":"https:\/\/www.deberes.net\/tesis\/sin-categoria\/mecanismos-implicados-en-la-disfuncion-endotelial-asociada-al-envejecimiento-humano\/"},"modified":"2018-03-11T10:14:01","modified_gmt":"2018-03-11T10:14:01","slug":"mecanismos-implicados-en-la-disfuncion-endotelial-asociada-al-envejecimiento-humano","status":"publish","type":"post","link":"https:\/\/www.deberes.net\/tesis\/envejecimiento-de-la-poblacion\/mecanismos-implicados-en-la-disfuncion-endotelial-asociada-al-envejecimiento-humano\/","title":{"rendered":"Mecanismos implicados en la disfunci\u00f3n endotelial asociada al envejecimiento humano"},"content":{"rendered":"<h2>Tesis doctoral de <strong> Mar\u00eda m El Assar De La Fuente <\/strong><\/h2>\n<p>El envejecimiento est\u00e1 considerado el principal factor de riesgo cardiovascular. El proceso del envejecimiento se asocia a una disfunci\u00f3n endotelial, que a su vez est\u00e1 considerada como un componente crucial en el desarrollo de m\u00faltiples vasculopat\u00edas. El objetivo del presente trabajo ha sido investigar los mecanismos implicados en el proceso del envejecimiento endotelial humano, particularmente aquellos relacionados con el estr\u00e9s oxidativo y la inflamaci\u00f3n en la vasculatura de sujetos con edades entre 18-91 a\u00f1os, sin enfermedad cardiovascular o factores de riesgo. En los microvasos mesent\u00e9ricos aislados de los sujetos, se observ\u00f3 un empeoramiento edad-dependiente de las relajaciones endotelio-dependientes inducidas por bk. La mayor parte de las relajaciones inducidas por bk en los microvasos procedentes de los sujetos menores de 60 a\u00f1os producida por no. La parte restante era sensible al bloqueo de la ciclooxigenasa (cox). Sin embargo, los microvasos procedentes de sujetos mayores de 60 a\u00f1os, las relajaciones derivadas de cox se pierden y aparece un factor contr\u00e1ctil derivado de cox. Tambi\u00e9n se observaron evidencias de la presencia de patrones inflamatorios y oxidativos relacionados con la edad que pueden estar relacionados con el desarrollo de la disfunci\u00f3n endotelial. En los microvasos procedentes de sujetos mayores de 60 a\u00f1os se observ\u00f3 la formaci\u00f3n de ani\u00f3n super\u00f3xido (o-2) y de peroxinitrito (onoo-),  y un aumento en la expresi\u00f3n de la nadph oxidasa y \u00f3xido n\u00edtrico sintasa inducible (inos). La intervenci\u00f3n farmacol\u00f3gica sobre o-2, onoo-, nadph oxidasa, inos, cox-2, y el receptor del tromboxano a2\/ prostaglandina h2, indujeron una mejor\u00eda similar de la disfunci\u00f3n endotelial asociada a la edad. La activaci\u00f3n vascular in situ del factor nuclear -kb (nf-kb) aument\u00f3 con la edad y se correlaci\u00f3n con la disfunci\u00f3n endotelial. En conclusi\u00f3n proponemos una vinculaci\u00f3n entre la disfunci\u00f3n endotelial edad-dependiente, el estr\u00e9s oxidativo observado en humanos y el desarrollo de la inflamaci\u00f3n en la pared vascular.<\/p>\n<p>&nbsp;<\/p>\n<h3>Datos acad\u00e9micos de la tesis doctoral \u00ab<strong>Mecanismos implicados en la disfunci\u00f3n endotelial asociada al envejecimiento humano<\/strong>\u00ab<\/h3>\n<ul>\n<li><strong>T\u00edtulo de la tesis:<\/strong>\u00a0 Mecanismos implicados en la disfunci\u00f3n endotelial asociada al envejecimiento humano <\/li>\n<li><strong>Autor:<\/strong>\u00a0 Mar\u00eda m El Assar De La Fuente <\/li>\n<li><strong>Universidad:<\/strong>\u00a0 Aut\u00f3noma de Madrid<\/li>\n<li><strong>Fecha de lectura de la tesis:<\/strong>\u00a0 23\/06\/2009<\/li>\n<\/ul>\n<p>&nbsp;<\/p>\n<h3>Direcci\u00f3n y tribunal<\/h3>\n<ul>\n<li><strong>Director de la tesis<\/strong>\n<ul>\n<li>Leocadio Rodr\u00edguez Ma\u00f1as<\/li>\n<\/ul>\n<\/li>\n<li><strong>Tribunal<\/strong>\n<ul>\n<li>Presidente del tribunal: pedro S\u00e1nchez Garc\u00eda <\/li>\n<li>Andr\u00e9s Esteban de la torre (vocal)<\/li>\n<li>gonzalo Costa buitrago (vocal)<\/li>\n<li>Jos\u00e9 Vi\u00f1a ribes (vocal)<\/li>\n<\/ul>\n<\/li>\n<\/ul>\n<p>&nbsp;<\/p>\n","protected":false},"excerpt":{"rendered":"<p>Tesis doctoral de Mar\u00eda m El Assar De La Fuente El envejecimiento est\u00e1 considerado el principal factor de riesgo cardiovascular. [&hellip;]<\/p>\n","protected":false},"author":1,"featured_media":0,"comment_status":"open","ping_status":"open","sticky":false,"template":"","format":"standard","meta":{"site-sidebar-layout":"default","site-content-layout":"","ast-site-content-layout":"","site-content-style":"default","site-sidebar-style":"default","ast-global-header-display":"","ast-banner-title-visibility":"","ast-main-header-display":"","ast-hfb-above-header-display":"","ast-hfb-below-header-display":"","ast-hfb-mobile-header-display":"","site-post-title":"","ast-breadcrumbs-content":"","ast-featured-img":"","footer-sml-layout":"","theme-transparent-header-meta":"","adv-header-id-meta":"","stick-header-meta":"","header-above-stick-meta":"","header-main-stick-meta":"","header-below-stick-meta":"","astra-migrate-meta-layouts":"default","ast-page-background-enabled":"default","ast-page-background-meta":{"desktop":{"background-color":"var(--ast-global-color-4)","background-image":"","background-repeat":"repeat","background-position":"center center","background-size":"auto","background-attachment":"scroll","background-type":"","background-media":"","overlay-type":"","overlay-color":"","overlay-gradient":""},"tablet":{"background-color":"","background-image":"","background-repeat":"repeat","background-position":"center center","background-size":"auto","background-attachment":"scroll","background-type":"","background-media":"","overlay-type":"","overlay-color":"","overlay-gradient":""},"mobile":{"background-color":"","background-image":"","background-repeat":"repeat","background-position":"center center","background-size":"auto","background-attachment":"scroll","background-type":"","background-media":"","overlay-type":"","overlay-color":"","overlay-gradient":""}},"ast-content-background-meta":{"desktop":{"background-color":"var(--ast-global-color-5)","background-image":"","background-repeat":"repeat","background-position":"center center","background-size":"auto","background-attachment":"scroll","background-type":"","background-media":"","overlay-type":"","overlay-color":"","overlay-gradient":""},"tablet":{"background-color":"var(--ast-global-color-5)","background-image":"","background-repeat":"repeat","background-position":"center center","background-size":"auto","background-attachment":"scroll","background-type":"","background-media":"","overlay-type":"","overlay-color":"","overlay-gradient":""},"mobile":{"background-color":"var(--ast-global-color-5)","background-image":"","background-repeat":"repeat","background-position":"center center","background-size":"auto","background-attachment":"scroll","background-type":"","background-media":"","overlay-type":"","overlay-color":"","overlay-gradient":""}},"footnotes":""},"categories":[4697],"tags":[45491,6637,7414,83850,194525,4664],"class_list":["post-94358","post","type-post","status-publish","format-standard","hentry","category-envejecimiento-de-la-poblacion","tag-andres-esteban-de-la-torre","tag-gonzalo-costa-buitrago","tag-jose-vina-ribes","tag-leocadio-rodriguez-manas","tag-maria-m-el-assar-de-la-fuente","tag-pedro-sanchez-garcia"],"_links":{"self":[{"href":"https:\/\/www.deberes.net\/tesis\/wp-json\/wp\/v2\/posts\/94358","targetHints":{"allow":["GET"]}}],"collection":[{"href":"https:\/\/www.deberes.net\/tesis\/wp-json\/wp\/v2\/posts"}],"about":[{"href":"https:\/\/www.deberes.net\/tesis\/wp-json\/wp\/v2\/types\/post"}],"author":[{"embeddable":true,"href":"https:\/\/www.deberes.net\/tesis\/wp-json\/wp\/v2\/users\/1"}],"replies":[{"embeddable":true,"href":"https:\/\/www.deberes.net\/tesis\/wp-json\/wp\/v2\/comments?post=94358"}],"version-history":[{"count":0,"href":"https:\/\/www.deberes.net\/tesis\/wp-json\/wp\/v2\/posts\/94358\/revisions"}],"wp:attachment":[{"href":"https:\/\/www.deberes.net\/tesis\/wp-json\/wp\/v2\/media?parent=94358"}],"wp:term":[{"taxonomy":"category","embeddable":true,"href":"https:\/\/www.deberes.net\/tesis\/wp-json\/wp\/v2\/categories?post=94358"},{"taxonomy":"post_tag","embeddable":true,"href":"https:\/\/www.deberes.net\/tesis\/wp-json\/wp\/v2\/tags?post=94358"}],"curies":[{"name":"wp","href":"https:\/\/api.w.org\/{rel}","templated":true}]}}