{"id":94380,"date":"2018-03-11T10:14:06","date_gmt":"2018-03-11T10:14:06","guid":{"rendered":"https:\/\/www.deberes.net\/tesis\/sin-categoria\/informacion-regulacion-y-confidencialidad\/"},"modified":"2018-03-11T10:14:06","modified_gmt":"2018-03-11T10:14:06","slug":"informacion-regulacion-y-confidencialidad","status":"publish","type":"post","link":"https:\/\/www.deberes.net\/tesis\/derecho-administrativo\/informacion-regulacion-y-confidencialidad\/","title":{"rendered":"Informaci\u00f3n, regulaci\u00f3n y confidencialidad"},"content":{"rendered":"<h2>Tesis doctoral de <strong> Diana Carolina Wisner Glusco <\/strong><\/h2>\n<p>El objeto de la tesis doctoral es analizar el modo, medios y forma en que la informaci\u00f3n regulatoria incide y contribuye al desarrollo del mercado de las telecomunicaciones, de conformidad con los principios reguladores dispuestos en el mrce, las misiones de las anr y las competencias de la comisi\u00f3n europea, en aras de lograr la aplicaci\u00f3n coherente de las directivas comunitarias. Todo ello con la finalidad de establecer c\u00f3mo la informaci\u00f3n regulatoria constituye un instrumento para la regulaci\u00f3n del sector y la consolidaci\u00f3n de la competencia.  las cuatro l\u00edneas principales de investigaci\u00f3n son: la informaci\u00f3n regulatoria en el mrce; las competencias de los reguladores y los mecanismos para obtener informaci\u00f3n del mercado; la utilizaci\u00f3n de la informaci\u00f3n regulatoria para el cumplimiento de las misiones de las anr &#8211; en particular de la comisi\u00f3n del mercado de las telecomunicaciones- de cara a garantizar la competencia efectiva en el sector, y los principios aplicables al acceso a la informaci\u00f3n regulatoria y la confidencialidad de la misma. como colof\u00f3n de la investigaci\u00f3n se presenta una propuesta de circular relativa al tratamiento de la informaci\u00f3n confidencial en la tramitaci\u00f3n de los expedientes en el seno de la comisi\u00f3n del mercado de las telecomunicaciones.<\/p>\n<p>&nbsp;<\/p>\n<h3>Datos acad\u00e9micos de la tesis doctoral \u00ab<strong>Informaci\u00f3n, regulaci\u00f3n y confidencialidad<\/strong>\u00ab<\/h3>\n<ul>\n<li><strong>T\u00edtulo de la tesis:<\/strong>\u00a0 Informaci\u00f3n, regulaci\u00f3n y confidencialidad <\/li>\n<li><strong>Autor:<\/strong>\u00a0 Diana Carolina Wisner Glusco <\/li>\n<li><strong>Universidad:<\/strong>\u00a0 Carlos III de Madrid<\/li>\n<li><strong>Fecha de lectura de la tesis:<\/strong>\u00a0 23\/06\/2009<\/li>\n<\/ul>\n<p>&nbsp;<\/p>\n<h3>Direcci\u00f3n y tribunal<\/h3>\n<ul>\n<li><strong>Director de la tesis<\/strong>\n<ul>\n<li>salcedo Fern\u00e1ndez Del Castillo De La Quadra<\/li>\n<\/ul>\n<\/li>\n<li><strong>Tribunal<\/strong>\n<ul>\n<li>Presidente del tribunal: luciano Parejo alfonso <\/li>\n<li>lu\u00eds ignacio Ortega \u00e1lvarez (vocal)<\/li>\n<li>Andr\u00e9s Betancor rodriguez (vocal)<\/li>\n<li>angel ignacio Garcia castillejo (vocal)<\/li>\n<\/ul>\n<\/li>\n<\/ul>\n<p>&nbsp;<\/p>\n","protected":false},"excerpt":{"rendered":"<p>Tesis doctoral de Diana Carolina Wisner Glusco El objeto de la tesis doctoral es analizar el modo, medios y forma [&hellip;]<\/p>\n","protected":false},"author":1,"featured_media":0,"comment_status":"open","ping_status":"open","sticky":false,"template":"","format":"standard","meta":{"site-sidebar-layout":"default","site-content-layout":"","ast-site-content-layout":"","site-content-style":"default","site-sidebar-style":"default","ast-global-header-display":"","ast-banner-title-visibility":"","ast-main-header-display":"","ast-hfb-above-header-display":"","ast-hfb-below-header-display":"","ast-hfb-mobile-header-display":"","site-post-title":"","ast-breadcrumbs-content":"","ast-featured-img":"","footer-sml-layout":"","theme-transparent-header-meta":"","adv-header-id-meta":"","stick-header-meta":"","header-above-stick-meta":"","header-main-stick-meta":"","header-below-stick-meta":"","astra-migrate-meta-layouts":"default","ast-page-background-enabled":"default","ast-page-background-meta":{"desktop":{"background-color":"var(--ast-global-color-4)","background-image":"","background-repeat":"repeat","background-position":"center center","background-size":"auto","background-attachment":"scroll","background-type":"","background-media":"","overlay-type":"","overlay-color":"","overlay-gradient":""},"tablet":{"background-color":"","background-image":"","background-repeat":"repeat","background-position":"center center","background-size":"auto","background-attachment":"scroll","background-type":"","background-media":"","overlay-type":"","overlay-color":"","overlay-gradient":""},"mobile":{"background-color":"","background-image":"","background-repeat":"repeat","background-position":"center center","background-size":"auto","background-attachment":"scroll","background-type":"","background-media":"","overlay-type":"","overlay-color":"","overlay-gradient":""}},"ast-content-background-meta":{"desktop":{"background-color":"var(--ast-global-color-5)","background-image":"","background-repeat":"repeat","background-position":"center center","background-size":"auto","background-attachment":"scroll","background-type":"","background-media":"","overlay-type":"","overlay-color":"","overlay-gradient":""},"tablet":{"background-color":"var(--ast-global-color-5)","background-image":"","background-repeat":"repeat","background-position":"center center","background-size":"auto","background-attachment":"scroll","background-type":"","background-media":"","overlay-type":"","overlay-color":"","overlay-gradient":""},"mobile":{"background-color":"var(--ast-global-color-5)","background-image":"","background-repeat":"repeat","background-position":"center center","background-size":"auto","background-attachment":"scroll","background-type":"","background-media":"","overlay-type":"","overlay-color":"","overlay-gradient":""}},"footnotes":""},"categories":[18550,1442],"tags":[22096,136368,194562,144133,6454,38833],"class_list":["post-94380","post","type-post","status-publish","format-standard","hentry","category-carlos-iii-de-madrid","category-derecho-administrativo","tag-andres-betancor-rodriguez","tag-angel-ignacio-garcia-castillejo","tag-diana-carolina-wisner-glusco","tag-luciano-parejo-alfonso","tag-luis-ignacio-ortega-alvarez","tag-salcedo-fernandez-del-castillo-de-la-quadra"],"_links":{"self":[{"href":"https:\/\/www.deberes.net\/tesis\/wp-json\/wp\/v2\/posts\/94380","targetHints":{"allow":["GET"]}}],"collection":[{"href":"https:\/\/www.deberes.net\/tesis\/wp-json\/wp\/v2\/posts"}],"about":[{"href":"https:\/\/www.deberes.net\/tesis\/wp-json\/wp\/v2\/types\/post"}],"author":[{"embeddable":true,"href":"https:\/\/www.deberes.net\/tesis\/wp-json\/wp\/v2\/users\/1"}],"replies":[{"embeddable":true,"href":"https:\/\/www.deberes.net\/tesis\/wp-json\/wp\/v2\/comments?post=94380"}],"version-history":[{"count":0,"href":"https:\/\/www.deberes.net\/tesis\/wp-json\/wp\/v2\/posts\/94380\/revisions"}],"wp:attachment":[{"href":"https:\/\/www.deberes.net\/tesis\/wp-json\/wp\/v2\/media?parent=94380"}],"wp:term":[{"taxonomy":"category","embeddable":true,"href":"https:\/\/www.deberes.net\/tesis\/wp-json\/wp\/v2\/categories?post=94380"},{"taxonomy":"post_tag","embeddable":true,"href":"https:\/\/www.deberes.net\/tesis\/wp-json\/wp\/v2\/tags?post=94380"}],"curies":[{"name":"wp","href":"https:\/\/api.w.org\/{rel}","templated":true}]}}