{"id":94401,"date":"2018-03-11T10:14:06","date_gmt":"2018-03-11T10:14:06","guid":{"rendered":"https:\/\/www.deberes.net\/tesis\/sin-categoria\/ideacion-suicida-en-jovenes-formulacion-y-validacion-del-modelo-integrador-explicativo-en-estudiantes-de-educacion-secundaria-y-superior\/"},"modified":"2018-03-11T10:14:06","modified_gmt":"2018-03-11T10:14:06","slug":"ideacion-suicida-en-jovenes-formulacion-y-validacion-del-modelo-integrador-explicativo-en-estudiantes-de-educacion-secundaria-y-superior","status":"publish","type":"post","link":"https:\/\/www.deberes.net\/tesis\/psicopatologia\/ideacion-suicida-en-jovenes-formulacion-y-validacion-del-modelo-integrador-explicativo-en-estudiantes-de-educacion-secundaria-y-superior\/","title":{"rendered":"Ideaci\u00f3n suicida en j\u00f3venes: formulaci\u00f3n y validaci\u00f3n del modelo integrador explicativo en estudiantes de educaci\u00f3n secundaria y superior"},"content":{"rendered":"<h2>Tesis doctoral de <strong> Fredy Hern\u00e1n Villalobos Galvis <\/strong><\/h2>\n<p>Con el objeto de determinar la validez de modelos predictivos de la ideaci\u00f3n suicida, compuestos por depresi\u00f3n, desesperanza, eventos vitales estresantes, soluci\u00f3n de problemas, autoestima, apoyo social y razones para vivir, se llev\u00f3 a cabo un estudio exploratorio en 1210 estudiantes de colegios y universidades de la ciudad de san juan de pasto &#8211; colombia, de acuerdo con sexo, etapa evolutiva y nivel acad\u00e9mico. Los resultados permitieron establecer que existen relaciones altamente significativas entre todas las variables del estudio en la muestra total y a trav\u00e9s de los diferentes grupos de la misma. De igual manera, se determin\u00f3 que todas las variables predictivas tienen un aporte significativo a la predicci\u00f3n de las ideas suicidas. Tambi\u00e9n se formularon esquemas de relaciones de mediaci\u00f3n y moderaci\u00f3n que expresaban el sentido de los modelos de incapacidad-falta de val\u00eda y de factores de riesgo-protecci\u00f3n, los cuales fueron evaluados, demostr\u00e1ndose que la mayor\u00eda de las relaciones propuestas no ten\u00edan significancia estad\u00edstica. Ante este hecho y apoyados por los resultados del an\u00e1lisis de trayectorias, se formul\u00f3 el modelo integrador explicativo de la ideaci\u00f3n suicida, el cual implic\u00f3 una redefinici\u00f3n de las relaciones entre variables y alcanz\u00f3 un mejor ajuste de los datos a trav\u00e9s de los diferentes grupos poblacionales. Este modelo formula una serie trayectorias desde las variables de riesgo hacia la ideaci\u00f3n suicida, las cuales son afectadas por las variables de protecci\u00f3n.  Finalmente, se propone un modelo reducido que es una variaci\u00f3n del modelo de estr\u00e9s &#8211; di\u00e1tesis &#8211; desesperanza, el cual mejora los niveles de ajuste en los grupos de adolescencia temprana y media.<\/p>\n<p>&nbsp;<\/p>\n<h3>Datos acad\u00e9micos de la tesis doctoral \u00ab<strong>Ideaci\u00f3n suicida en j\u00f3venes: formulaci\u00f3n y validaci\u00f3n del modelo integrador explicativo en estudiantes de educaci\u00f3n secundaria y superior<\/strong>\u00ab<\/h3>\n<ul>\n<li><strong>T\u00edtulo de la tesis:<\/strong>\u00a0 Ideaci\u00f3n suicida en j\u00f3venes: formulaci\u00f3n y validaci\u00f3n del modelo integrador explicativo en estudiantes de educaci\u00f3n secundaria y superior <\/li>\n<li><strong>Autor:<\/strong>\u00a0 Fredy Hern\u00e1n Villalobos Galvis <\/li>\n<li><strong>Universidad:<\/strong>\u00a0 Granada<\/li>\n<li><strong>Fecha de lectura de la tesis:<\/strong>\u00a0 24\/06\/2009<\/li>\n<\/ul>\n<p>&nbsp;<\/p>\n<h3>Direcci\u00f3n y tribunal<\/h3>\n<ul>\n<li><strong>Director de la tesis<\/strong>\n<ul>\n<li>Vicente E. Caballo Manrique<\/li>\n<\/ul>\n<\/li>\n<li><strong>Tribunal<\/strong>\n<ul>\n<li>Presidente del tribunal: Jos\u00e9 Antonio Carrobles isabel <\/li>\n<li>Mar\u00eda Jes\u00fas Irurtia mu\u00f1iz (vocal)<\/li>\n<li>Miguel angel Simon lopez (vocal)<\/li>\n<li>Luis joaquin Garcia lopez (vocal)<\/li>\n<\/ul>\n<\/li>\n<\/ul>\n<p>&nbsp;<\/p>\n","protected":false},"excerpt":{"rendered":"<p>Tesis doctoral de Fredy Hern\u00e1n Villalobos Galvis Con el objeto de determinar la validez de modelos predictivos de la ideaci\u00f3n [&hellip;]<\/p>\n","protected":false},"author":1,"featured_media":0,"comment_status":"open","ping_status":"open","sticky":false,"template":"","format":"standard","meta":{"site-sidebar-layout":"default","site-content-layout":"","ast-site-content-layout":"","site-content-style":"default","site-sidebar-style":"default","ast-global-header-display":"","ast-banner-title-visibility":"","ast-main-header-display":"","ast-hfb-above-header-display":"","ast-hfb-below-header-display":"","ast-hfb-mobile-header-display":"","site-post-title":"","ast-breadcrumbs-content":"","ast-featured-img":"","footer-sml-layout":"","theme-transparent-header-meta":"","adv-header-id-meta":"","stick-header-meta":"","header-above-stick-meta":"","header-main-stick-meta":"","header-below-stick-meta":"","astra-migrate-meta-layouts":"default","ast-page-background-enabled":"default","ast-page-background-meta":{"desktop":{"background-color":"var(--ast-global-color-4)","background-image":"","background-repeat":"repeat","background-position":"center center","background-size":"auto","background-attachment":"scroll","background-type":"","background-media":"","overlay-type":"","overlay-color":"","overlay-gradient":""},"tablet":{"background-color":"","background-image":"","background-repeat":"repeat","background-position":"center center","background-size":"auto","background-attachment":"scroll","background-type":"","background-media":"","overlay-type":"","overlay-color":"","overlay-gradient":""},"mobile":{"background-color":"","background-image":"","background-repeat":"repeat","background-position":"center center","background-size":"auto","background-attachment":"scroll","background-type":"","background-media":"","overlay-type":"","overlay-color":"","overlay-gradient":""}},"ast-content-background-meta":{"desktop":{"background-color":"var(--ast-global-color-5)","background-image":"","background-repeat":"repeat","background-position":"center center","background-size":"auto","background-attachment":"scroll","background-type":"","background-media":"","overlay-type":"","overlay-color":"","overlay-gradient":""},"tablet":{"background-color":"var(--ast-global-color-5)","background-image":"","background-repeat":"repeat","background-position":"center center","background-size":"auto","background-attachment":"scroll","background-type":"","background-media":"","overlay-type":"","overlay-color":"","overlay-gradient":""},"mobile":{"background-color":"var(--ast-global-color-5)","background-image":"","background-repeat":"repeat","background-position":"center center","background-size":"auto","background-attachment":"scroll","background-type":"","background-media":"","overlay-type":"","overlay-color":"","overlay-gradient":""}},"footnotes":""},"categories":[325],"tags":[194597,6689,183791,58117,14936,53319],"class_list":["post-94401","post","type-post","status-publish","format-standard","hentry","category-psicopatologia","tag-fredy-hernan-villalobos-galvis","tag-jose-antonio-carrobles-isabel","tag-luis-joaquin-garcia-lopez","tag-maria-jesus-irurtia-muniz","tag-miguel-angel-simon-lopez","tag-vicente-e-caballo-manrique"],"_links":{"self":[{"href":"https:\/\/www.deberes.net\/tesis\/wp-json\/wp\/v2\/posts\/94401","targetHints":{"allow":["GET"]}}],"collection":[{"href":"https:\/\/www.deberes.net\/tesis\/wp-json\/wp\/v2\/posts"}],"about":[{"href":"https:\/\/www.deberes.net\/tesis\/wp-json\/wp\/v2\/types\/post"}],"author":[{"embeddable":true,"href":"https:\/\/www.deberes.net\/tesis\/wp-json\/wp\/v2\/users\/1"}],"replies":[{"embeddable":true,"href":"https:\/\/www.deberes.net\/tesis\/wp-json\/wp\/v2\/comments?post=94401"}],"version-history":[{"count":0,"href":"https:\/\/www.deberes.net\/tesis\/wp-json\/wp\/v2\/posts\/94401\/revisions"}],"wp:attachment":[{"href":"https:\/\/www.deberes.net\/tesis\/wp-json\/wp\/v2\/media?parent=94401"}],"wp:term":[{"taxonomy":"category","embeddable":true,"href":"https:\/\/www.deberes.net\/tesis\/wp-json\/wp\/v2\/categories?post=94401"},{"taxonomy":"post_tag","embeddable":true,"href":"https:\/\/www.deberes.net\/tesis\/wp-json\/wp\/v2\/tags?post=94401"}],"curies":[{"name":"wp","href":"https:\/\/api.w.org\/{rel}","templated":true}]}}