{"id":94437,"date":"2018-03-11T10:14:10","date_gmt":"2018-03-11T10:14:10","guid":{"rendered":"https:\/\/www.deberes.net\/tesis\/sin-categoria\/la-representacion-religiosa-de-la-monarqua%c2%ada-castellano-leonesa-la-capilla-real-1252-1504\/"},"modified":"2018-03-11T10:14:10","modified_gmt":"2018-03-11T10:14:10","slug":"la-representacion-religiosa-de-la-monarqua%c2%ada-castellano-leonesa-la-capilla-real-1252-1504","status":"publish","type":"post","link":"https:\/\/www.deberes.net\/tesis\/sin-categoria\/la-representacion-religiosa-de-la-monarqua%c2%ada-castellano-leonesa-la-capilla-real-1252-1504\/","title":{"rendered":"La representaci\u00f3n religiosa de la monarqu\u00edacastellano-leonesa: la capilla real (1252 &#8211; 1504 )"},"content":{"rendered":"<h2>Tesis doctoral de <strong> David Nogales Rinc\u00f3n <\/strong><\/h2>\n<p>La presente tesis pretende abordar el estudio de la capilla real de la corte, las capellan\u00edas reales de salud, y las capellan\u00edas y capillas reales funerarias (capilla real de sevilla, capilla de reyes viejos de la catedral de toledo, capilla real de c\u00f3rdoba, capilla del rey don pedro del convento de santo domingo el real de Madrid, capilla de reyes nuevos y de do\u00f1a catalina de lancaster de la catedral de toledo, capellan\u00edas de enrique iv en guadalupe, y fundaci\u00f3n de la capilla real de granada) e ntre los reinados de alfonso x (1252-1284) e isabel i (1474-1504), desde un punto de vista material (tesoro sagrado, panteones y sepulcros reales), con especial atenci\u00f3n a los aspectos iconogr\u00e1ficos, e institucional (capellan\u00edas y otros cargos eclesi \u00e1sticos en estrecha relaci\u00f3n con las capillas reales: limosneros, predicadores y confesores), protagonistas de las estrategias de representaci\u00f3n del poder real en el contexto de surgimiento del estado moderno.<\/p>\n<p>&nbsp;<\/p>\n<h3>Datos acad\u00e9micos de la tesis doctoral \u00ab<strong>La representaci\u00f3n religiosa de la monarqu\u00edacastellano-leonesa: la capilla real (1252 &#8211; 1504 )<\/strong>\u00ab<\/h3>\n<ul>\n<li><strong>T\u00edtulo de la tesis:<\/strong>\u00a0 La representaci\u00f3n religiosa de la monarqu\u00edacastellano-leonesa: la capilla real (1252 &#8211; 1504 ) <\/li>\n<li><strong>Autor:<\/strong>\u00a0 David Nogales Rinc\u00f3n <\/li>\n<li><strong>Universidad:<\/strong>\u00a0 Complutense de Madrid<\/li>\n<li><strong>Fecha de lectura de la tesis:<\/strong>\u00a0 25\/06\/2009<\/li>\n<\/ul>\n<p>&nbsp;<\/p>\n<h3>Direcci\u00f3n y tribunal<\/h3>\n<ul>\n<li><strong>Director de la tesis<\/strong>\n<ul>\n<li>Jos\u00e9 Manuel Nieto Soria<\/li>\n<\/ul>\n<\/li>\n<li><strong>Tribunal<\/strong>\n<ul>\n<li>Presidente del tribunal: Miguel \u00e1ngel Ladero quesada <\/li>\n<li>olga P\u00e9rez monz\u00f3n (vocal)<\/li>\n<li>Mar\u00eda Jos\u00e9 Lop ot\u00edn (vocal)<\/li>\n<li>c\u00e9sar Olivera serrano (vocal)<\/li>\n<\/ul>\n<\/li>\n<\/ul>\n<p>&nbsp;<\/p>\n","protected":false},"excerpt":{"rendered":"<p>Tesis doctoral de David Nogales Rinc\u00f3n La presente tesis pretende abordar el estudio de la capilla real de la corte, [&hellip;]<\/p>\n","protected":false},"author":1,"featured_media":0,"comment_status":"open","ping_status":"open","sticky":false,"template":"","format":"standard","meta":{"site-sidebar-layout":"default","site-content-layout":"","ast-site-content-layout":"","site-content-style":"default","site-sidebar-style":"default","ast-global-header-display":"","ast-banner-title-visibility":"","ast-main-header-display":"","ast-hfb-above-header-display":"","ast-hfb-below-header-display":"","ast-hfb-mobile-header-display":"","site-post-title":"","ast-breadcrumbs-content":"","ast-featured-img":"","footer-sml-layout":"","theme-transparent-header-meta":"","adv-header-id-meta":"","stick-header-meta":"","header-above-stick-meta":"","header-main-stick-meta":"","header-below-stick-meta":"","astra-migrate-meta-layouts":"default","ast-page-background-enabled":"default","ast-page-background-meta":{"desktop":{"background-color":"var(--ast-global-color-4)","background-image":"","background-repeat":"repeat","background-position":"center center","background-size":"auto","background-attachment":"scroll","background-type":"","background-media":"","overlay-type":"","overlay-color":"","overlay-gradient":""},"tablet":{"background-color":"","background-image":"","background-repeat":"repeat","background-position":"center center","background-size":"auto","background-attachment":"scroll","background-type":"","background-media":"","overlay-type":"","overlay-color":"","overlay-gradient":""},"mobile":{"background-color":"","background-image":"","background-repeat":"repeat","background-position":"center center","background-size":"auto","background-attachment":"scroll","background-type":"","background-media":"","overlay-type":"","overlay-color":"","overlay-gradient":""}},"ast-content-background-meta":{"desktop":{"background-color":"var(--ast-global-color-5)","background-image":"","background-repeat":"repeat","background-position":"center center","background-size":"auto","background-attachment":"scroll","background-type":"","background-media":"","overlay-type":"","overlay-color":"","overlay-gradient":""},"tablet":{"background-color":"var(--ast-global-color-5)","background-image":"","background-repeat":"repeat","background-position":"center center","background-size":"auto","background-attachment":"scroll","background-type":"","background-media":"","overlay-type":"","overlay-color":"","overlay-gradient":""},"mobile":{"background-color":"var(--ast-global-color-5)","background-image":"","background-repeat":"repeat","background-position":"center center","background-size":"auto","background-attachment":"scroll","background-type":"","background-media":"","overlay-type":"","overlay-color":"","overlay-gradient":""}},"footnotes":""},"categories":[1],"tags":[129227,194663,5297,49396,5296,161160],"class_list":["post-94437","post","type-post","status-publish","format-standard","hentry","category-sin-categoria","tag-cesar-olivera-serrano","tag-david-nogales-rincon","tag-jose-manuel-nieto-soria","tag-maria-jose-lop-otin","tag-miguel-angel-ladero-quesada","tag-olga-perez-monzon"],"_links":{"self":[{"href":"https:\/\/www.deberes.net\/tesis\/wp-json\/wp\/v2\/posts\/94437","targetHints":{"allow":["GET"]}}],"collection":[{"href":"https:\/\/www.deberes.net\/tesis\/wp-json\/wp\/v2\/posts"}],"about":[{"href":"https:\/\/www.deberes.net\/tesis\/wp-json\/wp\/v2\/types\/post"}],"author":[{"embeddable":true,"href":"https:\/\/www.deberes.net\/tesis\/wp-json\/wp\/v2\/users\/1"}],"replies":[{"embeddable":true,"href":"https:\/\/www.deberes.net\/tesis\/wp-json\/wp\/v2\/comments?post=94437"}],"version-history":[{"count":0,"href":"https:\/\/www.deberes.net\/tesis\/wp-json\/wp\/v2\/posts\/94437\/revisions"}],"wp:attachment":[{"href":"https:\/\/www.deberes.net\/tesis\/wp-json\/wp\/v2\/media?parent=94437"}],"wp:term":[{"taxonomy":"category","embeddable":true,"href":"https:\/\/www.deberes.net\/tesis\/wp-json\/wp\/v2\/categories?post=94437"},{"taxonomy":"post_tag","embeddable":true,"href":"https:\/\/www.deberes.net\/tesis\/wp-json\/wp\/v2\/tags?post=94437"}],"curies":[{"name":"wp","href":"https:\/\/api.w.org\/{rel}","templated":true}]}}