{"id":94451,"date":"2018-03-11T10:14:10","date_gmt":"2018-03-11T10:14:10","guid":{"rendered":"https:\/\/www.deberes.net\/tesis\/sin-categoria\/implicaciones-culturales-de-una-ruta-aragonesa-los-casos-de-goya-y-jaula%c2%adn\/"},"modified":"2018-03-11T10:14:10","modified_gmt":"2018-03-11T10:14:10","slug":"implicaciones-culturales-de-una-ruta-aragonesa-los-casos-de-goya-y-jaula%c2%adn","status":"publish","type":"post","link":"https:\/\/www.deberes.net\/tesis\/sociologia\/implicaciones-culturales-de-una-ruta-aragonesa-los-casos-de-goya-y-jaula%c2%adn\/","title":{"rendered":"Implicaciones culturales de una ruta aragonesa. los casos de goya y jaul\u00edn"},"content":{"rendered":"<h2>Tesis doctoral de <strong> Arturo Azuela Arriaga <\/strong><\/h2>\n<p>Es una investigaci\u00f3n cualitativa. Se trata de un trabajo sobre trasterrados. Una familia, la del ilustrado y empresario del siglo xviii, jos\u00e9 de la azuela, que sali\u00f3 de espa\u00f1a hacia 1808, sin poder precisar fecha. Llev\u00f3 a m\u00e9xico elementos de la cultura aragonesa; y 190 a\u00f1os despu\u00e9s uno de sus descendientes volvi\u00f3 a arag\u00f3n y pudo ver c\u00f3mo se conservaba el recuerdo de su familia. Se inicia una ruta por el entorno de sus antepasados y mezcla los elementos culturales de los aragoneses en m\u00e9xico, que \u00e9l conoci\u00f3, con los principales elementos del entorno aragon\u00e9s. Una ruta de goya, en la que intervienen luis bu\u00f1uel, la familia de buen, mantec\u00f3n, sim\u00f3n tapia colman, as\u00ed como protagonistas vivientes de jaul\u00edn: los poetas, luis y eduardo burgaz, el alcalde, alfredo burillo, el maquetista, jorge ort\u00edn y otros protagonistas de un mundo cultural local.  t\u00e9cnicamente se ha servido de la observaci\u00f3n documental, de la observaci\u00f3n participante y de las entrevistas abiertas.<\/p>\n<p>&nbsp;<\/p>\n<h3>Datos acad\u00e9micos de la tesis doctoral \u00ab<strong>Implicaciones culturales de una ruta aragonesa. los casos de goya y jaul\u00edn<\/strong>\u00ab<\/h3>\n<ul>\n<li><strong>T\u00edtulo de la tesis:<\/strong>\u00a0 Implicaciones culturales de una ruta aragonesa. los casos de goya y jaul\u00edn <\/li>\n<li><strong>Autor:<\/strong>\u00a0 Arturo Azuela Arriaga <\/li>\n<li><strong>Universidad:<\/strong>\u00a0 Zaragoza<\/li>\n<li><strong>Fecha de lectura de la tesis:<\/strong>\u00a0 25\/06\/2009<\/li>\n<\/ul>\n<p>&nbsp;<\/p>\n<h3>Direcci\u00f3n y tribunal<\/h3>\n<ul>\n<li><strong>Director de la tesis<\/strong>\n<ul>\n<li>Enrique Gast\u00f3n Sanz<\/li>\n<\/ul>\n<\/li>\n<li><strong>Tribunal<\/strong>\n<ul>\n<li>Presidente del tribunal: marina Galvez acero <\/li>\n<li>Jos\u00e9 Almaraz pestana (vocal)<\/li>\n<li>eloy Fernandez clemente (vocal)<\/li>\n<li>eduardo Crespo suarez (vocal)<\/li>\n<\/ul>\n<\/li>\n<\/ul>\n<p>&nbsp;<\/p>\n","protected":false},"excerpt":{"rendered":"<p>Tesis doctoral de Arturo Azuela Arriaga Es una investigaci\u00f3n cualitativa. Se trata de un trabajo sobre trasterrados. Una familia, la [&hellip;]<\/p>\n","protected":false},"author":1,"featured_media":0,"comment_status":"open","ping_status":"open","sticky":false,"template":"","format":"standard","meta":{"site-sidebar-layout":"default","site-content-layout":"","ast-site-content-layout":"","site-content-style":"default","site-sidebar-style":"default","ast-global-header-display":"","ast-banner-title-visibility":"","ast-main-header-display":"","ast-hfb-above-header-display":"","ast-hfb-below-header-display":"","ast-hfb-mobile-header-display":"","site-post-title":"","ast-breadcrumbs-content":"","ast-featured-img":"","footer-sml-layout":"","theme-transparent-header-meta":"","adv-header-id-meta":"","stick-header-meta":"","header-above-stick-meta":"","header-main-stick-meta":"","header-below-stick-meta":"","astra-migrate-meta-layouts":"default","ast-page-background-enabled":"default","ast-page-background-meta":{"desktop":{"background-color":"var(--ast-global-color-4)","background-image":"","background-repeat":"repeat","background-position":"center center","background-size":"auto","background-attachment":"scroll","background-type":"","background-media":"","overlay-type":"","overlay-color":"","overlay-gradient":""},"tablet":{"background-color":"","background-image":"","background-repeat":"repeat","background-position":"center center","background-size":"auto","background-attachment":"scroll","background-type":"","background-media":"","overlay-type":"","overlay-color":"","overlay-gradient":""},"mobile":{"background-color":"","background-image":"","background-repeat":"repeat","background-position":"center center","background-size":"auto","background-attachment":"scroll","background-type":"","background-media":"","overlay-type":"","overlay-color":"","overlay-gradient":""}},"ast-content-background-meta":{"desktop":{"background-color":"var(--ast-global-color-5)","background-image":"","background-repeat":"repeat","background-position":"center center","background-size":"auto","background-attachment":"scroll","background-type":"","background-media":"","overlay-type":"","overlay-color":"","overlay-gradient":""},"tablet":{"background-color":"var(--ast-global-color-5)","background-image":"","background-repeat":"repeat","background-position":"center center","background-size":"auto","background-attachment":"scroll","background-type":"","background-media":"","overlay-type":"","overlay-color":"","overlay-gradient":""},"mobile":{"background-color":"var(--ast-global-color-5)","background-image":"","background-repeat":"repeat","background-position":"center center","background-size":"auto","background-attachment":"scroll","background-type":"","background-media":"","overlay-type":"","overlay-color":"","overlay-gradient":""}},"footnotes":""},"categories":[269,36970,2231,13716,13610],"tags":[194686,23867,8632,15017,7402,6773],"class_list":["post-94451","post","type-post","status-publish","format-standard","hentry","category-sociologia","category-sociologia-comparada","category-sociologia-de-la-literatura","category-sociologia-del-arte","category-zaragoza","tag-arturo-azuela-arriaga","tag-eduardo-crespo-suarez","tag-eloy-fernandez-clemente","tag-enrique-gaston-sanz","tag-jose-almaraz-pestana","tag-marina-galvez-acero"],"_links":{"self":[{"href":"https:\/\/www.deberes.net\/tesis\/wp-json\/wp\/v2\/posts\/94451","targetHints":{"allow":["GET"]}}],"collection":[{"href":"https:\/\/www.deberes.net\/tesis\/wp-json\/wp\/v2\/posts"}],"about":[{"href":"https:\/\/www.deberes.net\/tesis\/wp-json\/wp\/v2\/types\/post"}],"author":[{"embeddable":true,"href":"https:\/\/www.deberes.net\/tesis\/wp-json\/wp\/v2\/users\/1"}],"replies":[{"embeddable":true,"href":"https:\/\/www.deberes.net\/tesis\/wp-json\/wp\/v2\/comments?post=94451"}],"version-history":[{"count":0,"href":"https:\/\/www.deberes.net\/tesis\/wp-json\/wp\/v2\/posts\/94451\/revisions"}],"wp:attachment":[{"href":"https:\/\/www.deberes.net\/tesis\/wp-json\/wp\/v2\/media?parent=94451"}],"wp:term":[{"taxonomy":"category","embeddable":true,"href":"https:\/\/www.deberes.net\/tesis\/wp-json\/wp\/v2\/categories?post=94451"},{"taxonomy":"post_tag","embeddable":true,"href":"https:\/\/www.deberes.net\/tesis\/wp-json\/wp\/v2\/tags?post=94451"}],"curies":[{"name":"wp","href":"https:\/\/api.w.org\/{rel}","templated":true}]}}