{"id":94461,"date":"2018-03-11T10:14:10","date_gmt":"2018-03-11T10:14:10","guid":{"rendered":"https:\/\/www.deberes.net\/tesis\/sin-categoria\/la-simetria-como-operante-generalizada-propiedades-de-las-clases-de-equivalencia-y-teoria-de-los-ejemplares\/"},"modified":"2018-03-11T10:14:10","modified_gmt":"2018-03-11T10:14:10","slug":"la-simetria-como-operante-generalizada-propiedades-de-las-clases-de-equivalencia-y-teoria-de-los-ejemplares","status":"publish","type":"post","link":"https:\/\/www.deberes.net\/tesis\/psicologia\/la-simetria-como-operante-generalizada-propiedades-de-las-clases-de-equivalencia-y-teoria-de-los-ejemplares\/","title":{"rendered":"La simetr\u00eda como operante generalizada: propiedades de las clases de equiValencia y teor\u00eda de los ejemplares"},"content":{"rendered":"<h2>Tesis doctoral de <strong> Jes\u00fas G\u00f3mez Bujedo <\/strong><\/h2>\n<p>Si un sujeto aprende a elegir el est\u00edmulo b1 en presencia del est\u00edmulo a1, y el est\u00edmulo b2 en presencia de a2, habr\u00e1 aprendido una discriminaci\u00f3n condicional. Si en una situaci\u00f3n de prueba elige a1 en presencia de b1 y a2 en presencia de b2 sin necesidad de m\u00e1s entrenamiento, se dice que ha derivado la relaci\u00f3n de simetr\u00eda. La derivaci\u00f3n de simetr\u00eda en discriminaciones condicionales es un comportamiento que se encuentra de forma sistem\u00e1tica en humanos verbalmente competentes, pero que en animales no humanos ha resultado dif\u00edcil de conseguir tras casi cuatro d\u00e9cadas de investigaci\u00f3n. La simetr\u00eda est\u00e1 fuertemente vinculada con el comportamiento complejo humano y la conducta verbal y simb\u00f3lica. La b\u00fasqueda de sus or\u00edgenes ha centrado la atenci\u00f3n de un gran n\u00famero de investigadores en la tradici\u00f3n del an\u00e1lisis experimental del comportamiento (aec).  en esta tesis doctoral se plantea una aproximaci\u00f3n al problema del origen de la simetr\u00eda a partir de la hip\u00f3tesis de los ejemplares. Esta hip\u00f3tesis defiende que, ateni\u00e9ndonos a una definici\u00f3n funcional de conducta operante, una relaci\u00f3n entre est\u00edmulos puede llegar a controlar una operante de orden superior. Se ha argumentado que los humanos recibimos un entrenamiento en simetr\u00eda durante el aprendizaje del comportamiento verbal, pero no as\u00ed los animales no-humanos, lo que explicar\u00eda la diferencia de resultados encontrados. Sin embargo, se ha demostrado que otras propiedades de las clases de equiValencia como la relaci\u00f3n de reflexividad o igualdad, similares a la simetr\u00eda aunque de menor complejidad, pueden derivarse en sujetos no humanos por este medio. Asimismo se ha comprobado que el entrenamiento en ejemplares facilita la simetr\u00eda en ni\u00f1os muy peque\u00f1os, una poblaci\u00f3n en la que la simetr\u00eda que es dif\u00edcil de encontrar.   en este proyecto se realiza un an\u00e1lisis tanto te\u00f3rico y conceptual como emp\u00edrico de la simetr\u00eda y la hip\u00f3tesis de los ejemplares, desarrollando un procedimiento experimental que permite poner a prueba esta hip\u00f3tesis en animales no humanos (palomas). Para ello se llev\u00f3 a cabo un experimento de larga duraci\u00f3n en el que se realiz\u00f3 un entrenamiento intensivo en discriminaciones condicionales utilizando un novedoso sistema de presentaci\u00f3n de los est\u00edmulos y registro de las respuestas a trav\u00e9s de pantallas t\u00e1ctiles de ordenador.  los resultados no confirmaron (ni descartaron) la hip\u00f3tesis de partida, aunque s\u00ed parecen apuntar en la direcci\u00f3n indicada. Adem\u00e1s, pusieron de relieve la importancia de otros prerrequisitos a\u00fan m\u00e1s b\u00e1sicos cuya ausencia interfiere en la derivaci\u00f3n de este comportamiento.<\/p>\n<p>&nbsp;<\/p>\n<h3>Datos acad\u00e9micos de la tesis doctoral \u00ab<strong>La simetr\u00eda como operante generalizada: propiedades de las clases de equiValencia y teor\u00eda de los ejemplares<\/strong>\u00ab<\/h3>\n<ul>\n<li><strong>T\u00edtulo de la tesis:<\/strong>\u00a0 La simetr\u00eda como operante generalizada: propiedades de las clases de equiValencia y teor\u00eda de los ejemplares <\/li>\n<li><strong>Autor:<\/strong>\u00a0 Jes\u00fas G\u00f3mez Bujedo <\/li>\n<li><strong>Universidad:<\/strong>\u00a0 Nacional de educaci\u00f3n a distancia<\/li>\n<li><strong>Fecha de lectura de la tesis:<\/strong>\u00a0 25\/06\/2009<\/li>\n<\/ul>\n<p>&nbsp;<\/p>\n<h3>Direcci\u00f3n y tribunal<\/h3>\n<ul>\n<li><strong>Director de la tesis<\/strong>\n<ul>\n<li>Andr\u00e9s Garc\u00eda Garc\u00eda<\/li>\n<\/ul>\n<\/li>\n<li><strong>Tribunal<\/strong>\n<ul>\n<li>Presidente del tribunal: emilio Gutierrez Garc\u00eda <\/li>\n<li>Jos\u00e9 Carlos Caracuel tub\u00edo (vocal)<\/li>\n<li>Santiago Benjumea rodriguez (vocal)<\/li>\n<li>Francisco Cabello luque (vocal)<\/li>\n<\/ul>\n<\/li>\n<\/ul>\n<p>&nbsp;<\/p>\n","protected":false},"excerpt":{"rendered":"<p>Tesis doctoral de Jes\u00fas G\u00f3mez Bujedo Si un sujeto aprende a elegir el est\u00edmulo b1 en presencia del est\u00edmulo a1, [&hellip;]<\/p>\n","protected":false},"author":1,"featured_media":0,"comment_status":"open","ping_status":"open","sticky":false,"template":"","format":"standard","meta":{"site-sidebar-layout":"default","site-content-layout":"","ast-site-content-layout":"","site-content-style":"default","site-sidebar-style":"default","ast-global-header-display":"","ast-banner-title-visibility":"","ast-main-header-display":"","ast-hfb-above-header-display":"","ast-hfb-below-header-display":"","ast-hfb-mobile-header-display":"","site-post-title":"","ast-breadcrumbs-content":"","ast-featured-img":"","footer-sml-layout":"","theme-transparent-header-meta":"","adv-header-id-meta":"","stick-header-meta":"","header-above-stick-meta":"","header-main-stick-meta":"","header-below-stick-meta":"","astra-migrate-meta-layouts":"default","ast-page-background-enabled":"default","ast-page-background-meta":{"desktop":{"background-color":"var(--ast-global-color-4)","background-image":"","background-repeat":"repeat","background-position":"center center","background-size":"auto","background-attachment":"scroll","background-type":"","background-media":"","overlay-type":"","overlay-color":"","overlay-gradient":""},"tablet":{"background-color":"","background-image":"","background-repeat":"repeat","background-position":"center center","background-size":"auto","background-attachment":"scroll","background-type":"","background-media":"","overlay-type":"","overlay-color":"","overlay-gradient":""},"mobile":{"background-color":"","background-image":"","background-repeat":"repeat","background-position":"center center","background-size":"auto","background-attachment":"scroll","background-type":"","background-media":"","overlay-type":"","overlay-color":"","overlay-gradient":""}},"ast-content-background-meta":{"desktop":{"background-color":"var(--ast-global-color-5)","background-image":"","background-repeat":"repeat","background-position":"center center","background-size":"auto","background-attachment":"scroll","background-type":"","background-media":"","overlay-type":"","overlay-color":"","overlay-gradient":""},"tablet":{"background-color":"var(--ast-global-color-5)","background-image":"","background-repeat":"repeat","background-position":"center center","background-size":"auto","background-attachment":"scroll","background-type":"","background-media":"","overlay-type":"","overlay-color":"","overlay-gradient":""},"mobile":{"background-color":"var(--ast-global-color-5)","background-image":"","background-repeat":"repeat","background-position":"center center","background-size":"auto","background-attachment":"scroll","background-type":"","background-media":"","overlay-type":"","overlay-color":"","overlay-gradient":""}},"footnotes":""},"categories":[14934,17070,324],"tags":[82206,18146,161782,194701,142528,73021],"class_list":["post-94461","post","type-post","status-publish","format-standard","hentry","category-analisis-experimental-de-la-conducta","category-nacional-de-educacion-a-distancia","category-psicologia","tag-andres-garcia-garcia","tag-emilio-gutierrez-garcia","tag-francisco-cabello-luque","tag-jesus-gomez-bujedo","tag-jose-carlos-caracuel-tubio","tag-santiago-benjumea-rodriguez"],"_links":{"self":[{"href":"https:\/\/www.deberes.net\/tesis\/wp-json\/wp\/v2\/posts\/94461","targetHints":{"allow":["GET"]}}],"collection":[{"href":"https:\/\/www.deberes.net\/tesis\/wp-json\/wp\/v2\/posts"}],"about":[{"href":"https:\/\/www.deberes.net\/tesis\/wp-json\/wp\/v2\/types\/post"}],"author":[{"embeddable":true,"href":"https:\/\/www.deberes.net\/tesis\/wp-json\/wp\/v2\/users\/1"}],"replies":[{"embeddable":true,"href":"https:\/\/www.deberes.net\/tesis\/wp-json\/wp\/v2\/comments?post=94461"}],"version-history":[{"count":0,"href":"https:\/\/www.deberes.net\/tesis\/wp-json\/wp\/v2\/posts\/94461\/revisions"}],"wp:attachment":[{"href":"https:\/\/www.deberes.net\/tesis\/wp-json\/wp\/v2\/media?parent=94461"}],"wp:term":[{"taxonomy":"category","embeddable":true,"href":"https:\/\/www.deberes.net\/tesis\/wp-json\/wp\/v2\/categories?post=94461"},{"taxonomy":"post_tag","embeddable":true,"href":"https:\/\/www.deberes.net\/tesis\/wp-json\/wp\/v2\/tags?post=94461"}],"curies":[{"name":"wp","href":"https:\/\/api.w.org\/{rel}","templated":true}]}}