{"id":94481,"date":"2018-03-11T10:14:10","date_gmt":"2018-03-11T10:14:10","guid":{"rendered":"https:\/\/www.deberes.net\/tesis\/sin-categoria\/desarrollo-y-medio-ambiente-en-un-espacio-en-transformacion-la-provincia-de-segovia\/"},"modified":"2018-03-11T10:14:10","modified_gmt":"2018-03-11T10:14:10","slug":"desarrollo-y-medio-ambiente-en-un-espacio-en-transformacion-la-provincia-de-segovia","status":"publish","type":"post","link":"https:\/\/www.deberes.net\/tesis\/sin-categoria\/desarrollo-y-medio-ambiente-en-un-espacio-en-transformacion-la-provincia-de-segovia\/","title":{"rendered":"Desarrollo y medio ambiente en un espacio en transformaci\u00f3n: la provincia de segovia."},"content":{"rendered":"<h2>Tesis doctoral de <strong> Fernando Garcia Quiroga <\/strong><\/h2>\n<p>Null la provincia de segovia, durante los \u00faltimos a\u00f1os, ha experimentado la aceleraci\u00f3n de una serie de transformaciones muy dispares y heterog\u00e9neas de car\u00e1cter interno, y cuyos or\u00edgenes solamente son entendibles dentro de un contexto espacial m\u00e1s amplio.  Mientras que algunos espacios interprovinciales aparecen como verdaderos polos de crecimiento demogr\u00e1fico y econ\u00f3mico, otros en cambio contin\u00faan un proceso de decadencia, que se retroalimenta desde mediados del siglo pasado, cuando se inicia el deno minado \u00c2\u00bf\u00e9xodo rural\u00c2\u00bf. el objetivo principal de la presente investigaci\u00f3n es el de conocer c\u00f3mo han evolucionado estas transformaciones desde finales del siglo xx y principios del presente siglo, y qu\u00e9 repercusiones han tenido y pueden tener para el d esarrollo de la provincia; a la par, se trata de reconocer las consecuencias medioambientales que conllevan dichas transformaciones, tanto directa como indirectamente. Para entender estos cambios, necesitamos situar a la provincia de segovia dentro d e un contexto demogr\u00e1fico, socioecon\u00f3mico y medioambiental (verdaderos soportes del desarrollo futuro).   uno de nuestros objetivos a lo largo de la investigaci\u00f3n ser\u00e1, el entender los procesos de desarrollo en un espacio principalmente rural, como e s la provincia de segovia, en el siglo del crecimiento de los n\u00facleos urbanos en todo el mundo. Frente a la creciente homogeneizaci\u00f3n de los espacios urbanos de todo el planeta, provocado por la exigencia de la funcionalidad dentro de un mercado glob alizado, los espacios rurales se nos muestran m\u00e1s heterog\u00e9neos que nunca, cobrando m\u00e1s valor debido a su funci\u00f3n de verdaderos custodios de nuestro patrimonio cultural, natural y paisaj\u00edstico. En este sentido un espacio eminentemente rural como la pr ovincia de segovia, puede tener una gran oportunidad de desarrollo, si es capaz de gestionar este patrimonio junto con actividades econ\u00f3micas sostenibles. la provincia de segovia, debido su modelo tradicional basado en el sector agropecuario y su fal ta de industria, ha expulsado poblaci\u00f3n desde mediados del siglo pasado, manteniendo un subdesarrollo que por contrapartida ha mantenido un patrimonio natural importante. En un lapso muy corto se ha producido un cambio de modelo sobre todo en los mun icipios m\u00e1s importantes, hacia un modelo basado en la construcci\u00f3n \u00c2\u00bfcomo ha sucedido en el resto de espa\u00f1a-, que ha atra\u00eddo poblaci\u00f3n, pero que ha producido grandes impactos.  en esta tesis hemos buscado indicadores que permitan comprobar esta hip\u00f3te<\/p>\n<p>&nbsp;<\/p>\n<h3>Datos acad\u00e9micos de la tesis doctoral \u00ab<strong>Desarrollo y medio ambiente en un espacio en transformaci\u00f3n: la provincia de segovia.<\/strong>\u00ab<\/h3>\n<ul>\n<li><strong>T\u00edtulo de la tesis:<\/strong>\u00a0 Desarrollo y medio ambiente en un espacio en transformaci\u00f3n: la provincia de segovia. <\/li>\n<li><strong>Autor:<\/strong>\u00a0 Fernando Garcia Quiroga <\/li>\n<li><strong>Universidad:<\/strong>\u00a0 Complutense de Madrid<\/li>\n<li><strong>Fecha de lectura de la tesis:<\/strong>\u00a0 26\/06\/2009<\/li>\n<\/ul>\n<p>&nbsp;<\/p>\n<h3>Direcci\u00f3n y tribunal<\/h3>\n<ul>\n<li><strong>Director de la tesis<\/strong>\n<ul>\n<li>Jos\u00e9 Antonio Sotelo Navalpotro<\/li>\n<\/ul>\n<\/li>\n<li><strong>Tribunal<\/strong>\n<ul>\n<li>Presidente del tribunal: Juan  Antonio C\u00f3rdoba y ord\u00f3\u00f1ez <\/li>\n<li>  (vocal)<\/li>\n<li>  (vocal)<\/li>\n<li>  (vocal)<\/li>\n<\/ul>\n<\/li>\n<\/ul>\n<p>&nbsp;<\/p>\n","protected":false},"excerpt":{"rendered":"<p>Tesis doctoral de Fernando Garcia Quiroga Null la provincia de segovia, durante los \u00faltimos a\u00f1os, ha experimentado la aceleraci\u00f3n de [&hellip;]<\/p>\n","protected":false},"author":1,"featured_media":0,"comment_status":"open","ping_status":"open","sticky":false,"template":"","format":"standard","meta":{"site-sidebar-layout":"default","site-content-layout":"","ast-site-content-layout":"","site-content-style":"default","site-sidebar-style":"default","ast-global-header-display":"","ast-banner-title-visibility":"","ast-main-header-display":"","ast-hfb-above-header-display":"","ast-hfb-below-header-display":"","ast-hfb-mobile-header-display":"","site-post-title":"","ast-breadcrumbs-content":"","ast-featured-img":"","footer-sml-layout":"","theme-transparent-header-meta":"","adv-header-id-meta":"","stick-header-meta":"","header-above-stick-meta":"","header-main-stick-meta":"","header-below-stick-meta":"","astra-migrate-meta-layouts":"default","ast-page-background-enabled":"default","ast-page-background-meta":{"desktop":{"background-color":"var(--ast-global-color-4)","background-image":"","background-repeat":"repeat","background-position":"center center","background-size":"auto","background-attachment":"scroll","background-type":"","background-media":"","overlay-type":"","overlay-color":"","overlay-gradient":""},"tablet":{"background-color":"","background-image":"","background-repeat":"repeat","background-position":"center center","background-size":"auto","background-attachment":"scroll","background-type":"","background-media":"","overlay-type":"","overlay-color":"","overlay-gradient":""},"mobile":{"background-color":"","background-image":"","background-repeat":"repeat","background-position":"center center","background-size":"auto","background-attachment":"scroll","background-type":"","background-media":"","overlay-type":"","overlay-color":"","overlay-gradient":""}},"ast-content-background-meta":{"desktop":{"background-color":"var(--ast-global-color-5)","background-image":"","background-repeat":"repeat","background-position":"center center","background-size":"auto","background-attachment":"scroll","background-type":"","background-media":"","overlay-type":"","overlay-color":"","overlay-gradient":""},"tablet":{"background-color":"var(--ast-global-color-5)","background-image":"","background-repeat":"repeat","background-position":"center center","background-size":"auto","background-attachment":"scroll","background-type":"","background-media":"","overlay-type":"","overlay-color":"","overlay-gradient":""},"mobile":{"background-color":"var(--ast-global-color-5)","background-image":"","background-repeat":"repeat","background-position":"center center","background-size":"auto","background-attachment":"scroll","background-type":"","background-media":"","overlay-type":"","overlay-color":"","overlay-gradient":""}},"footnotes":""},"categories":[1],"tags":[194738,194739,37726],"class_list":["post-94481","post","type-post","status-publish","format-standard","hentry","category-sin-categoria","tag-fernando-garcia-quiroga","tag-jose-antonio-sotelo-navalpotro","tag-juan-antonio-cordoba-y-ordonez"],"_links":{"self":[{"href":"https:\/\/www.deberes.net\/tesis\/wp-json\/wp\/v2\/posts\/94481","targetHints":{"allow":["GET"]}}],"collection":[{"href":"https:\/\/www.deberes.net\/tesis\/wp-json\/wp\/v2\/posts"}],"about":[{"href":"https:\/\/www.deberes.net\/tesis\/wp-json\/wp\/v2\/types\/post"}],"author":[{"embeddable":true,"href":"https:\/\/www.deberes.net\/tesis\/wp-json\/wp\/v2\/users\/1"}],"replies":[{"embeddable":true,"href":"https:\/\/www.deberes.net\/tesis\/wp-json\/wp\/v2\/comments?post=94481"}],"version-history":[{"count":0,"href":"https:\/\/www.deberes.net\/tesis\/wp-json\/wp\/v2\/posts\/94481\/revisions"}],"wp:attachment":[{"href":"https:\/\/www.deberes.net\/tesis\/wp-json\/wp\/v2\/media?parent=94481"}],"wp:term":[{"taxonomy":"category","embeddable":true,"href":"https:\/\/www.deberes.net\/tesis\/wp-json\/wp\/v2\/categories?post=94481"},{"taxonomy":"post_tag","embeddable":true,"href":"https:\/\/www.deberes.net\/tesis\/wp-json\/wp\/v2\/tags?post=94481"}],"curies":[{"name":"wp","href":"https:\/\/api.w.org\/{rel}","templated":true}]}}