{"id":94482,"date":"2018-03-11T10:14:14","date_gmt":"2018-03-11T10:14:14","guid":{"rendered":"https:\/\/www.deberes.net\/tesis\/sin-categoria\/flores-en-la-poesa%c2%ada-espanola-del-renacimiento-y-barroco\/"},"modified":"2018-03-11T10:14:14","modified_gmt":"2018-03-11T10:14:14","slug":"flores-en-la-poesa%c2%ada-espanola-del-renacimiento-y-barroco","status":"publish","type":"post","link":"https:\/\/www.deberes.net\/tesis\/sin-categoria\/flores-en-la-poesa%c2%ada-espanola-del-renacimiento-y-barroco\/","title":{"rendered":"Flores en la poes\u00edaespa\u00f1ola del renacimiento y barroco."},"content":{"rendered":"<h2>Tesis doctoral de <strong> Javier De La Pe\u00f1a \u00e1lvarez <\/strong><\/h2>\n<p>Null en esta tesis doctoral se estudia c\u00f3mo siete autores (cuatro del renacimiento: garcilaso, gutierre de cetina, francisco de la torre y herrera; y otros tres del barroco: g\u00f3ngora, quevedo y francisco de la torre) emplean en sus versos las flores. Se li mita al estudio de las m\u00e1s frecuentes: la rosa, el clavel, el lirio, el jazm\u00edn, la violeta, el narciso y el jacinto. las flores en estas \u00e9pocas aparecen con diversos significados, literales y metaf\u00f3ricos. La m\u00e1s empleada, sin lugar a dudas, es la ros a. En el barroco aparece el clavel, que desplazar\u00e1 a la rosa en muchas de las im\u00e1genes que esta flor representaba. con frecuencia, con las flores en la poes\u00eda de estas \u00e9pocas resurgen viejos temas cl\u00e1sicos como el carpe diem horaciano, el collige,vir go, rosas de ausonio y tambi\u00e9n el virgiliano latet anguis in herba. Nuestros poetas traducen con maestr\u00eda estos temas antiguos. la flores sirven, con frecuencia, para describir las mejillas o la frente de la amada; para adornar el cabello de la mujer ; o en la descripci\u00f3n de la naturaleza. en el renacimiento, las flores no son motivo central de la composici\u00f3n po\u00e9tica, sino que sirven como elemento de comparaci\u00f3n o en la descripci\u00f3n de un paisaje, y con frecuencia se emplean para hablarnos del amo r desenga\u00f1ado, o tambi\u00e9n de la caducidad de la belleza o de la muerte. Es en el barroco cuando surgen las composiciones dedicadas por entero a las flores.<\/p>\n<p>&nbsp;<\/p>\n<h3>Datos acad\u00e9micos de la tesis doctoral \u00ab<strong>Flores en la poes\u00edaespa\u00f1ola del renacimiento y barroco.<\/strong>\u00ab<\/h3>\n<ul>\n<li><strong>T\u00edtulo de la tesis:<\/strong>\u00a0 Flores en la poes\u00edaespa\u00f1ola del renacimiento y barroco. <\/li>\n<li><strong>Autor:<\/strong>\u00a0 Javier De La Pe\u00f1a \u00e1lvarez <\/li>\n<li><strong>Universidad:<\/strong>\u00a0 Complutense de Madrid<\/li>\n<li><strong>Fecha de lectura de la tesis:<\/strong>\u00a0 26\/06\/2009<\/li>\n<\/ul>\n<p>&nbsp;<\/p>\n<h3>Direcci\u00f3n y tribunal<\/h3>\n<ul>\n<li><strong>Director de la tesis<\/strong>\n<ul>\n<li>\u00e1lvaro Alonso De Miguel<\/li>\n<\/ul>\n<\/li>\n<li><strong>Tribunal<\/strong>\n<ul>\n<li>Presidente del tribunal: paloma Fanconi villar <\/li>\n<li>  (vocal)<\/li>\n<li>  (vocal)<\/li>\n<li>  (vocal)<\/li>\n<\/ul>\n<\/li>\n<\/ul>\n<p>&nbsp;<\/p>\n","protected":false},"excerpt":{"rendered":"<p>Tesis doctoral de Javier De La Pe\u00f1a \u00e1lvarez Null en esta tesis doctoral se estudia c\u00f3mo siete autores (cuatro del [&hellip;]<\/p>\n","protected":false},"author":1,"featured_media":0,"comment_status":"open","ping_status":"open","sticky":false,"template":"","format":"standard","meta":{"site-sidebar-layout":"default","site-content-layout":"","ast-site-content-layout":"","site-content-style":"default","site-sidebar-style":"default","ast-global-header-display":"","ast-banner-title-visibility":"","ast-main-header-display":"","ast-hfb-above-header-display":"","ast-hfb-below-header-display":"","ast-hfb-mobile-header-display":"","site-post-title":"","ast-breadcrumbs-content":"","ast-featured-img":"","footer-sml-layout":"","theme-transparent-header-meta":"","adv-header-id-meta":"","stick-header-meta":"","header-above-stick-meta":"","header-main-stick-meta":"","header-below-stick-meta":"","astra-migrate-meta-layouts":"default","ast-page-background-enabled":"default","ast-page-background-meta":{"desktop":{"background-color":"var(--ast-global-color-4)","background-image":"","background-repeat":"repeat","background-position":"center center","background-size":"auto","background-attachment":"scroll","background-type":"","background-media":"","overlay-type":"","overlay-color":"","overlay-gradient":""},"tablet":{"background-color":"","background-image":"","background-repeat":"repeat","background-position":"center center","background-size":"auto","background-attachment":"scroll","background-type":"","background-media":"","overlay-type":"","overlay-color":"","overlay-gradient":""},"mobile":{"background-color":"","background-image":"","background-repeat":"repeat","background-position":"center center","background-size":"auto","background-attachment":"scroll","background-type":"","background-media":"","overlay-type":"","overlay-color":"","overlay-gradient":""}},"ast-content-background-meta":{"desktop":{"background-color":"var(--ast-global-color-5)","background-image":"","background-repeat":"repeat","background-position":"center center","background-size":"auto","background-attachment":"scroll","background-type":"","background-media":"","overlay-type":"","overlay-color":"","overlay-gradient":""},"tablet":{"background-color":"var(--ast-global-color-5)","background-image":"","background-repeat":"repeat","background-position":"center center","background-size":"auto","background-attachment":"scroll","background-type":"","background-media":"","overlay-type":"","overlay-color":"","overlay-gradient":""},"mobile":{"background-color":"var(--ast-global-color-5)","background-image":"","background-repeat":"repeat","background-position":"center center","background-size":"auto","background-attachment":"scroll","background-type":"","background-media":"","overlay-type":"","overlay-color":"","overlay-gradient":""}},"footnotes":""},"categories":[1],"tags":[143213,194740,5710],"class_list":["post-94482","post","type-post","status-publish","format-standard","hentry","category-sin-categoria","tag-alvaro-alonso-de-miguel","tag-javier-de-la-pena-alvarez","tag-paloma-fanconi-villar"],"_links":{"self":[{"href":"https:\/\/www.deberes.net\/tesis\/wp-json\/wp\/v2\/posts\/94482","targetHints":{"allow":["GET"]}}],"collection":[{"href":"https:\/\/www.deberes.net\/tesis\/wp-json\/wp\/v2\/posts"}],"about":[{"href":"https:\/\/www.deberes.net\/tesis\/wp-json\/wp\/v2\/types\/post"}],"author":[{"embeddable":true,"href":"https:\/\/www.deberes.net\/tesis\/wp-json\/wp\/v2\/users\/1"}],"replies":[{"embeddable":true,"href":"https:\/\/www.deberes.net\/tesis\/wp-json\/wp\/v2\/comments?post=94482"}],"version-history":[{"count":0,"href":"https:\/\/www.deberes.net\/tesis\/wp-json\/wp\/v2\/posts\/94482\/revisions"}],"wp:attachment":[{"href":"https:\/\/www.deberes.net\/tesis\/wp-json\/wp\/v2\/media?parent=94482"}],"wp:term":[{"taxonomy":"category","embeddable":true,"href":"https:\/\/www.deberes.net\/tesis\/wp-json\/wp\/v2\/categories?post=94482"},{"taxonomy":"post_tag","embeddable":true,"href":"https:\/\/www.deberes.net\/tesis\/wp-json\/wp\/v2\/tags?post=94482"}],"curies":[{"name":"wp","href":"https:\/\/api.w.org\/{rel}","templated":true}]}}