{"id":94555,"date":"2018-03-11T10:14:18","date_gmt":"2018-03-11T10:14:18","guid":{"rendered":"https:\/\/www.deberes.net\/tesis\/sin-categoria\/tres-ensayos-sobre-innovacion-y-medioambiente\/"},"modified":"2018-03-11T10:14:18","modified_gmt":"2018-03-11T10:14:18","slug":"tres-ensayos-sobre-innovacion-y-medioambiente","status":"publish","type":"post","link":"https:\/\/www.deberes.net\/tesis\/organizacion-y-gestion-de-empresas\/tres-ensayos-sobre-innovacion-y-medioambiente\/","title":{"rendered":"Tres ensayos sobre innovaci\u00f3n y medioambiente"},"content":{"rendered":"<h2>Tesis doctoral de <strong> Liliana Gelabert Crespo <\/strong><\/h2>\n<p>Esta tesis consta de tres art\u00edculos sobre innovaci\u00f3n y medioambiente. El primer capitulo demuestra la existencia de una interacci\u00f3n negativa entre la financiaci\u00f3n p\u00fablica para i+d privada y los mecanismos de protecci\u00f3n de la propiedad intelectual. En promedio, las empresas con menor apropiabilidad aumentan el gasto en i+d privada casi tres veces m\u00e1s que las de mayor apropiabilidad por cada euro que reciben de financiaci\u00f3n publica. El segundo art\u00edculo, explora el impacto de diversas acciones medioambientales sobre la legitimidad medioambiental corporativa. Los resultados obtenidos demuestran que solo aquellas acciones que reflejan mejoras efectivas en el comportamiento medioambiental de las empresas (acciones simb\u00f3licas) tienen un efecto positivo sobre la legitimidad medioambiental mientras que aquellas acciones que reflejan mejoras potenciales (acciones simb\u00f3licas) solo son significativas si van acompa\u00f1adas de acciones sustantivas. El tercer art\u00edculo, examina el impacto de la actividad organizacional en la capacidad de la empresa de generar innovaciones de producto. Del an\u00e1lisis se concluye que si bien cierto nivel de actividad organizacional contribuye al desarrollo de innovaciones de producto, la actividad organizacional tiene un efecto negativo sobre la productividad de la i+d en termino de productos poco novedosos (este efecto es no significativo en productos muy novedosos).<\/p>\n<p>&nbsp;<\/p>\n<h3>Datos acad\u00e9micos de la tesis doctoral \u00ab<strong>Tres ensayos sobre innovaci\u00f3n y medioambiente<\/strong>\u00ab<\/h3>\n<ul>\n<li><strong>T\u00edtulo de la tesis:<\/strong>\u00a0 Tres ensayos sobre innovaci\u00f3n y medioambiente <\/li>\n<li><strong>Autor:<\/strong>\u00a0 Liliana Gelabert Crespo <\/li>\n<li><strong>Universidad:<\/strong>\u00a0 Carlos III de Madrid<\/li>\n<li><strong>Fecha de lectura de la tesis:<\/strong>\u00a0 26\/06\/2009<\/li>\n<\/ul>\n<p>&nbsp;<\/p>\n<h3>Direcci\u00f3n y tribunal<\/h3>\n<ul>\n<li><strong>Director de la tesis<\/strong>\n<ul>\n<li>Andrea Fosfuri<\/li>\n<\/ul>\n<\/li>\n<li><strong>Tribunal<\/strong>\n<ul>\n<li>Presidente del tribunal: M\u00aa isabel Gutierrez calderon <\/li>\n<li>myriam Mariani (vocal)<\/li>\n<li>Manuel Becerra baigorri (vocal)<\/li>\n<li>alfonso Gambardella (vocal)<\/li>\n<\/ul>\n<\/li>\n<\/ul>\n<p>&nbsp;<\/p>\n","protected":false},"excerpt":{"rendered":"<p>Tesis doctoral de Liliana Gelabert Crespo Esta tesis consta de tres art\u00edculos sobre innovaci\u00f3n y medioambiente. El primer capitulo demuestra [&hellip;]<\/p>\n","protected":false},"author":1,"featured_media":0,"comment_status":"open","ping_status":"open","sticky":false,"template":"","format":"standard","meta":{"site-sidebar-layout":"default","site-content-layout":"","ast-site-content-layout":"","site-content-style":"default","site-sidebar-style":"default","ast-global-header-display":"","ast-banner-title-visibility":"","ast-main-header-display":"","ast-hfb-above-header-display":"","ast-hfb-below-header-display":"","ast-hfb-mobile-header-display":"","site-post-title":"","ast-breadcrumbs-content":"","ast-featured-img":"","footer-sml-layout":"","theme-transparent-header-meta":"","adv-header-id-meta":"","stick-header-meta":"","header-above-stick-meta":"","header-main-stick-meta":"","header-below-stick-meta":"","astra-migrate-meta-layouts":"default","ast-page-background-enabled":"default","ast-page-background-meta":{"desktop":{"background-color":"var(--ast-global-color-4)","background-image":"","background-repeat":"repeat","background-position":"center center","background-size":"auto","background-attachment":"scroll","background-type":"","background-media":"","overlay-type":"","overlay-color":"","overlay-gradient":""},"tablet":{"background-color":"","background-image":"","background-repeat":"repeat","background-position":"center center","background-size":"auto","background-attachment":"scroll","background-type":"","background-media":"","overlay-type":"","overlay-color":"","overlay-gradient":""},"mobile":{"background-color":"","background-image":"","background-repeat":"repeat","background-position":"center center","background-size":"auto","background-attachment":"scroll","background-type":"","background-media":"","overlay-type":"","overlay-color":"","overlay-gradient":""}},"ast-content-background-meta":{"desktop":{"background-color":"var(--ast-global-color-5)","background-image":"","background-repeat":"repeat","background-position":"center center","background-size":"auto","background-attachment":"scroll","background-type":"","background-media":"","overlay-type":"","overlay-color":"","overlay-gradient":""},"tablet":{"background-color":"var(--ast-global-color-5)","background-image":"","background-repeat":"repeat","background-position":"center center","background-size":"auto","background-attachment":"scroll","background-type":"","background-media":"","overlay-type":"","overlay-color":"","overlay-gradient":""},"mobile":{"background-color":"var(--ast-global-color-5)","background-image":"","background-repeat":"repeat","background-position":"center center","background-size":"auto","background-attachment":"scroll","background-type":"","background-media":"","overlay-type":"","overlay-color":"","overlay-gradient":""}},"footnotes":""},"categories":[18550,2825,1302],"tags":[147440,57482,194858,161501,194859,43883],"class_list":["post-94555","post","type-post","status-publish","format-standard","hentry","category-carlos-iii-de-madrid","category-organizacion-industrial-y-sector-publico","category-organizacion-y-gestion-de-empresas","tag-alfonso-gambardella","tag-andrea-fosfuri","tag-liliana-gelabert-crespo","tag-manuel-becerra-baigorri","tag-myriam-mariani","tag-ma-isabel-gutierrez-calderon"],"_links":{"self":[{"href":"https:\/\/www.deberes.net\/tesis\/wp-json\/wp\/v2\/posts\/94555","targetHints":{"allow":["GET"]}}],"collection":[{"href":"https:\/\/www.deberes.net\/tesis\/wp-json\/wp\/v2\/posts"}],"about":[{"href":"https:\/\/www.deberes.net\/tesis\/wp-json\/wp\/v2\/types\/post"}],"author":[{"embeddable":true,"href":"https:\/\/www.deberes.net\/tesis\/wp-json\/wp\/v2\/users\/1"}],"replies":[{"embeddable":true,"href":"https:\/\/www.deberes.net\/tesis\/wp-json\/wp\/v2\/comments?post=94555"}],"version-history":[{"count":0,"href":"https:\/\/www.deberes.net\/tesis\/wp-json\/wp\/v2\/posts\/94555\/revisions"}],"wp:attachment":[{"href":"https:\/\/www.deberes.net\/tesis\/wp-json\/wp\/v2\/media?parent=94555"}],"wp:term":[{"taxonomy":"category","embeddable":true,"href":"https:\/\/www.deberes.net\/tesis\/wp-json\/wp\/v2\/categories?post=94555"},{"taxonomy":"post_tag","embeddable":true,"href":"https:\/\/www.deberes.net\/tesis\/wp-json\/wp\/v2\/tags?post=94555"}],"curies":[{"name":"wp","href":"https:\/\/api.w.org\/{rel}","templated":true}]}}