{"id":94573,"date":"2018-03-11T10:14:18","date_gmt":"2018-03-11T10:14:18","guid":{"rendered":"https:\/\/www.deberes.net\/tesis\/sin-categoria\/la-armada-en-1898-un-enfoque-integral\/"},"modified":"2018-03-11T10:14:18","modified_gmt":"2018-03-11T10:14:18","slug":"la-armada-en-1898-un-enfoque-integral","status":"publish","type":"post","link":"https:\/\/www.deberes.net\/tesis\/sin-categoria\/la-armada-en-1898-un-enfoque-integral\/","title":{"rendered":"La armada en 1898. un enfoque integral."},"content":{"rendered":"<h2>Tesis doctoral de <strong> Juan Escrigas Rodriguez <\/strong><\/h2>\n<p>Null el poder naval de una naci\u00f3n, consecuencia inmediata de su pol\u00edtica naval,  se mide por el producto de tres factores. Los buques, las bases navales y la moral y adiestramiento de sus dotaciones. Cuando uno de los factores del producto es cero o se ap roxima a este n\u00famero, el valor total de la multiplicaci\u00f3n es cero, o se acerca a  este valor.   lo sucedido a la armada espa\u00f1ola durante el a\u00f1o de 1898 no se debe a una sola causa, pero el valor del poder naval se acerc\u00f3 peligrosamente a cero. Esta c uesti\u00f3n no se puede achacar \u00fanicamente al posible mal gobierno de los ministros del ramo, con unas pol\u00edticas navales poco acertadas, que no acabaron de definir ni los buques necesarios, ni de concretar el tejido industrial que nuestra naci\u00f3n necesita ba, ni de adiestrar correctamente a nuestras dotaciones, ni de paliar la falta de recursos materiales, econ\u00f3micos y de personal. Tampoco se puede achacar el desastre \u00fanicamente a los mandos de las escuadras perdidas en estas jornadas. Esta situaci\u00f3n fue una suma dolorosa de acontecimientos y situaciones, entre los que, no cabe duda, tuvo una influencia crucial la consecuci\u00f3n de una pol\u00edtica naval poco firme y clara, la falta de liderazgo en todos los niveles de nuestra naci\u00f3n y la falta de unos objetivos claros y definidos al comenzar las operaciones. el esfuerzo realizado por la armada como instituci\u00f3n y todos sus miembros fue ingente, y no se debe entender aislado. Forma parte del esfuerzo superior marcado por las grandes l\u00edneas pol\u00edticas  de cada uno de nuestros gobiernos. Por ello, se hace necesario encuadrar esa actuaci\u00f3n y ese esfuerzo en la pol\u00edtica general del estado y promover un enfoque integral de la cuesti\u00f3n para poder llegar a conclusiones que permitan entender lo sucedido en 1898 en toda su dimensi\u00f3n.<\/p>\n<p>&nbsp;<\/p>\n<h3>Datos acad\u00e9micos de la tesis doctoral \u00ab<strong>La armada en 1898. un enfoque integral.<\/strong>\u00ab<\/h3>\n<ul>\n<li><strong>T\u00edtulo de la tesis:<\/strong>\u00a0 La armada en 1898. un enfoque integral. <\/li>\n<li><strong>Autor:<\/strong>\u00a0 Juan Escrigas Rodriguez <\/li>\n<li><strong>Universidad:<\/strong>\u00a0 Complutense de Madrid<\/li>\n<li><strong>Fecha de lectura de la tesis:<\/strong>\u00a0 29\/06\/2009<\/li>\n<\/ul>\n<p>&nbsp;<\/p>\n<h3>Direcci\u00f3n y tribunal<\/h3>\n<ul>\n<li><strong>Director de la tesis<\/strong>\n<ul>\n<li>Rosario De La Torre Del R\u00edo<\/li>\n<\/ul>\n<\/li>\n<li><strong>Tribunal<\/strong>\n<ul>\n<li>Presidente del tribunal: marina Alfonso mola <\/li>\n<li>  (vocal)<\/li>\n<li>  (vocal)<\/li>\n<li>  (vocal)<\/li>\n<\/ul>\n<\/li>\n<\/ul>\n<p>&nbsp;<\/p>\n","protected":false},"excerpt":{"rendered":"<p>Tesis doctoral de Juan Escrigas Rodriguez Null el poder naval de una naci\u00f3n, consecuencia inmediata de su pol\u00edtica naval, se [&hellip;]<\/p>\n","protected":false},"author":1,"featured_media":0,"comment_status":"open","ping_status":"open","sticky":false,"template":"","format":"standard","meta":{"site-sidebar-layout":"default","site-content-layout":"","ast-site-content-layout":"","site-content-style":"default","site-sidebar-style":"default","ast-global-header-display":"","ast-banner-title-visibility":"","ast-main-header-display":"","ast-hfb-above-header-display":"","ast-hfb-below-header-display":"","ast-hfb-mobile-header-display":"","site-post-title":"","ast-breadcrumbs-content":"","ast-featured-img":"","footer-sml-layout":"","theme-transparent-header-meta":"","adv-header-id-meta":"","stick-header-meta":"","header-above-stick-meta":"","header-main-stick-meta":"","header-below-stick-meta":"","astra-migrate-meta-layouts":"default","ast-page-background-enabled":"default","ast-page-background-meta":{"desktop":{"background-color":"var(--ast-global-color-4)","background-image":"","background-repeat":"repeat","background-position":"center center","background-size":"auto","background-attachment":"scroll","background-type":"","background-media":"","overlay-type":"","overlay-color":"","overlay-gradient":""},"tablet":{"background-color":"","background-image":"","background-repeat":"repeat","background-position":"center center","background-size":"auto","background-attachment":"scroll","background-type":"","background-media":"","overlay-type":"","overlay-color":"","overlay-gradient":""},"mobile":{"background-color":"","background-image":"","background-repeat":"repeat","background-position":"center center","background-size":"auto","background-attachment":"scroll","background-type":"","background-media":"","overlay-type":"","overlay-color":"","overlay-gradient":""}},"ast-content-background-meta":{"desktop":{"background-color":"var(--ast-global-color-5)","background-image":"","background-repeat":"repeat","background-position":"center center","background-size":"auto","background-attachment":"scroll","background-type":"","background-media":"","overlay-type":"","overlay-color":"","overlay-gradient":""},"tablet":{"background-color":"var(--ast-global-color-5)","background-image":"","background-repeat":"repeat","background-position":"center center","background-size":"auto","background-attachment":"scroll","background-type":"","background-media":"","overlay-type":"","overlay-color":"","overlay-gradient":""},"mobile":{"background-color":"var(--ast-global-color-5)","background-image":"","background-repeat":"repeat","background-position":"center center","background-size":"auto","background-attachment":"scroll","background-type":"","background-media":"","overlay-type":"","overlay-color":"","overlay-gradient":""}},"footnotes":""},"categories":[1],"tags":[194888,67561,22845],"class_list":["post-94573","post","type-post","status-publish","format-standard","hentry","category-sin-categoria","tag-juan-escrigas-rodriguez","tag-marina-alfonso-mola","tag-rosario-de-la-torre-del-rio"],"_links":{"self":[{"href":"https:\/\/www.deberes.net\/tesis\/wp-json\/wp\/v2\/posts\/94573","targetHints":{"allow":["GET"]}}],"collection":[{"href":"https:\/\/www.deberes.net\/tesis\/wp-json\/wp\/v2\/posts"}],"about":[{"href":"https:\/\/www.deberes.net\/tesis\/wp-json\/wp\/v2\/types\/post"}],"author":[{"embeddable":true,"href":"https:\/\/www.deberes.net\/tesis\/wp-json\/wp\/v2\/users\/1"}],"replies":[{"embeddable":true,"href":"https:\/\/www.deberes.net\/tesis\/wp-json\/wp\/v2\/comments?post=94573"}],"version-history":[{"count":0,"href":"https:\/\/www.deberes.net\/tesis\/wp-json\/wp\/v2\/posts\/94573\/revisions"}],"wp:attachment":[{"href":"https:\/\/www.deberes.net\/tesis\/wp-json\/wp\/v2\/media?parent=94573"}],"wp:term":[{"taxonomy":"category","embeddable":true,"href":"https:\/\/www.deberes.net\/tesis\/wp-json\/wp\/v2\/categories?post=94573"},{"taxonomy":"post_tag","embeddable":true,"href":"https:\/\/www.deberes.net\/tesis\/wp-json\/wp\/v2\/tags?post=94573"}],"curies":[{"name":"wp","href":"https:\/\/api.w.org\/{rel}","templated":true}]}}