{"id":94584,"date":"2018-03-11T10:14:18","date_gmt":"2018-03-11T10:14:18","guid":{"rendered":"https:\/\/www.deberes.net\/tesis\/sin-categoria\/el-estatus-de-jueces-y-magistrados\/"},"modified":"2018-03-11T10:14:18","modified_gmt":"2018-03-11T10:14:18","slug":"el-estatus-de-jueces-y-magistrados","status":"publish","type":"post","link":"https:\/\/www.deberes.net\/tesis\/funcion-publica\/el-estatus-de-jueces-y-magistrados\/","title":{"rendered":"El estatus de jueces y magistrados"},"content":{"rendered":"<h2>Tesis doctoral de <strong> Francisco Javier Garrido Carrillo <\/strong><\/h2>\n<p>La tesis aborda el estatuto de jueces y magistrados desde dos perspectivas. La primera analiza la perspectiva jurisdiccional del estatus del personal jurisdiccional y la segunda analiza la perspectiva funcionarial del personal juzgador, es decir su situaci\u00f3n como funcionarios p\u00fablicos. El estudio se lleva a cabo desde el an\u00e1lisis de la funci\u00f3n judicial como elemento transversal en el quehacer jurisdiccional, y como elemento determinante del marco jur\u00eddico que como funcionarios p\u00fablicos afecta a los jueces y magistrados.<\/p>\n<p>&nbsp;<\/p>\n<h3>Datos acad\u00e9micos de la tesis doctoral \u00ab<strong>El estatus de jueces y magistrados<\/strong>\u00ab<\/h3>\n<ul>\n<li><strong>T\u00edtulo de la tesis:<\/strong>\u00a0 El estatus de jueces y magistrados <\/li>\n<li><strong>Autor:<\/strong>\u00a0 Francisco Javier Garrido Carrillo <\/li>\n<li><strong>Universidad:<\/strong>\u00a0 Granada<\/li>\n<li><strong>Fecha de lectura de la tesis:<\/strong>\u00a0 29\/06\/2009<\/li>\n<\/ul>\n<p>&nbsp;<\/p>\n<h3>Direcci\u00f3n y tribunal<\/h3>\n<ul>\n<li><strong>Director de la tesis<\/strong>\n<ul>\n<li>Antonio  Jos\u00e9 Valencia Mir\u00f3n<\/li>\n<\/ul>\n<\/li>\n<li><strong>Tribunal<\/strong>\n<ul>\n<li>Presidente del tribunal: carmen Senes motilla <\/li>\n<li>Jaime Vegas torres (vocal)<\/li>\n<li>Fernando Gonz\u00e1lez montes (vocal)<\/li>\n<li>Francisco Lopez simo (vocal)<\/li>\n<\/ul>\n<\/li>\n<\/ul>\n<p>&nbsp;<\/p>\n","protected":false},"excerpt":{"rendered":"<p>Tesis doctoral de Francisco Javier Garrido Carrillo La tesis aborda el estatuto de jueces y magistrados desde dos perspectivas. La [&hellip;]<\/p>\n","protected":false},"author":1,"featured_media":0,"comment_status":"open","ping_status":"open","sticky":false,"template":"","format":"standard","meta":{"site-sidebar-layout":"default","site-content-layout":"","ast-site-content-layout":"","site-content-style":"default","site-sidebar-style":"default","ast-global-header-display":"","ast-banner-title-visibility":"","ast-main-header-display":"","ast-hfb-above-header-display":"","ast-hfb-below-header-display":"","ast-hfb-mobile-header-display":"","site-post-title":"","ast-breadcrumbs-content":"","ast-featured-img":"","footer-sml-layout":"","theme-transparent-header-meta":"","adv-header-id-meta":"","stick-header-meta":"","header-above-stick-meta":"","header-main-stick-meta":"","header-below-stick-meta":"","astra-migrate-meta-layouts":"default","ast-page-background-enabled":"default","ast-page-background-meta":{"desktop":{"background-color":"var(--ast-global-color-4)","background-image":"","background-repeat":"repeat","background-position":"center center","background-size":"auto","background-attachment":"scroll","background-type":"","background-media":"","overlay-type":"","overlay-color":"","overlay-gradient":""},"tablet":{"background-color":"","background-image":"","background-repeat":"repeat","background-position":"center center","background-size":"auto","background-attachment":"scroll","background-type":"","background-media":"","overlay-type":"","overlay-color":"","overlay-gradient":""},"mobile":{"background-color":"","background-image":"","background-repeat":"repeat","background-position":"center center","background-size":"auto","background-attachment":"scroll","background-type":"","background-media":"","overlay-type":"","overlay-color":"","overlay-gradient":""}},"ast-content-background-meta":{"desktop":{"background-color":"var(--ast-global-color-5)","background-image":"","background-repeat":"repeat","background-position":"center center","background-size":"auto","background-attachment":"scroll","background-type":"","background-media":"","overlay-type":"","overlay-color":"","overlay-gradient":""},"tablet":{"background-color":"var(--ast-global-color-5)","background-image":"","background-repeat":"repeat","background-position":"center center","background-size":"auto","background-attachment":"scroll","background-type":"","background-media":"","overlay-type":"","overlay-color":"","overlay-gradient":""},"mobile":{"background-color":"var(--ast-global-color-5)","background-image":"","background-repeat":"repeat","background-position":"center center","background-size":"auto","background-attachment":"scroll","background-type":"","background-media":"","overlay-type":"","overlay-color":"","overlay-gradient":""}},"footnotes":""},"categories":[2169,11802],"tags":[73859,35365,71552,194905,23835,38791],"class_list":["post-94584","post","type-post","status-publish","format-standard","hentry","category-funcion-publica","category-poder-judicial","tag-antonio-jose-valencia-miron","tag-carmen-senes-motilla","tag-fernando-gonzalez-montes","tag-francisco-javier-garrido-carrillo","tag-francisco-lopez-simo","tag-jaime-vegas-torres"],"_links":{"self":[{"href":"https:\/\/www.deberes.net\/tesis\/wp-json\/wp\/v2\/posts\/94584","targetHints":{"allow":["GET"]}}],"collection":[{"href":"https:\/\/www.deberes.net\/tesis\/wp-json\/wp\/v2\/posts"}],"about":[{"href":"https:\/\/www.deberes.net\/tesis\/wp-json\/wp\/v2\/types\/post"}],"author":[{"embeddable":true,"href":"https:\/\/www.deberes.net\/tesis\/wp-json\/wp\/v2\/users\/1"}],"replies":[{"embeddable":true,"href":"https:\/\/www.deberes.net\/tesis\/wp-json\/wp\/v2\/comments?post=94584"}],"version-history":[{"count":0,"href":"https:\/\/www.deberes.net\/tesis\/wp-json\/wp\/v2\/posts\/94584\/revisions"}],"wp:attachment":[{"href":"https:\/\/www.deberes.net\/tesis\/wp-json\/wp\/v2\/media?parent=94584"}],"wp:term":[{"taxonomy":"category","embeddable":true,"href":"https:\/\/www.deberes.net\/tesis\/wp-json\/wp\/v2\/categories?post=94584"},{"taxonomy":"post_tag","embeddable":true,"href":"https:\/\/www.deberes.net\/tesis\/wp-json\/wp\/v2\/tags?post=94584"}],"curies":[{"name":"wp","href":"https:\/\/api.w.org\/{rel}","templated":true}]}}