{"id":94622,"date":"2018-03-11T10:14:23","date_gmt":"2018-03-11T10:14:23","guid":{"rendered":"https:\/\/www.deberes.net\/tesis\/sin-categoria\/efecto-de-un-complemento-alimenticio-de-sustancias-antioxidantes-sobre-la-degenracion-macular-asociada-a-la-edad-comparacion-de-param\/"},"modified":"2018-03-11T10:14:23","modified_gmt":"2018-03-11T10:14:23","slug":"efecto-de-un-complemento-alimenticio-de-sustancias-antioxidantes-sobre-la-degenracion-macular-asociada-a-la-edad-comparacion-de-param","status":"publish","type":"post","link":"https:\/\/www.deberes.net\/tesis\/oftalmologia\/efecto-de-un-complemento-alimenticio-de-sustancias-antioxidantes-sobre-la-degenracion-macular-asociada-a-la-edad-comparacion-de-param\/","title":{"rendered":"Efecto de un complemento alimenticio de sustancias antioxidantes sobre la degenracion macular asociada a la edad comparacion de param"},"content":{"rendered":"<h2>Tesis doctoral de <strong> Juan  Francisco Ramos  Lopez <\/strong><\/h2>\n<p>A 40 pacientes (80 ojos) afectos de degenracion macular asociada a la edad (dmae)  la retina es una fina y delicada capa derivada del neuroectodermo, que cubre parte de la superficie interna del globo ocular. Constituye el sustrato anatomo-fisiol\u00f3gico responsable de la transformaci\u00f3n de la energ\u00eda lum\u00ednica en impulsos el\u00e9ctricos que conducidos al cerebro, hacen posible el fen\u00f3meno complejo de la visi\u00f3n.<\/p>\n<p>&nbsp;<\/p>\n<h3>Datos acad\u00e9micos de la tesis doctoral \u00ab<strong>Efecto de un complemento alimenticio de sustancias antioxidantes sobre la degenracion macular asociada a la edad comparacion de param<\/strong>\u00ab<\/h3>\n<ul>\n<li><strong>T\u00edtulo de la tesis:<\/strong>\u00a0 Efecto de un complemento alimenticio de sustancias antioxidantes sobre la degenracion macular asociada a la edad comparacion de param <\/li>\n<li><strong>Autor:<\/strong>\u00a0 Juan  Francisco Ramos  Lopez <\/li>\n<li><strong>Universidad:<\/strong>\u00a0 Cardenal herrera-ceu<\/li>\n<li><strong>Fecha de lectura de la tesis:<\/strong>\u00a0 29\/06\/2009<\/li>\n<\/ul>\n<p>&nbsp;<\/p>\n<h3>Direcci\u00f3n y tribunal<\/h3>\n<ul>\n<li><strong>Director de la tesis<\/strong>\n<ul>\n<li>M\u00aa Amparo Navea Tejerina<\/li>\n<\/ul>\n<\/li>\n<li><strong>Tribunal<\/strong>\n<ul>\n<li>Presidente del tribunal: Francisco javier Romero gomez <\/li>\n<li>Mar\u00eda Garc\u00eda pous (vocal)<\/li>\n<li>reyes Artacho martin-lagos (vocal)<\/li>\n<li>enrique Cervera teulet (vocal)<\/li>\n<\/ul>\n<\/li>\n<\/ul>\n<p>&nbsp;<\/p>\n","protected":false},"excerpt":{"rendered":"<p>Tesis doctoral de Juan Francisco Ramos Lopez A 40 pacientes (80 ojos) afectos de degenracion macular asociada a la edad [&hellip;]<\/p>\n","protected":false},"author":1,"featured_media":0,"comment_status":"open","ping_status":"open","sticky":false,"template":"","format":"standard","meta":{"site-sidebar-layout":"default","site-content-layout":"","ast-site-content-layout":"","site-content-style":"default","site-sidebar-style":"default","ast-global-header-display":"","ast-banner-title-visibility":"","ast-main-header-display":"","ast-hfb-above-header-display":"","ast-hfb-below-header-display":"","ast-hfb-mobile-header-display":"","site-post-title":"","ast-breadcrumbs-content":"","ast-featured-img":"","footer-sml-layout":"","theme-transparent-header-meta":"","adv-header-id-meta":"","stick-header-meta":"","header-above-stick-meta":"","header-main-stick-meta":"","header-below-stick-meta":"","astra-migrate-meta-layouts":"default","ast-page-background-enabled":"default","ast-page-background-meta":{"desktop":{"background-color":"var(--ast-global-color-4)","background-image":"","background-repeat":"repeat","background-position":"center center","background-size":"auto","background-attachment":"scroll","background-type":"","background-media":"","overlay-type":"","overlay-color":"","overlay-gradient":""},"tablet":{"background-color":"","background-image":"","background-repeat":"repeat","background-position":"center center","background-size":"auto","background-attachment":"scroll","background-type":"","background-media":"","overlay-type":"","overlay-color":"","overlay-gradient":""},"mobile":{"background-color":"","background-image":"","background-repeat":"repeat","background-position":"center center","background-size":"auto","background-attachment":"scroll","background-type":"","background-media":"","overlay-type":"","overlay-color":"","overlay-gradient":""}},"ast-content-background-meta":{"desktop":{"background-color":"var(--ast-global-color-5)","background-image":"","background-repeat":"repeat","background-position":"center center","background-size":"auto","background-attachment":"scroll","background-type":"","background-media":"","overlay-type":"","overlay-color":"","overlay-gradient":""},"tablet":{"background-color":"var(--ast-global-color-5)","background-image":"","background-repeat":"repeat","background-position":"center center","background-size":"auto","background-attachment":"scroll","background-type":"","background-media":"","overlay-type":"","overlay-color":"","overlay-gradient":""},"mobile":{"background-color":"var(--ast-global-color-5)","background-image":"","background-repeat":"repeat","background-position":"center center","background-size":"auto","background-attachment":"scroll","background-type":"","background-media":"","overlay-type":"","overlay-color":"","overlay-gradient":""}},"footnotes":""},"categories":[51435,988],"tags":[194968,26964,194966,145916,26908,194967],"class_list":["post-94622","post","type-post","status-publish","format-standard","hentry","category-cardenal-herrera-ceu","category-oftalmologia","tag-enrique-cervera-teulet","tag-francisco-javier-romero-gomez","tag-juan-francisco-ramos-lopez","tag-maria-garcia-pous","tag-ma-amparo-navea-tejerina","tag-reyes-artacho-martin-lagos"],"_links":{"self":[{"href":"https:\/\/www.deberes.net\/tesis\/wp-json\/wp\/v2\/posts\/94622","targetHints":{"allow":["GET"]}}],"collection":[{"href":"https:\/\/www.deberes.net\/tesis\/wp-json\/wp\/v2\/posts"}],"about":[{"href":"https:\/\/www.deberes.net\/tesis\/wp-json\/wp\/v2\/types\/post"}],"author":[{"embeddable":true,"href":"https:\/\/www.deberes.net\/tesis\/wp-json\/wp\/v2\/users\/1"}],"replies":[{"embeddable":true,"href":"https:\/\/www.deberes.net\/tesis\/wp-json\/wp\/v2\/comments?post=94622"}],"version-history":[{"count":0,"href":"https:\/\/www.deberes.net\/tesis\/wp-json\/wp\/v2\/posts\/94622\/revisions"}],"wp:attachment":[{"href":"https:\/\/www.deberes.net\/tesis\/wp-json\/wp\/v2\/media?parent=94622"}],"wp:term":[{"taxonomy":"category","embeddable":true,"href":"https:\/\/www.deberes.net\/tesis\/wp-json\/wp\/v2\/categories?post=94622"},{"taxonomy":"post_tag","embeddable":true,"href":"https:\/\/www.deberes.net\/tesis\/wp-json\/wp\/v2\/tags?post=94622"}],"curies":[{"name":"wp","href":"https:\/\/api.w.org\/{rel}","templated":true}]}}