{"id":94662,"date":"2018-03-11T10:14:27","date_gmt":"2018-03-11T10:14:27","guid":{"rendered":"https:\/\/www.deberes.net\/tesis\/sin-categoria\/influencia-de-la-distribucion-de-la-carga-en-la-capacidad-resistente-a-cortante-en-elementos-sin-armadura-transversal-estudio-teorico-y-experimental\/"},"modified":"2018-03-11T10:14:27","modified_gmt":"2018-03-11T10:14:27","slug":"influencia-de-la-distribucion-de-la-carga-en-la-capacidad-resistente-a-cortante-en-elementos-sin-armadura-transversal-estudio-teorico-y-experimental","status":"publish","type":"post","link":"https:\/\/www.deberes.net\/tesis\/tecnologia-del-hormigon\/influencia-de-la-distribucion-de-la-carga-en-la-capacidad-resistente-a-cortante-en-elementos-sin-armadura-transversal-estudio-teorico-y-experimental\/","title":{"rendered":"Influencia de la distribuci\u00f3n de la carga en la capacidad resistente a cortante en elementos sin armadura transversal. estudio te\u00f3rico y experimental"},"content":{"rendered":"<h2>Tesis doctoral de <strong> Patricio Sebasti\u00e1n Padilla Lavaselli <\/strong><\/h2>\n<p>Influencia de la distribuci\u00f3n de la carga en la capacidad resistente a cortante en elementos sin armadura transversal. Estudio te\u00f3rico y experimental  resumen:  a partir de la aparici\u00f3n de la instrucci\u00f3n de hormig\u00f3n estructural ehe-98, ha surgido una queja generalizada en el \u00e1mbito profesional. Dicha queja est\u00e1 fundamentada en que, con la aparici\u00f3n de dicha normativa, algunos elementos que anteriormente se dise\u00f1aban sin armadura de cortante, hoy la requieren. Dicho problema afecta a toda la regi\u00f3n europea debido a que las expresiones de la ehe-98 est\u00e1n basadas en las propuestas por el euroc\u00f3digo 2. Para estudiar el problema y poder dar una soluci\u00f3n al mismo se ha llevado a cabo un an\u00e1lisis para una serie de casos pr\u00e1cticos muy habituales en el \u00e1mbito profesional. A partir de este estudio se desprende que en algunos elementos estructurales existen discrepancias entre la pr\u00e1ctica profesional y los requisitos de la instrucci\u00f3n vigente. Tambi\u00e9n a partir de este estudio se concluye que el problema no tiene su origen con la aparici\u00f3n de dicha normativa sino m\u00e1s bien en una incorrecta aplicaci\u00f3n de la eh-91. Una vez localizados los elementos y los rangos de cuant\u00edas, cantos, luces etc. En donde existen discrepancias y teniendo en cuenta la ausencia de patolog\u00edas vinculadas a la tracci\u00f3n del alma en dichos elementos, se analiza una posible soluci\u00f3n al problema. Para ello inicialmente se verifica si el modelo propuesto por la ehe-98 para la evaluaci\u00f3n de la capacidad resistente a cortante es muy conservador. A partir de un an\u00e1lisis exhaustivo de las bases de datos existentes se concluye que la expresi\u00f3n que propone la ehe no es conservadora. Dicho modelo se deriva de un ajuste de resultados experimentales, siendo en su mayor\u00eda ensayos de vigas isost\u00e1ticas con una o dos cargas puntuales alejadas del apoyo una distancia superior a 2.5 d. Tambi\u00e9n se observa que la mayor\u00eda de los ensayos se han realizado con cuant\u00edas muy superiores a las habituales. Esto se debe a que es muy dif\u00edcil conseguir una rotura por cortante antes que por flexi\u00f3n en elementos con baja cuant\u00eda de armadura longitudinal. Generalmente las estructuras reales est\u00e1n sometidas a cargas uniformemente distribuidas. Adem\u00e1s, dichas estructuras son hiperest\u00e1ticas en la mayor\u00eda de los casos. Adem\u00e1s el modelo de la ehe no tiene en cuenta la posible influencia del tipo de carga aplicada y tampoco c\u00f3mo afecta la hiperestaticidad en la capacidad resistente \u00faltima a cortante. A partir de los estudios y las conclusiones anteriores, se plantea una serie de ensayos con los objetivos siguientes: estudiar la aparente contradicci\u00f3n entre la teor\u00eda y la pr\u00e1ctica profesional con objeto de proporcionar al proyectista argumentos que le permitan justificar los usos de la pr\u00e1ctica profesional y as\u00ed evitar dise\u00f1os que presenten importantes dificultades constructivas. Estudiar elementos con baja cuant\u00eda de armadura longitudinal. Estudiar el comportamiento de elementos hiperest\u00e1ticos. Estudiar la influencia de la forma de aplicaci\u00f3n de la carga (puntual o distribuida). Finalmente, a partir de los resultados experimentales obtenidos de los ensayos y de campa\u00f1as similares llevadas a cabo por otros investigadores, se observa que existe una marcada influencia del tipo de aplicaci\u00f3n de la carga en la capacidad resistente a cortante. Dicha influencia es tenida en cuenta mediante la propuesta de dos m\u00e9todos de c\u00e1lculo. Uno tiene en cuenta dicho efecto a partir de considerar una secci\u00f3n de c\u00e1lculo a una distancia al apoyo que var\u00eda en funci\u00f3n de la esbeltez del elemento. El segundo m\u00e9todo propone un factor de reducci\u00f3n de la carga en funci\u00f3n de la esbeltez del elemento. En cuanto a los ensayos realizados en las vigas hiperest\u00e1ticas, se observa una sobre-resistencia, en los ensayos realizados, con respecto a sus pares isost\u00e1ticos. Dicho incremento en su capacidad se debe a la interacci\u00f3n momento cortante. Asimismo se propone un m\u00e9todo para tener en cuenta la existencia de un punto de momento nulo en el elemento. A partir de las conclusiones anteriores se propone una modificaci\u00f3n en la instrucci\u00f3n ehe para compatibilizar el  modelo propuesto por la normativa con los usos de la pr\u00e1ctica profesional sin atentar contra la seguridad de las estructuras.<\/p>\n<p>&nbsp;<\/p>\n<h3>Datos acad\u00e9micos de la tesis doctoral \u00ab<strong>Influencia de la distribuci\u00f3n de la carga en la capacidad resistente a cortante en elementos sin armadura transversal. estudio te\u00f3rico y experimental<\/strong>\u00ab<\/h3>\n<ul>\n<li><strong>T\u00edtulo de la tesis:<\/strong>\u00a0 Influencia de la distribuci\u00f3n de la carga en la capacidad resistente a cortante en elementos sin armadura transversal. estudio te\u00f3rico y experimental <\/li>\n<li><strong>Autor:<\/strong>\u00a0 Patricio Sebasti\u00e1n Padilla Lavaselli <\/li>\n<li><strong>Universidad:<\/strong>\u00a0 Polit\u00e9cnica de Madrid<\/li>\n<li><strong>Fecha de lectura de la tesis:<\/strong>\u00a0 30\/06\/2009<\/li>\n<\/ul>\n<p>&nbsp;<\/p>\n<h3>Direcci\u00f3n y tribunal<\/h3>\n<ul>\n<li><strong>Director de la tesis<\/strong>\n<ul>\n<li>Alejandro P\u00e9rez Caldentey<\/li>\n<\/ul>\n<\/li>\n<li><strong>Tribunal<\/strong>\n<ul>\n<li>Presidente del tribunal: hugo Corres peiretti <\/li>\n<li>aurelio Muttoni (vocal)<\/li>\n<li>Fernando Martinez abella (vocal)<\/li>\n<li>Antonio  ricardo Mar\u00ed bernat (vocal)<\/li>\n<\/ul>\n<\/li>\n<\/ul>\n<p>&nbsp;<\/p>\n","protected":false},"excerpt":{"rendered":"<p>Tesis doctoral de Patricio Sebasti\u00e1n Padilla Lavaselli Influencia de la distribuci\u00f3n de la carga en la capacidad resistente a cortante [&hellip;]<\/p>\n","protected":false},"author":1,"featured_media":0,"comment_status":"open","ping_status":"open","sticky":false,"template":"","format":"standard","meta":{"site-sidebar-layout":"default","site-content-layout":"","ast-site-content-layout":"","site-content-style":"default","site-sidebar-style":"default","ast-global-header-display":"","ast-banner-title-visibility":"","ast-main-header-display":"","ast-hfb-above-header-display":"","ast-hfb-below-header-display":"","ast-hfb-mobile-header-display":"","site-post-title":"","ast-breadcrumbs-content":"","ast-featured-img":"","footer-sml-layout":"","theme-transparent-header-meta":"","adv-header-id-meta":"","stick-header-meta":"","header-above-stick-meta":"","header-main-stick-meta":"","header-below-stick-meta":"","astra-migrate-meta-layouts":"default","ast-page-background-enabled":"default","ast-page-background-meta":{"desktop":{"background-color":"var(--ast-global-color-4)","background-image":"","background-repeat":"repeat","background-position":"center center","background-size":"auto","background-attachment":"scroll","background-type":"","background-media":"","overlay-type":"","overlay-color":"","overlay-gradient":""},"tablet":{"background-color":"","background-image":"","background-repeat":"repeat","background-position":"center center","background-size":"auto","background-attachment":"scroll","background-type":"","background-media":"","overlay-type":"","overlay-color":"","overlay-gradient":""},"mobile":{"background-color":"","background-image":"","background-repeat":"repeat","background-position":"center center","background-size":"auto","background-attachment":"scroll","background-type":"","background-media":"","overlay-type":"","overlay-color":"","overlay-gradient":""}},"ast-content-background-meta":{"desktop":{"background-color":"var(--ast-global-color-5)","background-image":"","background-repeat":"repeat","background-position":"center center","background-size":"auto","background-attachment":"scroll","background-type":"","background-media":"","overlay-type":"","overlay-color":"","overlay-gradient":""},"tablet":{"background-color":"var(--ast-global-color-5)","background-image":"","background-repeat":"repeat","background-position":"center center","background-size":"auto","background-attachment":"scroll","background-type":"","background-media":"","overlay-type":"","overlay-color":"","overlay-gradient":""},"mobile":{"background-color":"var(--ast-global-color-5)","background-image":"","background-repeat":"repeat","background-position":"center center","background-size":"auto","background-attachment":"scroll","background-type":"","background-media":"","overlay-type":"","overlay-color":"","overlay-gradient":""}},"footnotes":""},"categories":[16008,10558],"tags":[49827,30307,195035,40247,38358,195034],"class_list":["post-94662","post","type-post","status-publish","format-standard","hentry","category-politecnica-de-madrid","category-tecnologia-del-hormigon","tag-alejandro-perez-caldentey","tag-antonio-ricardo-mari-bernat","tag-aurelio-muttoni","tag-fernando-Martinez-abella","tag-hugo-corres-peiretti","tag-patricio-sebastian-padilla-lavaselli"],"_links":{"self":[{"href":"https:\/\/www.deberes.net\/tesis\/wp-json\/wp\/v2\/posts\/94662","targetHints":{"allow":["GET"]}}],"collection":[{"href":"https:\/\/www.deberes.net\/tesis\/wp-json\/wp\/v2\/posts"}],"about":[{"href":"https:\/\/www.deberes.net\/tesis\/wp-json\/wp\/v2\/types\/post"}],"author":[{"embeddable":true,"href":"https:\/\/www.deberes.net\/tesis\/wp-json\/wp\/v2\/users\/1"}],"replies":[{"embeddable":true,"href":"https:\/\/www.deberes.net\/tesis\/wp-json\/wp\/v2\/comments?post=94662"}],"version-history":[{"count":0,"href":"https:\/\/www.deberes.net\/tesis\/wp-json\/wp\/v2\/posts\/94662\/revisions"}],"wp:attachment":[{"href":"https:\/\/www.deberes.net\/tesis\/wp-json\/wp\/v2\/media?parent=94662"}],"wp:term":[{"taxonomy":"category","embeddable":true,"href":"https:\/\/www.deberes.net\/tesis\/wp-json\/wp\/v2\/categories?post=94662"},{"taxonomy":"post_tag","embeddable":true,"href":"https:\/\/www.deberes.net\/tesis\/wp-json\/wp\/v2\/tags?post=94662"}],"curies":[{"name":"wp","href":"https:\/\/api.w.org\/{rel}","templated":true}]}}