{"id":94706,"date":"2009-01-07T00:00:00","date_gmt":"2009-01-07T00:00:00","guid":{"rendered":"https:\/\/www.deberes.net\/tesis\/sin-categoria\/identificacion-y-valoracion-de-los-riesgos-de-las-instalaciones-deportivas-escolares-mediante-un-protocolo-de-evaluacion-el-caso-de-la-provincia-de-jaen\/"},"modified":"2009-01-07T00:00:00","modified_gmt":"2009-01-07T00:00:00","slug":"identificacion-y-valoracion-de-los-riesgos-de-las-instalaciones-deportivas-escolares-mediante-un-protocolo-de-evaluacion-el-caso-de-la-provincia-de-jaen","status":"publish","type":"post","link":"https:\/\/www.deberes.net\/tesis\/organizacion-y-planificacion-de-la-educacion\/identificacion-y-valoracion-de-los-riesgos-de-las-instalaciones-deportivas-escolares-mediante-un-protocolo-de-evaluacion-el-caso-de-la-provincia-de-jaen\/","title":{"rendered":"Identificaci\u00f3n y valoraci\u00f3n de los riesgos de las instalaciones deportivas escolares, mediante un protocolo de evaluaci\u00f3n. el caso de la provincia de ja\u00e9n."},"content":{"rendered":"<h2>Tesis doctoral de <strong> Jos\u00e9 Armando Mej\u00eda Meza <\/strong><\/h2>\n<p>La pr\u00e1ctica f\u00edslco-deportiva supone en s\u00ed misma una actividad peligrosa por los diferentes componentes que la determinan: manejo de m\u00f3viles, delimitaci\u00f3n de espacios, edad de los participantes, condiciones meteorol\u00f3gicas y, sobre todo, por la velocidad de ejecuci\u00f3n como determinante m\u00e1s prioritario. Una de las situaciones m\u00e1s indeseadas y desagradables de la pr\u00e1ctica f\u00edsica deportiva es la aparici\u00f3n de accidentes y lesiones, estas circunstancias est\u00e1n sobredimensionadas por la subestimaci\u00f3n del riesgo objetivo que presentan los ni\u00f1os. En todo caso, el soporte de una pr\u00e1ctica f\u00edsico-deportiva escolar segura y saludable requiere necesariamente una infraestructura de instalaciones deportivas normalizadas. El centro escolar debe funcionar como un ergosistema saludable en el que las interacciones entre el entorno, los espacios, materiales y equipamientos deportivos junto con las personas se desarrollen de manera fruct\u00edfera pedag\u00f3gicamente y, sobre todo, que se asienten en el criterio de seguridad. El objetivo fundamental de la investigaci\u00f3n consiste en verificar o comprobar el grado de cumplimiento de la normativa oficial, por tanto, la identificaci\u00f3n y valoraci\u00f3n de la seguridad y el riesgo asociado al estado de normalizaci\u00f3n y conservaci\u00f3n de los espacios y equipamientos deportivos de centros p\u00fablicos escolares (celp e les) de la provincia de ja\u00e9n, as\u00ed como la elaboraci\u00f3n de un instrumento fiable y v\u00e1lido para analizar la normalizaci\u00f3n y conservaci\u00f3n de los espacios y equipamientos deportivos escolares.<\/p>\n<p>&nbsp;<\/p>\n<h3>Datos acad\u00e9micos de la tesis doctoral \u00ab<strong>Identificaci\u00f3n y valoraci\u00f3n de los riesgos de las instalaciones deportivas escolares, mediante un protocolo de evaluaci\u00f3n. el caso de la provincia de ja\u00e9n.<\/strong>\u00ab<\/h3>\n<ul>\n<li><strong>T\u00edtulo de la tesis:<\/strong>\u00a0 Identificaci\u00f3n y valoraci\u00f3n de los riesgos de las instalaciones deportivas escolares, mediante un protocolo de evaluaci\u00f3n. el caso de la provincia de ja\u00e9n. <\/li>\n<li><strong>Autor:<\/strong>\u00a0 Jos\u00e9 Armando Mej\u00eda Meza <\/li>\n<li><strong>Universidad:<\/strong>\u00a0 Ja\u00e9n<\/li>\n<li><strong>Fecha de lectura de la tesis:<\/strong>\u00a0 01\/07\/2009<\/li>\n<\/ul>\n<p>&nbsp;<\/p>\n<h3>Direcci\u00f3n y tribunal<\/h3>\n<ul>\n<li><strong>Director de la tesis<\/strong>\n<ul>\n<li>Pedro Angel Latorre Roman<\/li>\n<\/ul>\n<\/li>\n<li><strong>Tribunal<\/strong>\n<ul>\n<li>Presidente del tribunal: Mar\u00eda Luisa Zagalaz s\u00e1nchez <\/li>\n<li>arturo Diaz suarez (vocal)<\/li>\n<li>victor Manuel Soto hermoso (vocal)<\/li>\n<li>Manuel Delgado fernandez (vocal)<\/li>\n<\/ul>\n<\/li>\n<\/ul>\n<p>&nbsp;<\/p>\n","protected":false},"excerpt":{"rendered":"<p>Tesis doctoral de Jos\u00e9 Armando Mej\u00eda Meza La pr\u00e1ctica f\u00edslco-deportiva supone en s\u00ed misma una actividad peligrosa por los diferentes [&hellip;]<\/p>\n","protected":false},"author":1,"featured_media":0,"comment_status":"open","ping_status":"open","sticky":false,"template":"","format":"standard","meta":{"site-sidebar-layout":"default","site-content-layout":"","ast-site-content-layout":"","site-content-style":"default","site-sidebar-style":"default","ast-global-header-display":"","ast-banner-title-visibility":"","ast-main-header-display":"","ast-hfb-above-header-display":"","ast-hfb-below-header-display":"","ast-hfb-mobile-header-display":"","site-post-title":"","ast-breadcrumbs-content":"","ast-featured-img":"","footer-sml-layout":"","theme-transparent-header-meta":"","adv-header-id-meta":"","stick-header-meta":"","header-above-stick-meta":"","header-main-stick-meta":"","header-below-stick-meta":"","astra-migrate-meta-layouts":"default","ast-page-background-enabled":"default","ast-page-background-meta":{"desktop":{"background-color":"var(--ast-global-color-4)","background-image":"","background-repeat":"repeat","background-position":"center center","background-size":"auto","background-attachment":"scroll","background-type":"","background-media":"","overlay-type":"","overlay-color":"","overlay-gradient":""},"tablet":{"background-color":"","background-image":"","background-repeat":"repeat","background-position":"center center","background-size":"auto","background-attachment":"scroll","background-type":"","background-media":"","overlay-type":"","overlay-color":"","overlay-gradient":""},"mobile":{"background-color":"","background-image":"","background-repeat":"repeat","background-position":"center center","background-size":"auto","background-attachment":"scroll","background-type":"","background-media":"","overlay-type":"","overlay-color":"","overlay-gradient":""}},"ast-content-background-meta":{"desktop":{"background-color":"var(--ast-global-color-5)","background-image":"","background-repeat":"repeat","background-position":"center center","background-size":"auto","background-attachment":"scroll","background-type":"","background-media":"","overlay-type":"","overlay-color":"","overlay-gradient":""},"tablet":{"background-color":"var(--ast-global-color-5)","background-image":"","background-repeat":"repeat","background-position":"center center","background-size":"auto","background-attachment":"scroll","background-type":"","background-media":"","overlay-type":"","overlay-color":"","overlay-gradient":""},"mobile":{"background-color":"var(--ast-global-color-5)","background-image":"","background-repeat":"repeat","background-position":"center center","background-size":"auto","background-attachment":"scroll","background-type":"","background-media":"","overlay-type":"","overlay-color":"","overlay-gradient":""}},"footnotes":""},"categories":[2623,18923,7611,1184],"tags":[43860,195093,35422,48164,68383,22417],"class_list":["post-94706","post","type-post","status-publish","format-standard","hentry","category-educacion-basica","category-jaen","category-organizacion-y-direccion-de-las-instituciones-educativas","category-organizacion-y-planificacion-de-la-educacion","tag-arturo-diaz-suarez","tag-jose-armando-mejia-meza","tag-manuel-delgado-fernandez","tag-maria-luisa-zagalaz-sanchez","tag-pedro-angel-latorre-roman","tag-victor-manuel-soto-hermoso"],"_links":{"self":[{"href":"https:\/\/www.deberes.net\/tesis\/wp-json\/wp\/v2\/posts\/94706","targetHints":{"allow":["GET"]}}],"collection":[{"href":"https:\/\/www.deberes.net\/tesis\/wp-json\/wp\/v2\/posts"}],"about":[{"href":"https:\/\/www.deberes.net\/tesis\/wp-json\/wp\/v2\/types\/post"}],"author":[{"embeddable":true,"href":"https:\/\/www.deberes.net\/tesis\/wp-json\/wp\/v2\/users\/1"}],"replies":[{"embeddable":true,"href":"https:\/\/www.deberes.net\/tesis\/wp-json\/wp\/v2\/comments?post=94706"}],"version-history":[{"count":0,"href":"https:\/\/www.deberes.net\/tesis\/wp-json\/wp\/v2\/posts\/94706\/revisions"}],"wp:attachment":[{"href":"https:\/\/www.deberes.net\/tesis\/wp-json\/wp\/v2\/media?parent=94706"}],"wp:term":[{"taxonomy":"category","embeddable":true,"href":"https:\/\/www.deberes.net\/tesis\/wp-json\/wp\/v2\/categories?post=94706"},{"taxonomy":"post_tag","embeddable":true,"href":"https:\/\/www.deberes.net\/tesis\/wp-json\/wp\/v2\/tags?post=94706"}],"curies":[{"name":"wp","href":"https:\/\/api.w.org\/{rel}","templated":true}]}}