{"id":94756,"date":"2009-02-07T00:00:00","date_gmt":"2009-02-07T00:00:00","guid":{"rendered":"https:\/\/www.deberes.net\/tesis\/sin-categoria\/la-coexistencia-de-los-canales-de-representacion-de-los-trabajadores-en-la-empresa\/"},"modified":"2009-02-07T00:00:00","modified_gmt":"2009-02-07T00:00:00","slug":"la-coexistencia-de-los-canales-de-representacion-de-los-trabajadores-en-la-empresa","status":"publish","type":"post","link":"https:\/\/www.deberes.net\/tesis\/derecho-del-trabajo-y-de-la-seguridad-social\/la-coexistencia-de-los-canales-de-representacion-de-los-trabajadores-en-la-empresa\/","title":{"rendered":"La coexistencia de los canales de representaci\u00f3n de los trabajadores en la empresa"},"content":{"rendered":"<h2>Tesis doctoral de <strong> Rosa Mar\u00eda P\u00e9rez Anaya <\/strong><\/h2>\n<p>En la tesis se aborda la representaci\u00f3n de los trabajadores en el concreto \u00e1mbito de la empresa, iniciado con un an\u00e1lisis evolutivo de estos sujetos colectivos desde el nacimiento del movimiento obrero hasta la conformaci\u00f3n del modelo legal actual.  en los cap\u00edtulos centrales se aborda un estudio conjunto de los sujetos colectivos que asumen la representaci\u00f3n de los trabajadores en la empresa o centro de trabajo que han sido creados legalmente de forma individual y espec\u00edfica en un intento de aclarar el panorama representativo de nuestro pa\u00eds. el examen de cada una de estas normas legales revela la existencia de numerosas divergencias y coincidencias jur\u00eddicas as\u00ed como de conexiones legales entre todos estos sujetos colectivos aunque principalmente entre aquellos que gozan de diferente naturaleza jur\u00eddica. el an\u00e1lisis conjunto de estas cuestiones plantea la necesidad de dar respuesta anumerosos interrrogantes que la regulaci\u00f3n legal suscita encaminados todos ellos a la justificaci\u00f3n de nuestro modelo dual de representaci\u00f3n de los trabajadores en los lugares de trabajo introduciendo necesariamente reformas legales que lo fundamente y que ayude a su vez a identificar a cada sujeto colectivo.<\/p>\n<p>&nbsp;<\/p>\n<h3>Datos acad\u00e9micos de la tesis doctoral \u00ab<strong>La coexistencia de los canales de representaci\u00f3n de los trabajadores en la empresa<\/strong>\u00ab<\/h3>\n<ul>\n<li><strong>T\u00edtulo de la tesis:<\/strong>\u00a0 La coexistencia de los canales de representaci\u00f3n de los trabajadores en la empresa <\/li>\n<li><strong>Autor:<\/strong>\u00a0 Rosa Mar\u00eda P\u00e9rez Anaya <\/li>\n<li><strong>Universidad:<\/strong>\u00a0 Pablo de olavide<\/li>\n<li><strong>Fecha de lectura de la tesis:<\/strong>\u00a0 02\/07\/2009<\/li>\n<\/ul>\n<p>&nbsp;<\/p>\n<h3>Direcci\u00f3n y tribunal<\/h3>\n<ul>\n<li><strong>Director de la tesis<\/strong>\n<ul>\n<li>sa\u00f1udo Gutierrez Rodriguez<\/li>\n<\/ul>\n<\/li>\n<li><strong>Tribunal<\/strong>\n<ul>\n<li>Presidente del tribunal: alfredo Montoya melgar <\/li>\n<li>carmen Saez lara (vocal)<\/li>\n<li>Fernando Elorza guerrero (vocal)<\/li>\n<li>Antonio Valverde asencio (vocal)<\/li>\n<\/ul>\n<\/li>\n<\/ul>\n<p>&nbsp;<\/p>\n","protected":false},"excerpt":{"rendered":"<p>Tesis doctoral de Rosa Mar\u00eda P\u00e9rez Anaya En la tesis se aborda la representaci\u00f3n de los trabajadores en el concreto [&hellip;]<\/p>\n","protected":false},"author":1,"featured_media":0,"comment_status":"open","ping_status":"open","sticky":false,"template":"","format":"standard","meta":{"site-sidebar-layout":"default","site-content-layout":"","ast-site-content-layout":"","site-content-style":"default","site-sidebar-style":"default","ast-global-header-display":"","ast-banner-title-visibility":"","ast-main-header-display":"","ast-hfb-above-header-display":"","ast-hfb-below-header-display":"","ast-hfb-mobile-header-display":"","site-post-title":"","ast-breadcrumbs-content":"","ast-featured-img":"","footer-sml-layout":"","theme-transparent-header-meta":"","adv-header-id-meta":"","stick-header-meta":"","header-above-stick-meta":"","header-main-stick-meta":"","header-below-stick-meta":"","astra-migrate-meta-layouts":"default","ast-page-background-enabled":"default","ast-page-background-meta":{"desktop":{"background-color":"var(--ast-global-color-4)","background-image":"","background-repeat":"repeat","background-position":"center center","background-size":"auto","background-attachment":"scroll","background-type":"","background-media":"","overlay-type":"","overlay-color":"","overlay-gradient":""},"tablet":{"background-color":"","background-image":"","background-repeat":"repeat","background-position":"center center","background-size":"auto","background-attachment":"scroll","background-type":"","background-media":"","overlay-type":"","overlay-color":"","overlay-gradient":""},"mobile":{"background-color":"","background-image":"","background-repeat":"repeat","background-position":"center center","background-size":"auto","background-attachment":"scroll","background-type":"","background-media":"","overlay-type":"","overlay-color":"","overlay-gradient":""}},"ast-content-background-meta":{"desktop":{"background-color":"var(--ast-global-color-5)","background-image":"","background-repeat":"repeat","background-position":"center center","background-size":"auto","background-attachment":"scroll","background-type":"","background-media":"","overlay-type":"","overlay-color":"","overlay-gradient":""},"tablet":{"background-color":"var(--ast-global-color-5)","background-image":"","background-repeat":"repeat","background-position":"center center","background-size":"auto","background-attachment":"scroll","background-type":"","background-media":"","overlay-type":"","overlay-color":"","overlay-gradient":""},"mobile":{"background-color":"var(--ast-global-color-5)","background-image":"","background-repeat":"repeat","background-position":"center center","background-size":"auto","background-attachment":"scroll","background-type":"","background-media":"","overlay-type":"","overlay-color":"","overlay-gradient":""}},"footnotes":""},"categories":[2170,37286],"tags":[5169,146734,44086,173188,195194,103832],"class_list":["post-94756","post","type-post","status-publish","format-standard","hentry","category-derecho-del-trabajo-y-de-la-seguridad-social","category-pablo-de-olavide","tag-alfredo-montoya-melgar","tag-antonio-valverde-asencio","tag-carmen-saez-lara","tag-fernando-elorza-guerrero","tag-rosa-maria-perez-anaya","tag-sanudo-gutierrez-rodriguez"],"_links":{"self":[{"href":"https:\/\/www.deberes.net\/tesis\/wp-json\/wp\/v2\/posts\/94756","targetHints":{"allow":["GET"]}}],"collection":[{"href":"https:\/\/www.deberes.net\/tesis\/wp-json\/wp\/v2\/posts"}],"about":[{"href":"https:\/\/www.deberes.net\/tesis\/wp-json\/wp\/v2\/types\/post"}],"author":[{"embeddable":true,"href":"https:\/\/www.deberes.net\/tesis\/wp-json\/wp\/v2\/users\/1"}],"replies":[{"embeddable":true,"href":"https:\/\/www.deberes.net\/tesis\/wp-json\/wp\/v2\/comments?post=94756"}],"version-history":[{"count":0,"href":"https:\/\/www.deberes.net\/tesis\/wp-json\/wp\/v2\/posts\/94756\/revisions"}],"wp:attachment":[{"href":"https:\/\/www.deberes.net\/tesis\/wp-json\/wp\/v2\/media?parent=94756"}],"wp:term":[{"taxonomy":"category","embeddable":true,"href":"https:\/\/www.deberes.net\/tesis\/wp-json\/wp\/v2\/categories?post=94756"},{"taxonomy":"post_tag","embeddable":true,"href":"https:\/\/www.deberes.net\/tesis\/wp-json\/wp\/v2\/tags?post=94756"}],"curies":[{"name":"wp","href":"https:\/\/api.w.org\/{rel}","templated":true}]}}