{"id":94759,"date":"2009-03-07T00:00:00","date_gmt":"2009-03-07T00:00:00","guid":{"rendered":"https:\/\/www.deberes.net\/tesis\/sin-categoria\/los-espacios-del-arte-y-la-cultura-en-la-ciudad-analisis-del-casco-historico-de-pamplona\/"},"modified":"2009-03-07T00:00:00","modified_gmt":"2009-03-07T00:00:00","slug":"los-espacios-del-arte-y-la-cultura-en-la-ciudad-analisis-del-casco-historico-de-pamplona","status":"publish","type":"post","link":"https:\/\/www.deberes.net\/tesis\/geografia-humana\/los-espacios-del-arte-y-la-cultura-en-la-ciudad-analisis-del-casco-historico-de-pamplona\/","title":{"rendered":"Los espacios del arte y la cultura en la ciudad. an\u00e1lisis del casco hist\u00f3rico de pamplona"},"content":{"rendered":"<h2>Tesis doctoral de <strong> Angel Javier Alcalde Encina <\/strong><\/h2>\n<p>En esta tesis se intenta realizar una aproximaci\u00f3n \u00c2\u00bfde car\u00e1cter fundamentalmente metodol\u00f3gico\u00c2\u00bf al conocimiento de los espacios dedicados al arte y la cultura en los cascos hist\u00f3ricos espa\u00f1oles, centr\u00e1ndonos en el caso de la ciudad de pamplona.  dos son los grandes bloques que presenta: el primero, en el que se desarrollan los 4 temas de car\u00e1cter m\u00e1s te\u00f3rico, se centra en la reflexi\u00f3n acerca de la definici\u00f3n y m\u00faltiples acepciones de los conceptos que constituyen el n\u00facleo de esta tesis doctoral, y su estudio nos ha permitido extraer un punto de vista apropiado con el que poder contextualizar y delimitar nuestro objeto de an\u00e1lisis: los espacios de arte y la cultura en los cascos hist\u00f3ricos. de esta manera hemos definido cultura como: \u00c2\u00abel conjunto de las intervenciones que el ser humano realiza sobre la naturaleza siempre que se respeten las exigencias de \u00e9sta y las del propio ser humano, siendo los espacios de la cultura \u00c2\u00abaqu\u00e9llos donde tienen lugar esas actividades\u00c2\u00bb. En sinton\u00eda con la descripci\u00f3n conceptual que se ha desarrollado previamente, denominamos espacios del arte a \u00c2\u00abaquellos en los que se crean, se custodian, se exponen, se representan o se ense\u00f1an las diferentes artes, y\/o aquellos en los que el propio espacio posee valor art\u00edstico\u00c2\u00bb. Dicho de otra manera, vamos a considerar como tales tanto los espacios que tienen una utilizaci\u00f3n art\u00edstica como aquellos que por s\u00ed mismos merecen esa consideraci\u00f3n, o en los que se dan ambas cualidades a un mismo tiempo.  tras este estudio se ha procedido, en el tema quinto y ya dentro del segundo bloque, a buscar, ordenar, agrupar y detallar todos los espacios ciudadanos relacionados con el arte, bajo el formato de un esquema o matriz de datos. Una clasificaci\u00f3n que, en \u00faltimo t\u00e9rmino, nos ha servido para catalogar cada espacio dedicado al arte y la cultura en los cascos hist\u00f3ricos y conocer sus caracter\u00edsticas m\u00e1s rese\u00f1ables. Fruto de las tipolog\u00edas de usos y caracter\u00edsticas de los espacios que hemos expuesto, 24 son las categor\u00edas resultantes, de las cuales se han identificado 18 tipos diferentes de espacios del arte, dejando vac\u00edas otras seis categor\u00edas que, por diferentes motivos, no re\u00fanen los requisitos indicados en la definici\u00f3n. finalmente, y antes de llegar a las conclusiones, el sexto tema supone la aplicaci\u00f3n de esa categorizaci\u00f3n a un caso concreto: el \u00c2\u00bfcasco viejo\u00c2\u00bf de pamplona, que ser\u00e1 el protagonista de varios an\u00e1lisis con los que se pretende dar cuenta de la importancia art\u00edstica y del dinamismo cultural que presenta esta zona en relaci\u00f3n a otras \u00e1reas de la ciudad.<\/p>\n<p>&nbsp;<\/p>\n<h3>Datos acad\u00e9micos de la tesis doctoral \u00ab<strong>Los espacios del arte y la cultura en la ciudad. an\u00e1lisis del casco hist\u00f3rico de pamplona<\/strong>\u00ab<\/h3>\n<ul>\n<li><strong>T\u00edtulo de la tesis:<\/strong>\u00a0 Los espacios del arte y la cultura en la ciudad. an\u00e1lisis del casco hist\u00f3rico de pamplona <\/li>\n<li><strong>Autor:<\/strong>\u00a0 Angel Javier Alcalde Encina <\/li>\n<li><strong>Universidad:<\/strong>\u00a0 Navarra<\/li>\n<li><strong>Fecha de lectura de la tesis:<\/strong>\u00a0 03\/07\/2009<\/li>\n<\/ul>\n<p>&nbsp;<\/p>\n<h3>Direcci\u00f3n y tribunal<\/h3>\n<ul>\n<li><strong>Director de la tesis<\/strong>\n<ul>\n<li>Juan  Jos\u00e9 Pons Izquierdo<\/li>\n<\/ul>\n<\/li>\n<li><strong>Tribunal<\/strong>\n<ul>\n<li>Presidente del tribunal: manuel Ferrer regales <\/li>\n<li>Mar\u00eda carmen Jusu\u00e9 simonena (vocal)<\/li>\n<li>Jos\u00e9 Javier Azanza l\u00f3pez (vocal)<\/li>\n<li>ignazia Pinzello (vocal)<\/li>\n<\/ul>\n<\/li>\n<\/ul>\n<p>&nbsp;<\/p>\n","protected":false},"excerpt":{"rendered":"<p>Tesis doctoral de Angel Javier Alcalde Encina En esta tesis se intenta realizar una aproximaci\u00f3n \u00c2\u00bfde car\u00e1cter fundamentalmente metodol\u00f3gico\u00c2\u00bf al [&hellip;]<\/p>\n","protected":false},"author":1,"featured_media":0,"comment_status":"open","ping_status":"open","sticky":false,"template":"","format":"standard","meta":{"site-sidebar-layout":"default","site-content-layout":"","ast-site-content-layout":"","site-content-style":"default","site-sidebar-style":"default","ast-global-header-display":"","ast-banner-title-visibility":"","ast-main-header-display":"","ast-hfb-above-header-display":"","ast-hfb-below-header-display":"","ast-hfb-mobile-header-display":"","site-post-title":"","ast-breadcrumbs-content":"","ast-featured-img":"","footer-sml-layout":"","theme-transparent-header-meta":"","adv-header-id-meta":"","stick-header-meta":"","header-above-stick-meta":"","header-main-stick-meta":"","header-below-stick-meta":"","astra-migrate-meta-layouts":"default","ast-page-background-enabled":"default","ast-page-background-meta":{"desktop":{"background-color":"var(--ast-global-color-4)","background-image":"","background-repeat":"repeat","background-position":"center center","background-size":"auto","background-attachment":"scroll","background-type":"","background-media":"","overlay-type":"","overlay-color":"","overlay-gradient":""},"tablet":{"background-color":"","background-image":"","background-repeat":"repeat","background-position":"center center","background-size":"auto","background-attachment":"scroll","background-type":"","background-media":"","overlay-type":"","overlay-color":"","overlay-gradient":""},"mobile":{"background-color":"","background-image":"","background-repeat":"repeat","background-position":"center center","background-size":"auto","background-attachment":"scroll","background-type":"","background-media":"","overlay-type":"","overlay-color":"","overlay-gradient":""}},"ast-content-background-meta":{"desktop":{"background-color":"var(--ast-global-color-5)","background-image":"","background-repeat":"repeat","background-position":"center center","background-size":"auto","background-attachment":"scroll","background-type":"","background-media":"","overlay-type":"","overlay-color":"","overlay-gradient":""},"tablet":{"background-color":"var(--ast-global-color-5)","background-image":"","background-repeat":"repeat","background-position":"center center","background-size":"auto","background-attachment":"scroll","background-type":"","background-media":"","overlay-type":"","overlay-color":"","overlay-gradient":""},"mobile":{"background-color":"var(--ast-global-color-5)","background-image":"","background-repeat":"repeat","background-position":"center center","background-size":"auto","background-attachment":"scroll","background-type":"","background-media":"","overlay-type":"","overlay-color":"","overlay-gradient":""}},"footnotes":""},"categories":[33289,1401,8151,17749],"tags":[195199,195200,53865,78502,17829,188050],"class_list":["post-94759","post","type-post","status-publish","format-standard","hentry","category-geografia-cultural","category-geografia-humana","category-geografia-urbana","category-navarra","tag-angel-javier-alcalde-encina","tag-ignazia-pinzello","tag-jose-javier-azanza-lopez","tag-juan-jose-pons-izquierdo","tag-manuel-ferrer-regales","tag-maria-carmen-jusue-simonena"],"_links":{"self":[{"href":"https:\/\/www.deberes.net\/tesis\/wp-json\/wp\/v2\/posts\/94759","targetHints":{"allow":["GET"]}}],"collection":[{"href":"https:\/\/www.deberes.net\/tesis\/wp-json\/wp\/v2\/posts"}],"about":[{"href":"https:\/\/www.deberes.net\/tesis\/wp-json\/wp\/v2\/types\/post"}],"author":[{"embeddable":true,"href":"https:\/\/www.deberes.net\/tesis\/wp-json\/wp\/v2\/users\/1"}],"replies":[{"embeddable":true,"href":"https:\/\/www.deberes.net\/tesis\/wp-json\/wp\/v2\/comments?post=94759"}],"version-history":[{"count":0,"href":"https:\/\/www.deberes.net\/tesis\/wp-json\/wp\/v2\/posts\/94759\/revisions"}],"wp:attachment":[{"href":"https:\/\/www.deberes.net\/tesis\/wp-json\/wp\/v2\/media?parent=94759"}],"wp:term":[{"taxonomy":"category","embeddable":true,"href":"https:\/\/www.deberes.net\/tesis\/wp-json\/wp\/v2\/categories?post=94759"},{"taxonomy":"post_tag","embeddable":true,"href":"https:\/\/www.deberes.net\/tesis\/wp-json\/wp\/v2\/tags?post=94759"}],"curies":[{"name":"wp","href":"https:\/\/api.w.org\/{rel}","templated":true}]}}