{"id":94794,"date":"2009-03-07T00:00:00","date_gmt":"2009-03-07T00:00:00","guid":{"rendered":"https:\/\/www.deberes.net\/tesis\/sin-categoria\/design-de-candeeiros-de-iluminaa%c2%a7ao-publica-para-a-sustentabilidade-do-espaa%c2%a7o-publico\/"},"modified":"2009-03-07T00:00:00","modified_gmt":"2009-03-07T00:00:00","slug":"design-de-candeeiros-de-iluminaa%c2%a7ao-publica-para-a-sustentabilidade-do-espaa%c2%a7o-publico","status":"publish","type":"post","link":"https:\/\/www.deberes.net\/tesis\/barcelona\/design-de-candeeiros-de-iluminaa%c2%a7ao-publica-para-a-sustentabilidade-do-espaa%c2%a7o-publico\/","title":{"rendered":"Design de candeeiros de ilumina\u00c1\u00a7ao p\u00fablica para a sustentabilidade do espa\u00c1\u00a7o p\u00fablico"},"content":{"rendered":"<h2>Tesis doctoral de <strong> Sofia Isabel Ressano Garcia Vasques Seabra Aguas <\/strong><\/h2>\n<p>El presente trabajo investiga los procesos de dise\u00f1o apropiados para la eco-concepci\u00f3n de farolas de alumbrado p\u00fablico que puedan contribuir a la sostenibilidad del espacio p\u00fablico urbano. La investigaci\u00f3n realizada revela la necesidad de abordajes te\u00f3ricos y pr\u00e1cticos que ayuden a la toma de decisiones dentro de una perspectiva metodol\u00f3gica de desarrollo de productos destinados al espacio p\u00fablico urbano. En este sentido, este trabajo se propone contribuir a esta problem\u00e1tica mediante un modelo te\u00f3rico que organiza la inclusi\u00f3n de criterios y estrategias de eco-dise\u00f1o y, ayuda a la comprensi\u00f3n de la relaci\u00f3n del objeto y de su contexto local de implantaci\u00f3n. El estudio est\u00e1 organizado en dos partes. En la primera parte se efect\u00faa una revisi\u00f3n de la literatura relativa a los tres cuerpos te\u00f3ricos de referencia &#8211; mobiliario urbano y espacio p\u00fablico, dise\u00f1o de farolas de alumbrado p\u00fablico y, dise\u00f1o y ambiente  &#8211; que permitir\u00e1n desarrollar el modelo regulador de la relaci\u00f3n entre estas tres \u00e1reas. La metodolog\u00eda proyectual para el desarrollo de productos industriales est\u00e1 asociada a los m\u00e9todos de incorporaci\u00f3n de criterios ambientales en el desarrollo del proyecto y a los procesos de apreciaci\u00f3n del contexto ambiental. La segunda parte materializa los conceptos te\u00f3ricos investigados en la creaci\u00f3n de un modelo te\u00f3rico &#8211; matriz conceptual &#8211; y su respectiva aplicaci\u00f3n pr\u00e1ctica, a trav\u00e9s de un software de evaluaci\u00f3n de impactos ambientales y de un estudio de caso en un barrio en lisboa. Los resultados obtenidos testifican la capacidad de la matriz como soporte a la toma de decisiones a lo largo del desarrollo del proyecto de una farola de alumbrado p\u00fablico, as\u00ed como en la estructuraci\u00f3n e integraci\u00f3n de criterios y estrategias de eco-dise\u00f1o, y en la percepci\u00f3n de la relaci\u00f3n del objeto con su contexto local. La matriz conceptual presentada pretende, as\u00ed, posibilitar la creaci\u00f3n de soluciones de dise\u00f1o de farolas ambientalmente eficientes, capaces de ajustarse mejor a las necesidades locales espec\u00edficas en determinados contextos f\u00edsicos y socioculturales.<\/p>\n<p>&nbsp;<\/p>\n<h3>Datos acad\u00e9micos de la tesis doctoral \u00ab<strong>Design de candeeiros de ilumina\u00c1\u00a7ao p\u00fablica para a sustentabilidade do espa\u00c1\u00a7o p\u00fablico<\/strong>\u00ab<\/h3>\n<ul>\n<li><strong>T\u00edtulo de la tesis:<\/strong>\u00a0 Design de candeeiros de ilumina\u00c1\u00a7ao p\u00fablica para a sustentabilidade do espa\u00c1\u00a7o p\u00fablico <\/li>\n<li><strong>Autor:<\/strong>\u00a0 Sofia Isabel Ressano Garcia Vasques Seabra Aguas <\/li>\n<li><strong>Universidad:<\/strong>\u00a0 Barcelona<\/li>\n<li><strong>Fecha de lectura de la tesis:<\/strong>\u00a0 03\/07\/2009<\/li>\n<\/ul>\n<p>&nbsp;<\/p>\n<h3>Direcci\u00f3n y tribunal<\/h3>\n<ul>\n<li><strong>Director de la tesis<\/strong>\n<ul>\n<li>Antoni Remesar Betlloch<\/li>\n<\/ul>\n<\/li>\n<li><strong>Tribunal<\/strong>\n<ul>\n<li>Presidente del tribunal: lino manuel Cabezas gelabert <\/li>\n<li>pedro filipe Pinheiro de serpa brandao (vocal)<\/li>\n<li>  (vocal)<\/li>\n<li>  (vocal)<\/li>\n<\/ul>\n<\/li>\n<\/ul>\n<p>&nbsp;<\/p>\n","protected":false},"excerpt":{"rendered":"<p>Tesis doctoral de Sofia Isabel Ressano Garcia Vasques Seabra Aguas El presente trabajo investiga los procesos de dise\u00f1o apropiados para [&hellip;]<\/p>\n","protected":false},"author":1,"featured_media":0,"comment_status":"open","ping_status":"open","sticky":false,"template":"","format":"standard","meta":{"site-sidebar-layout":"default","site-content-layout":"","ast-site-content-layout":"","site-content-style":"default","site-sidebar-style":"default","ast-global-header-display":"","ast-banner-title-visibility":"","ast-main-header-display":"","ast-hfb-above-header-display":"","ast-hfb-below-header-display":"","ast-hfb-mobile-header-display":"","site-post-title":"","ast-breadcrumbs-content":"","ast-featured-img":"","footer-sml-layout":"","theme-transparent-header-meta":"","adv-header-id-meta":"","stick-header-meta":"","header-above-stick-meta":"","header-main-stick-meta":"","header-below-stick-meta":"","astra-migrate-meta-layouts":"default","ast-page-background-enabled":"default","ast-page-background-meta":{"desktop":{"background-color":"var(--ast-global-color-4)","background-image":"","background-repeat":"repeat","background-position":"center center","background-size":"auto","background-attachment":"scroll","background-type":"","background-media":"","overlay-type":"","overlay-color":"","overlay-gradient":""},"tablet":{"background-color":"","background-image":"","background-repeat":"repeat","background-position":"center center","background-size":"auto","background-attachment":"scroll","background-type":"","background-media":"","overlay-type":"","overlay-color":"","overlay-gradient":""},"mobile":{"background-color":"","background-image":"","background-repeat":"repeat","background-position":"center center","background-size":"auto","background-attachment":"scroll","background-type":"","background-media":"","overlay-type":"","overlay-color":"","overlay-gradient":""}},"ast-content-background-meta":{"desktop":{"background-color":"var(--ast-global-color-5)","background-image":"","background-repeat":"repeat","background-position":"center center","background-size":"auto","background-attachment":"scroll","background-type":"","background-media":"","overlay-type":"","overlay-color":"","overlay-gradient":""},"tablet":{"background-color":"var(--ast-global-color-5)","background-image":"","background-repeat":"repeat","background-position":"center center","background-size":"auto","background-attachment":"scroll","background-type":"","background-media":"","overlay-type":"","overlay-color":"","overlay-gradient":""},"mobile":{"background-color":"var(--ast-global-color-5)","background-image":"","background-repeat":"repeat","background-position":"center center","background-size":"auto","background-attachment":"scroll","background-type":"","background-media":"","overlay-type":"","overlay-color":"","overlay-gradient":""}},"footnotes":""},"categories":[7685,951,12564,5371],"tags":[28049,28195,162854,195248],"class_list":["post-94794","post","type-post","status-publish","format-standard","hentry","category-artes-decorativas","category-barcelona","category-diseno-arquitectonico","category-urbanismo","tag-antoni-remesar-betlloch","tag-lino-manuel-cabezas-gelabert","tag-pedro-filipe-pinheiro-de-serpa-brandao","tag-sofia-isabel-ressano-garcia-vasques-seabra-aguas"],"_links":{"self":[{"href":"https:\/\/www.deberes.net\/tesis\/wp-json\/wp\/v2\/posts\/94794","targetHints":{"allow":["GET"]}}],"collection":[{"href":"https:\/\/www.deberes.net\/tesis\/wp-json\/wp\/v2\/posts"}],"about":[{"href":"https:\/\/www.deberes.net\/tesis\/wp-json\/wp\/v2\/types\/post"}],"author":[{"embeddable":true,"href":"https:\/\/www.deberes.net\/tesis\/wp-json\/wp\/v2\/users\/1"}],"replies":[{"embeddable":true,"href":"https:\/\/www.deberes.net\/tesis\/wp-json\/wp\/v2\/comments?post=94794"}],"version-history":[{"count":0,"href":"https:\/\/www.deberes.net\/tesis\/wp-json\/wp\/v2\/posts\/94794\/revisions"}],"wp:attachment":[{"href":"https:\/\/www.deberes.net\/tesis\/wp-json\/wp\/v2\/media?parent=94794"}],"wp:term":[{"taxonomy":"category","embeddable":true,"href":"https:\/\/www.deberes.net\/tesis\/wp-json\/wp\/v2\/categories?post=94794"},{"taxonomy":"post_tag","embeddable":true,"href":"https:\/\/www.deberes.net\/tesis\/wp-json\/wp\/v2\/tags?post=94794"}],"curies":[{"name":"wp","href":"https:\/\/api.w.org\/{rel}","templated":true}]}}