{"id":94800,"date":"2009-03-07T00:00:00","date_gmt":"2009-03-07T00:00:00","guid":{"rendered":"https:\/\/www.deberes.net\/tesis\/sin-categoria\/patrimonio-musical-en-la-educacion-secundaria-obligatoria-estudio-de-caso\/"},"modified":"2009-03-07T00:00:00","modified_gmt":"2009-03-07T00:00:00","slug":"patrimonio-musical-en-la-educacion-secundaria-obligatoria-estudio-de-caso","status":"publish","type":"post","link":"https:\/\/www.deberes.net\/tesis\/educacion-basica\/patrimonio-musical-en-la-educacion-secundaria-obligatoria-estudio-de-caso\/","title":{"rendered":"Patrimonio musical en la educaci\u00f3n secundaria obligatoria. estudio de caso"},"content":{"rendered":"<h2>Tesis doctoral de <strong> Luc\u00eda Ce\u00f1al Campa <\/strong><\/h2>\n<p>Presenta un proyecto de innovaci\u00f3n e investigaci\u00f3n educativa llevada a cabo en un centro de educaci\u00f3n secundaria de asturias. Su finalidad ha sido profundizar en la comprensi\u00f3n de la realidad educativa de unos grupos de estudiantes y aplicar diferentes estrategias en las aulas buscando la mejora de la educaci\u00f3n musical. La investigaci\u00f3n describe, por una parte, la intervenci\u00f3n educativa, busca referentes te\u00f3ricos para contextualizar y comprender, y por otra, aplica una metodolog\u00eda cualitativa de corte etnogr\u00e1fico. Los ejes centrales de la investigaci\u00f3n han sido: la integraci\u00f3n de las ciencias sociales, la educaci\u00f3n pl\u00e1stica y la educaci\u00f3n f\u00edsica en el curr\u00edculuo musical, as\u00ed como el desarrollo de estrategias de aprendiezaje cooperativo y la utilizaci\u00f3n de las nuevas tecnolog\u00edas como instrumentos para conserguir cambios actitudinales que favorezcan el aprendizaje en el \u00e1rea de la m\u00fasica en particualr y en el resto de las ense\u00f1anzas en general, a lo que se suma el procesamiento de la informaci\u00f3n y la presentaci\u00f3n de resultados.<\/p>\n<p>&nbsp;<\/p>\n<h3>Datos acad\u00e9micos de la tesis doctoral \u00ab<strong>Patrimonio musical en la educaci\u00f3n secundaria obligatoria. estudio de caso<\/strong>\u00ab<\/h3>\n<ul>\n<li><strong>T\u00edtulo de la tesis:<\/strong>\u00a0 Patrimonio musical en la educaci\u00f3n secundaria obligatoria. estudio de caso <\/li>\n<li><strong>Autor:<\/strong>\u00a0 Luc\u00eda Ce\u00f1al Campa <\/li>\n<li><strong>Universidad:<\/strong>\u00a0 Oviedo<\/li>\n<li><strong>Fecha de lectura de la tesis:<\/strong>\u00a0 03\/07\/2009<\/li>\n<\/ul>\n<p>&nbsp;<\/p>\n<h3>Direcci\u00f3n y tribunal<\/h3>\n<ul>\n<li><strong>Director de la tesis<\/strong>\n<ul>\n<li>M\u00aa Del Roser Calaf Masachs<\/li>\n<\/ul>\n<\/li>\n<li><strong>Tribunal<\/strong>\n<ul>\n<li>Presidente del tribunal: joaquin Prats cuevas <\/li>\n<li>Mar\u00eda  encina Cortizo rodriguez (vocal)<\/li>\n<li>roser Juan ola tarradellas (vocal)<\/li>\n<li>olaia Fontal merillas (vocal)<\/li>\n<\/ul>\n<\/li>\n<\/ul>\n<p>&nbsp;<\/p>\n","protected":false},"excerpt":{"rendered":"<p>Tesis doctoral de Luc\u00eda Ce\u00f1al Campa Presenta un proyecto de innovaci\u00f3n e investigaci\u00f3n educativa llevada a cabo en un centro [&hellip;]<\/p>\n","protected":false},"author":1,"featured_media":0,"comment_status":"open","ping_status":"open","sticky":false,"template":"","format":"standard","meta":{"site-sidebar-layout":"default","site-content-layout":"","ast-site-content-layout":"","site-content-style":"default","site-sidebar-style":"default","ast-global-header-display":"","ast-banner-title-visibility":"","ast-main-header-display":"","ast-hfb-above-header-display":"","ast-hfb-below-header-display":"","ast-hfb-mobile-header-display":"","site-post-title":"","ast-breadcrumbs-content":"","ast-featured-img":"","footer-sml-layout":"","theme-transparent-header-meta":"","adv-header-id-meta":"","stick-header-meta":"","header-above-stick-meta":"","header-main-stick-meta":"","header-below-stick-meta":"","astra-migrate-meta-layouts":"default","ast-page-background-enabled":"default","ast-page-background-meta":{"desktop":{"background-color":"var(--ast-global-color-4)","background-image":"","background-repeat":"repeat","background-position":"center center","background-size":"auto","background-attachment":"scroll","background-type":"","background-media":"","overlay-type":"","overlay-color":"","overlay-gradient":""},"tablet":{"background-color":"","background-image":"","background-repeat":"repeat","background-position":"center center","background-size":"auto","background-attachment":"scroll","background-type":"","background-media":"","overlay-type":"","overlay-color":"","overlay-gradient":""},"mobile":{"background-color":"","background-image":"","background-repeat":"repeat","background-position":"center center","background-size":"auto","background-attachment":"scroll","background-type":"","background-media":"","overlay-type":"","overlay-color":"","overlay-gradient":""}},"ast-content-background-meta":{"desktop":{"background-color":"var(--ast-global-color-5)","background-image":"","background-repeat":"repeat","background-position":"center center","background-size":"auto","background-attachment":"scroll","background-type":"","background-media":"","overlay-type":"","overlay-color":"","overlay-gradient":""},"tablet":{"background-color":"var(--ast-global-color-5)","background-image":"","background-repeat":"repeat","background-position":"center center","background-size":"auto","background-attachment":"scroll","background-type":"","background-media":"","overlay-type":"","overlay-color":"","overlay-gradient":""},"mobile":{"background-color":"var(--ast-global-color-5)","background-image":"","background-repeat":"repeat","background-position":"center center","background-size":"auto","background-attachment":"scroll","background-type":"","background-media":"","overlay-type":"","overlay-color":"","overlay-gradient":""}},"footnotes":""},"categories":[2623,9132,8846],"tags":[27942,195256,94131,195257,72082,33887],"class_list":["post-94800","post","type-post","status-publish","format-standard","hentry","category-educacion-basica","category-musica-y-musicologia","category-oviedo","tag-joaquin-prats-cuevas","tag-lucia-cenal-campa","tag-maria-encina-cortizo-rodriguez","tag-ma-del-roser-calaf-masachs","tag-olaia-fontal-merillas","tag-roser-juan-ola-tarradellas"],"_links":{"self":[{"href":"https:\/\/www.deberes.net\/tesis\/wp-json\/wp\/v2\/posts\/94800","targetHints":{"allow":["GET"]}}],"collection":[{"href":"https:\/\/www.deberes.net\/tesis\/wp-json\/wp\/v2\/posts"}],"about":[{"href":"https:\/\/www.deberes.net\/tesis\/wp-json\/wp\/v2\/types\/post"}],"author":[{"embeddable":true,"href":"https:\/\/www.deberes.net\/tesis\/wp-json\/wp\/v2\/users\/1"}],"replies":[{"embeddable":true,"href":"https:\/\/www.deberes.net\/tesis\/wp-json\/wp\/v2\/comments?post=94800"}],"version-history":[{"count":0,"href":"https:\/\/www.deberes.net\/tesis\/wp-json\/wp\/v2\/posts\/94800\/revisions"}],"wp:attachment":[{"href":"https:\/\/www.deberes.net\/tesis\/wp-json\/wp\/v2\/media?parent=94800"}],"wp:term":[{"taxonomy":"category","embeddable":true,"href":"https:\/\/www.deberes.net\/tesis\/wp-json\/wp\/v2\/categories?post=94800"},{"taxonomy":"post_tag","embeddable":true,"href":"https:\/\/www.deberes.net\/tesis\/wp-json\/wp\/v2\/tags?post=94800"}],"curies":[{"name":"wp","href":"https:\/\/api.w.org\/{rel}","templated":true}]}}