{"id":94805,"date":"2009-03-07T00:00:00","date_gmt":"2009-03-07T00:00:00","guid":{"rendered":"https:\/\/www.deberes.net\/tesis\/sin-categoria\/la-docencia-en-la-especialidad-de-medicina-familiar-y-comunitariaevaluacion-de-residentes\/"},"modified":"2009-03-07T00:00:00","modified_gmt":"2009-03-07T00:00:00","slug":"la-docencia-en-la-especialidad-de-medicina-familiar-y-comunitariaevaluacion-de-residentes","status":"publish","type":"post","link":"https:\/\/www.deberes.net\/tesis\/ciencias-medicas\/la-docencia-en-la-especialidad-de-medicina-familiar-y-comunitariaevaluacion-de-residentes\/","title":{"rendered":"La docencia en la especialidad de medicina familiar y comunitaria:evaluaci\u00f3n de residentes"},"content":{"rendered":"<h2>Tesis doctoral de <strong> Federico Segura Mar\u00edn <\/strong><\/h2>\n<p>La presente tesis realiza una aproximaci\u00f3n a la situaci\u00f3n actual de la docencia de la especialidad de medicina familiar y comunitaria desde la \u00f3ptica ofrecida por las evaluaciones, en concreto por las que han ido llevando a cabo precisamente los que son los principales protagonistas de la misma, los m\u00e9dicos residentes de la unidad docente de medicina familiar y comunitaria de Valencia una especialidad m\u00e9dica se define como una parte de la medicina que tiene su propio campo de conocimientos y metodolog\u00eda y un marco propio de actuaci\u00f3n.    en el a\u00f1o 2005 se comenz\u00f3 a aplicar el nuevo programa de la especialidad de medicina familiar y comunitaria. Se trata de la m\u00e1s actual referencia para la adquisici\u00f3n y mantenimiento de las competencias de cualquier m\u00e9dico de familia. el desarrollo de dicho programa se enmarca, como no pod\u00eda ser de otro modo, dentro de la formaci\u00f3n mir (m\u00e9dico interno residente) del sistema nacional de salud, que en la especialidad de medicina de familia se organiza, coordina y dirige desde las correspondientes unidades docentes provinciales. todo el proceso est\u00e1 sometido a control a partir de exhaustivas evaluaciones de los centros, los profesionales docentes y los m\u00e9dicos en formaci\u00f3n realizadas de manera continua y sistem\u00e1tica. en el momento actual est\u00e1n articulados diferentes procesos de control de calidad basados fundamentalmente en auditorias de los centros y evaluaciones de los procesos y de los profesionales pero, en nuestra opini\u00f3n, es necesario ampliar la perspectiva de valoraci\u00f3n incluyendo el an\u00e1lisis de la formaci\u00f3n por la poblaci\u00f3n objetivo de la misma: el m\u00e9dico de residente. de manera que podamos: &#8211;\tanalizar la situaci\u00f3n de la formaci\u00f3n de los especialistas en medicina familiar y comunitaria desde la visi\u00f3n de las m\u00e9dicos internos residentes. &#8211;\testudiar la valoraci\u00f3n de los diferentes aspectos relacionados con su formaci\u00f3n que realizan los propios residentes en el \u00e1mbito de una unidad docente a partir del an\u00e1lisis de las evaluaciones emitidas en encuestas validadas en el periodo 1999-2006. &#8211;\tobtener resultados que permitan la planificaci\u00f3n y puesta en marcha de medidas correctoras para los posibles d\u00e9ficits y demandas que pudieran detectarse del estudio.  para ello se ha realizado un estudio descriptivo transversal a partir del an\u00e1lisis comparativo de las encuestas de evaluaci\u00f3n de los residentes que han desarrollado su formaci\u00f3n en la especialidad de medicina familiar y comunitaria en la unidad docente de la provincia de Valencia. las encuestan eval\u00faan, al tutor, los recursos materiales del centro de salud, los recursos organizativos del centro de salud, los recursos en las guardias y los recursos y capacidad t\u00e9cnica de la unidad docente, t\u00e9cnicos de salud y coordinador. los resultados obtenidos fueron, a modo de resumen, buenos o muy buenos todos aquellos referidos a las actitudes docentes y actividades formativas y resultados regulares o malos relacionados con d\u00e9ficit de recursos y organizaci\u00f3n de la formaci\u00f3n. y con todo lo anterior se lleg\u00f3 a las siguientes conclusiones: 1.\tEl an\u00e1lisis de las  encuestas de evaluaci\u00f3n de residentes se ha revelado como un instrumento de enorme relevancia en el control de la calidad de la docencia de la especialidad de medicina familiar y comunitaria. 2.\tLos resultados muestran que la opini\u00f3n general sobre la calidad de la docencia  que tienen los m\u00e9dicos residentes, es positiva. 3.\tDel an\u00e1lisis de la evaluaci\u00f3n se han podido extraer medidas correctoras concretas que permitan la mejora de la mencionada calidad docente. Entre las mismas cabe destacar: &#8211;\tla revocaci\u00f3n de las acreditaciones docentes de los tutores evaluados negativamente. &#8211;\tla mejora en el control de la calidad docente en la formaci\u00f3n en atenci\u00f3n continuada. &#8211;\tla implicaci\u00f3n de los t\u00e9cnicos de la ud en los procesos de mejora estructural en los centros docentes.<\/p>\n<p>&nbsp;<\/p>\n<h3>Datos acad\u00e9micos de la tesis doctoral \u00ab<strong>La docencia en la especialidad de medicina familiar y comunitaria:evaluaci\u00f3n de residentes<\/strong>\u00ab<\/h3>\n<ul>\n<li><strong>T\u00edtulo de la tesis:<\/strong>\u00a0 La docencia en la especialidad de medicina familiar y comunitaria:evaluaci\u00f3n de residentes <\/li>\n<li><strong>Autor:<\/strong>\u00a0 Federico Segura Mar\u00edn <\/li>\n<li><strong>Universidad:<\/strong>\u00a0 Cat\u00f3lica de Valencia san vicente m\u00e1rtir<\/li>\n<li><strong>Fecha de lectura de la tesis:<\/strong>\u00a0 03\/07\/2009<\/li>\n<\/ul>\n<p>&nbsp;<\/p>\n<h3>Direcci\u00f3n y tribunal<\/h3>\n<ul>\n<li><strong>Director de la tesis<\/strong>\n<ul>\n<li>Francisco Tomas Aguirre<\/li>\n<\/ul>\n<\/li>\n<li><strong>Tribunal<\/strong>\n<ul>\n<li>Presidente del tribunal: germ\u00e1n Cerd\u00e1 olmedo <\/li>\n<li>josep m. Tormos mu\u00f1oz (vocal)<\/li>\n<li>m. cruz Sanchez serrano (vocal)<\/li>\n<li>paloma m. Moreno clari (vocal)<\/li>\n<\/ul>\n<\/li>\n<\/ul>\n<p>&nbsp;<\/p>\n","protected":false},"excerpt":{"rendered":"<p>Tesis doctoral de Federico Segura Mar\u00edn La presente tesis realiza una aproximaci\u00f3n a la situaci\u00f3n actual de la docencia de [&hellip;]<\/p>\n","protected":false},"author":1,"featured_media":0,"comment_status":"open","ping_status":"open","sticky":false,"template":"","format":"standard","meta":{"site-sidebar-layout":"default","site-content-layout":"","ast-site-content-layout":"","site-content-style":"default","site-sidebar-style":"default","ast-global-header-display":"","ast-banner-title-visibility":"","ast-main-header-display":"","ast-hfb-above-header-display":"","ast-hfb-below-header-display":"","ast-hfb-mobile-header-display":"","site-post-title":"","ast-breadcrumbs-content":"","ast-featured-img":"","footer-sml-layout":"","theme-transparent-header-meta":"","adv-header-id-meta":"","stick-header-meta":"","header-above-stick-meta":"","header-main-stick-meta":"","header-below-stick-meta":"","astra-migrate-meta-layouts":"default","ast-page-background-enabled":"default","ast-page-background-meta":{"desktop":{"background-color":"var(--ast-global-color-4)","background-image":"","background-repeat":"repeat","background-position":"center center","background-size":"auto","background-attachment":"scroll","background-type":"","background-media":"","overlay-type":"","overlay-color":"","overlay-gradient":""},"tablet":{"background-color":"","background-image":"","background-repeat":"repeat","background-position":"center center","background-size":"auto","background-attachment":"scroll","background-type":"","background-media":"","overlay-type":"","overlay-color":"","overlay-gradient":""},"mobile":{"background-color":"","background-image":"","background-repeat":"repeat","background-position":"center center","background-size":"auto","background-attachment":"scroll","background-type":"","background-media":"","overlay-type":"","overlay-color":"","overlay-gradient":""}},"ast-content-background-meta":{"desktop":{"background-color":"var(--ast-global-color-5)","background-image":"","background-repeat":"repeat","background-position":"center center","background-size":"auto","background-attachment":"scroll","background-type":"","background-media":"","overlay-type":"","overlay-color":"","overlay-gradient":""},"tablet":{"background-color":"var(--ast-global-color-5)","background-image":"","background-repeat":"repeat","background-position":"center center","background-size":"auto","background-attachment":"scroll","background-type":"","background-media":"","overlay-type":"","overlay-color":"","overlay-gradient":""},"mobile":{"background-color":"var(--ast-global-color-5)","background-image":"","background-repeat":"repeat","background-position":"center center","background-size":"auto","background-attachment":"scroll","background-type":"","background-media":"","overlay-type":"","overlay-color":"","overlay-gradient":""}},"footnotes":""},"categories":[131541,9],"tags":[195267,65143,33126,173885,38714,192253],"class_list":["post-94805","post","type-post","status-publish","format-standard","hentry","category-catolica-de-valencia-san-vicente-martir","category-ciencias-medicas","tag-federico-segura-marin","tag-francisco-tomas-aguirre","tag-german-cerda-olmedo","tag-josep-m-tormos-munoz","tag-m-cruz-sanchez-serrano","tag-paloma-m-moreno-clari"],"_links":{"self":[{"href":"https:\/\/www.deberes.net\/tesis\/wp-json\/wp\/v2\/posts\/94805","targetHints":{"allow":["GET"]}}],"collection":[{"href":"https:\/\/www.deberes.net\/tesis\/wp-json\/wp\/v2\/posts"}],"about":[{"href":"https:\/\/www.deberes.net\/tesis\/wp-json\/wp\/v2\/types\/post"}],"author":[{"embeddable":true,"href":"https:\/\/www.deberes.net\/tesis\/wp-json\/wp\/v2\/users\/1"}],"replies":[{"embeddable":true,"href":"https:\/\/www.deberes.net\/tesis\/wp-json\/wp\/v2\/comments?post=94805"}],"version-history":[{"count":0,"href":"https:\/\/www.deberes.net\/tesis\/wp-json\/wp\/v2\/posts\/94805\/revisions"}],"wp:attachment":[{"href":"https:\/\/www.deberes.net\/tesis\/wp-json\/wp\/v2\/media?parent=94805"}],"wp:term":[{"taxonomy":"category","embeddable":true,"href":"https:\/\/www.deberes.net\/tesis\/wp-json\/wp\/v2\/categories?post=94805"},{"taxonomy":"post_tag","embeddable":true,"href":"https:\/\/www.deberes.net\/tesis\/wp-json\/wp\/v2\/tags?post=94805"}],"curies":[{"name":"wp","href":"https:\/\/api.w.org\/{rel}","templated":true}]}}