{"id":94808,"date":"2009-03-07T00:00:00","date_gmt":"2009-03-07T00:00:00","guid":{"rendered":"https:\/\/www.deberes.net\/tesis\/sin-categoria\/aproximacion-a-una-genealoga%c2%ada-de-la-ideacion\/"},"modified":"2009-03-07T00:00:00","modified_gmt":"2009-03-07T00:00:00","slug":"aproximacion-a-una-genealoga%c2%ada-de-la-ideacion","status":"publish","type":"post","link":"https:\/\/www.deberes.net\/tesis\/arquitectura\/aproximacion-a-una-genealoga%c2%ada-de-la-ideacion\/","title":{"rendered":"Aproximaci\u00f3n a una genealogia de la ideaci\u00f3n"},"content":{"rendered":"<h2>Tesis doctoral de <strong> Rafael Garc\u00eda Quesada <\/strong><\/h2>\n<p>El tema principal de la tesis es el estudio de los fundamentos del proceso creativo, esencialmente de la ideaci\u00f3n, en torno a dos categor\u00edas: el espacio y el tiempo.   para ello nos hemos surtido de las herramientas metodol\u00f3gicas que bien podr\u00edan resumirse en tres. Una de ellas ha sido la hermen\u00e9utica y seg\u00fan las categor\u00edas de gadamer. Otra, ha sido la dial\u00e9ctica y ontol\u00f3gica, esencialmente a trav\u00e9s del pensamiento alem\u00e1n y m\u00e1s concretamente, de hegel y heidegger. Por \u00faltimo, y para completar este hipot\u00e9tico tr\u00edpode metodol\u00f3gico, hemos empleado el sistema fenomenol\u00f3gico (husserl). Ahora bien de todas estas herramientas la m\u00e1s utilizada ha sido la hermen\u00e9utica ya que hemos realizado una investigaci\u00f3n hist\u00f3rica en torno a estos dos conceptos (espacio y tiempo) lo que nos ha aportado luz sobre ellos al hilo del proceso creativo. As\u00ed mismo, el estudio de la ra\u00edz terminol\u00f3gica del t\u00e9rmino ideaci\u00f3n ha inducido la menci\u00f3n expresa de la palabra idea, lo que si bien era m\u00e1s propio de una enciclopedia, igualmente urg\u00eda en su tratamiento en torno a aquello que llamamos ideaci\u00f3n.  el estudio del proceso creativo nos ha llevado a subrayar esa condici\u00f3n, tantas veces infravalorada, del encuentro entre el sujeto y el objeto que se produce en la misma obra de arte u obra ideada. Hemos visto la urgencia de subrayar esa condici\u00f3n de utilidad que es connatural a todo aquello que se precie de llamarse arquitectura. Igualmente hemos querido ver esos puntos de convergencia con otros tipos de creaciones o ideaciones tales como la pict\u00f3rica, la escult\u00f3rica, la literaria o la musical, apoy\u00e1ndonos en las voces autorizadas de aquellos autores o artistas que tienen la prerrogativa de poder hablar en primera persona sobre sus ideaciones o creaciones art\u00edsticas.  la b\u00fasqueda de fundamentos de la ideaci\u00f3n nos ha llevado igualmente, al hilo del estudio de las categor\u00edas espacio y tiempo, a cuestionarnos sobre la linealidad de la temporalidad en los procesos creativos. Hemos estudiado ese camino de vuelta que se produce desde el objeto ideado hacia el sujeto para acabar concluyendo que esa v\u00eda es igualmente posible aunque contradiga la aparente linealidad temporal. En concreto y bas\u00e1ndonos en algunas apor\u00edas, como la suscitada por el pensamiento de heidegger en torno a la nada, concluimos que la temporalidad desde lo creado tiene una v\u00eda abierta hacia el sujeto. En definitiva que lo creado o lo ideado, tambi\u00e9n idea o crea al ideador (creador).<\/p>\n<p>&nbsp;<\/p>\n<h3>Datos acad\u00e9micos de la tesis doctoral \u00ab<strong>Aproximaci\u00f3n a una genealogia de la ideaci\u00f3n<\/strong>\u00ab<\/h3>\n<ul>\n<li><strong>T\u00edtulo de la tesis:<\/strong>\u00a0 Aproximaci\u00f3n a una genealogia de la ideaci\u00f3n <\/li>\n<li><strong>Autor:<\/strong>\u00a0 Rafael Garc\u00eda Quesada <\/li>\n<li><strong>Universidad:<\/strong>\u00a0 Granada<\/li>\n<li><strong>Fecha de lectura de la tesis:<\/strong>\u00a0 03\/07\/2009<\/li>\n<\/ul>\n<p>&nbsp;<\/p>\n<h3>Direcci\u00f3n y tribunal<\/h3>\n<ul>\n<li><strong>Director de la tesis<\/strong>\n<ul>\n<li>blanco Pontes G\u00f3mez<\/li>\n<\/ul>\n<\/li>\n<li><strong>Tribunal<\/strong>\n<ul>\n<li>Presidente del tribunal: Jos\u00e9 Carlos De san Antonio  g\u00f3mez <\/li>\n<li>\u00e1ngela Garc\u00eda codo\u00f1er (vocal)<\/li>\n<li>pilar Chias navarro (vocal)<\/li>\n<li>Jos\u00e9 Palomares moral (vocal)<\/li>\n<\/ul>\n<\/li>\n<\/ul>\n<p>&nbsp;<\/p>\n","protected":false},"excerpt":{"rendered":"<p>Tesis doctoral de Rafael Garc\u00eda Quesada El tema principal de la tesis es el estudio de los fundamentos del proceso [&hellip;]<\/p>\n","protected":false},"author":1,"featured_media":0,"comment_status":"open","ping_status":"open","sticky":false,"template":"","format":"standard","meta":{"site-sidebar-layout":"default","site-content-layout":"","ast-site-content-layout":"","site-content-style":"default","site-sidebar-style":"default","ast-global-header-display":"","ast-banner-title-visibility":"","ast-main-header-display":"","ast-hfb-above-header-display":"","ast-hfb-below-header-display":"","ast-hfb-mobile-header-display":"","site-post-title":"","ast-breadcrumbs-content":"","ast-featured-img":"","footer-sml-layout":"","theme-transparent-header-meta":"","adv-header-id-meta":"","stick-header-meta":"","header-above-stick-meta":"","header-main-stick-meta":"","header-below-stick-meta":"","astra-migrate-meta-layouts":"default","ast-page-background-enabled":"default","ast-page-background-meta":{"desktop":{"background-color":"var(--ast-global-color-4)","background-image":"","background-repeat":"repeat","background-position":"center center","background-size":"auto","background-attachment":"scroll","background-type":"","background-media":"","overlay-type":"","overlay-color":"","overlay-gradient":""},"tablet":{"background-color":"","background-image":"","background-repeat":"repeat","background-position":"center center","background-size":"auto","background-attachment":"scroll","background-type":"","background-media":"","overlay-type":"","overlay-color":"","overlay-gradient":""},"mobile":{"background-color":"","background-image":"","background-repeat":"repeat","background-position":"center center","background-size":"auto","background-attachment":"scroll","background-type":"","background-media":"","overlay-type":"","overlay-color":"","overlay-gradient":""}},"ast-content-background-meta":{"desktop":{"background-color":"var(--ast-global-color-5)","background-image":"","background-repeat":"repeat","background-position":"center center","background-size":"auto","background-attachment":"scroll","background-type":"","background-media":"","overlay-type":"","overlay-color":"","overlay-gradient":""},"tablet":{"background-color":"var(--ast-global-color-5)","background-image":"","background-repeat":"repeat","background-position":"center center","background-size":"auto","background-attachment":"scroll","background-type":"","background-media":"","overlay-type":"","overlay-color":"","overlay-gradient":""},"mobile":{"background-color":"var(--ast-global-color-5)","background-image":"","background-repeat":"repeat","background-position":"center center","background-size":"auto","background-attachment":"scroll","background-type":"","background-media":"","overlay-type":"","overlay-color":"","overlay-gradient":""}},"footnotes":""},"categories":[4509,12564,4510,18384],"tags":[59406,195274,51690,72700,49786,195273],"class_list":["post-94808","post","type-post","status-publish","format-standard","hentry","category-arquitectura","category-diseno-arquitectonico","category-estetica-de-las-bellas-artes","category-filosofia-del-espacio-y-del-tiempo","tag-angela-garcia-codoner","tag-blanco-pontes-gomez","tag-jose-carlos-de-san-antonio-gomez","tag-jose-palomares-moral","tag-pilar-chias-navarro","tag-rafael-garcia-quesada"],"_links":{"self":[{"href":"https:\/\/www.deberes.net\/tesis\/wp-json\/wp\/v2\/posts\/94808","targetHints":{"allow":["GET"]}}],"collection":[{"href":"https:\/\/www.deberes.net\/tesis\/wp-json\/wp\/v2\/posts"}],"about":[{"href":"https:\/\/www.deberes.net\/tesis\/wp-json\/wp\/v2\/types\/post"}],"author":[{"embeddable":true,"href":"https:\/\/www.deberes.net\/tesis\/wp-json\/wp\/v2\/users\/1"}],"replies":[{"embeddable":true,"href":"https:\/\/www.deberes.net\/tesis\/wp-json\/wp\/v2\/comments?post=94808"}],"version-history":[{"count":0,"href":"https:\/\/www.deberes.net\/tesis\/wp-json\/wp\/v2\/posts\/94808\/revisions"}],"wp:attachment":[{"href":"https:\/\/www.deberes.net\/tesis\/wp-json\/wp\/v2\/media?parent=94808"}],"wp:term":[{"taxonomy":"category","embeddable":true,"href":"https:\/\/www.deberes.net\/tesis\/wp-json\/wp\/v2\/categories?post=94808"},{"taxonomy":"post_tag","embeddable":true,"href":"https:\/\/www.deberes.net\/tesis\/wp-json\/wp\/v2\/tags?post=94808"}],"curies":[{"name":"wp","href":"https:\/\/api.w.org\/{rel}","templated":true}]}}