{"id":94835,"date":"2009-03-07T00:00:00","date_gmt":"2009-03-07T00:00:00","guid":{"rendered":"https:\/\/www.deberes.net\/tesis\/sin-categoria\/analisis-y-prospectiva-de-la-implantacion-y-desarrollo-de-los-sistemas-fotovoltaicos-conectados-a-la-red-en-cataluna\/"},"modified":"2009-03-07T00:00:00","modified_gmt":"2009-03-07T00:00:00","slug":"analisis-y-prospectiva-de-la-implantacion-y-desarrollo-de-los-sistemas-fotovoltaicos-conectados-a-la-red-en-cataluna","status":"publish","type":"post","link":"https:\/\/www.deberes.net\/tesis\/fuentes-no-convencionales-de-energia\/analisis-y-prospectiva-de-la-implantacion-y-desarrollo-de-los-sistemas-fotovoltaicos-conectados-a-la-red-en-cataluna\/","title":{"rendered":"Analisis y prospectiva de la implantacion y desarrollo de los sistemas fotovoltaicos conectados a la red en catalu\u00f1a"},"content":{"rendered":"<h2>Tesis doctoral de <strong> Jorge De La Hoz Casas <\/strong><\/h2>\n<p>El reto energ\u00e9tico ante el que se encuentra la uni\u00f3n europea (ue) debido a su alta dependencia energ\u00e9tica ha propiciado, ya desde finales de los  a\u00f1os ochenta, que la pol\u00edtica energ\u00e9tica de la ue tuviera en la promoci\u00f3n de las energ\u00edas renovables y la eficiencia energ\u00e9tica uno de sus principales  pilares.    espa\u00f1a, como estado miembro de la ue, no ha sido ajena a los objetivos energ\u00e9ticos fijados por la misma. En el \u00e1mbito de la promoci\u00f3n de  las energ\u00edas renovables, y aun reconociendo la exist\u00e9ncia de claroscuros en dicho proceso, espa\u00f1a se encuentra en una inmejorable situaci\u00f3n, siendo junto a alemania uno de los principales pa\u00edses en el desarrollo de dichos sistemas, concretamente en los sistemas e\u00f3licos y fotovoltaicos.    as\u00ed  pues, el presente trabajo se ha centrado en estudiar una de las principales tecnolog\u00edas que forman parte del mix de las fuentes de energ\u00eda  renovables, la tecnolog\u00eda fotovoltaica. En concreto se ha estudiado la evoluci\u00f3n de los sistemas fotovoltaicos conectados a la red en  la comunidad  aut\u00f3noma de catalu\u00f1a.    a modo de introducci\u00f3n al problema se ha aportado una visi\u00f3n estad\u00edstica de los principales indicadores energ\u00e9ticos de la ue, espa\u00f1a y catalu\u00f1a, su  evoluci\u00f3n y marco actual. Todo ello contextualizado con los escenarios energ\u00e9ticos descritos en los principales estudios de la materia, con  las  principales l\u00edneas de la pol\u00edtica energ\u00e9tica de la ue y los planes de fomento de las energ\u00edas renovables en espa\u00f1a y en catalu\u00f1a y su afectaci\u00f3n a los  sistemas fotovoltaicos conectados a la red.     en el \u00e1mbito ya estrictamente fotovoltaico se han enumerado a modo de referencia las principales barreras al desarrollo de los sistemas fotovoltaicos,  estudiado la evoluci\u00f3n de la implantaci\u00f3n de \u00e9stos en catalu\u00f1a y espa\u00f1a y definido el problema objeto de estudio, la determinaci\u00f3n de los elementos  caracter\u00edsticos que existen o han existido en catalu\u00f1a que no han permitido alcanzar una evoluci\u00f3n tan favorable en la implantaci\u00f3n de los sistemas  fotovoltaicos conectados a la red en comparaci\u00f3n con otras comunidades aut\u00f3nomas.    dentro del estudio realizado se ha:  a) analizado la evoluci\u00f3n del r\u00e9gimen jur\u00eddico y econ\u00f3mico de los sistemas fotovoltaicos conectados a la red en sus  cuatro per\u00edodos, el  per\u00edodo 1998-2004 marcado por el real decreto 2818\/1998, el per\u00edodo 2004-2007 marcado por el real decreto 436\/2004, el per\u00edodo 2007- 2008 marcado por el real decreto 661\/2007 y finalmente el per\u00edodo de incertidumbre marcado por las dos propuestas de nuevo marco de  r\u00e9gimen jur\u00eddico y econ\u00f3mico  de los sistemas fotovoltaicos conectados a la red.  b) analizado el procedimiento administrativo aplicable a los sistemas fotovoltaicos conectados a la red, en el marco estatal y en el marco de  catalu\u00f1a. En el \u00e1mbito auton\u00f3mico catal\u00e1n se han analizado y descrito los procedimientos administrativos asociados a dicha tramitaci\u00f3n,  ya sean de \u00edndole el\u00e9ctrica, ambiental o urban\u00edstica y aportado la visi\u00f3n conjunta de dichos procedimientos administrativos  c) analizado el marco t\u00e9cnico de los sistemas fotovoltaicos conectados a la red  d) realizado una encuesta al sector fotovoltaico de catalu\u00f1a para poder obtener la opini\u00f3n de \u00e9ste respecto a la visi\u00f3n que el sector tiene de  s\u00ed mismo, de la evoluci\u00f3n del marco jur\u00eddico, de los conflictos de acceso a la red, de los diferentes procedimientos administrativos, de la  percepci\u00f3n de las diferentes administraciones, del fomento de las instalaciones en catalu\u00f1a y de la normativa t\u00e9cnica existente     todo ello ha permitido realizar una prospectiva sobre cu\u00e1les deben ser los principales escenarios que  permitan  una evoluci\u00f3n favorable de los  sistemas fotovoltaicos conectados a la red en catalu\u00f1a, cu\u00e1les han sido las principales barreras que han existido en catalu\u00f1a, as\u00ed como la obtenci\u00f3n  de las principales conclusiones relativas al \u00e1mbito jur\u00eddico y econ\u00f3mico del marco estatal y al \u00e1mbito administrativo de los sistemas fotovoltaicos en el  per\u00edodo 1998-2008.<\/p>\n<p>&nbsp;<\/p>\n<h3>Datos acad\u00e9micos de la tesis doctoral \u00ab<strong>Analisis y prospectiva de la implantacion y desarrollo de los sistemas fotovoltaicos conectados a la red en catalu\u00f1a<\/strong>\u00ab<\/h3>\n<ul>\n<li><strong>T\u00edtulo de la tesis:<\/strong>\u00a0 Analisis y prospectiva de la implantacion y desarrollo de los sistemas fotovoltaicos conectados a la red en catalu\u00f1a <\/li>\n<li><strong>Autor:<\/strong>\u00a0 Jorge De La Hoz Casas <\/li>\n<li><strong>Universidad:<\/strong>\u00a0 Polit\u00e9cnica de catalunya<\/li>\n<li><strong>Fecha de lectura de la tesis:<\/strong>\u00a0 03\/07\/2009<\/li>\n<\/ul>\n<p>&nbsp;<\/p>\n<h3>Direcci\u00f3n y tribunal<\/h3>\n<ul>\n<li><strong>Director de la tesis<\/strong>\n<ul>\n<li>Oriol Boix Aragones<\/li>\n<\/ul>\n<\/li>\n<li><strong>Tribunal<\/strong>\n<ul>\n<li>Presidente del tribunal: emilio Figueres amor\u00f3s <\/li>\n<li>guillermo Reyes pozo (vocal)<\/li>\n<li>joan Mart\u00ednez s\u00e1nchez (vocal)<\/li>\n<li>pere Palac\u00edn farr\u00e9 (vocal)<\/li>\n<\/ul>\n<\/li>\n<\/ul>\n<p>&nbsp;<\/p>\n","protected":false},"excerpt":{"rendered":"<p>Tesis doctoral de Jorge De La Hoz Casas El reto energ\u00e9tico ante el que se encuentra la uni\u00f3n europea (ue) [&hellip;]<\/p>\n","protected":false},"author":1,"featured_media":0,"comment_status":"open","ping_status":"open","sticky":false,"template":"","format":"standard","meta":{"site-sidebar-layout":"default","site-content-layout":"","ast-site-content-layout":"","site-content-style":"default","site-sidebar-style":"default","ast-global-header-display":"","ast-banner-title-visibility":"","ast-main-header-display":"","ast-hfb-above-header-display":"","ast-hfb-below-header-display":"","ast-hfb-mobile-header-display":"","site-post-title":"","ast-breadcrumbs-content":"","ast-featured-img":"","footer-sml-layout":"","theme-transparent-header-meta":"","adv-header-id-meta":"","stick-header-meta":"","header-above-stick-meta":"","header-main-stick-meta":"","header-below-stick-meta":"","astra-migrate-meta-layouts":"default","ast-page-background-enabled":"default","ast-page-background-meta":{"desktop":{"background-color":"var(--ast-global-color-4)","background-image":"","background-repeat":"repeat","background-position":"center center","background-size":"auto","background-attachment":"scroll","background-type":"","background-media":"","overlay-type":"","overlay-color":"","overlay-gradient":""},"tablet":{"background-color":"","background-image":"","background-repeat":"repeat","background-position":"center center","background-size":"auto","background-attachment":"scroll","background-type":"","background-media":"","overlay-type":"","overlay-color":"","overlay-gradient":""},"mobile":{"background-color":"","background-image":"","background-repeat":"repeat","background-position":"center center","background-size":"auto","background-attachment":"scroll","background-type":"","background-media":"","overlay-type":"","overlay-color":"","overlay-gradient":""}},"ast-content-background-meta":{"desktop":{"background-color":"var(--ast-global-color-5)","background-image":"","background-repeat":"repeat","background-position":"center center","background-size":"auto","background-attachment":"scroll","background-type":"","background-media":"","overlay-type":"","overlay-color":"","overlay-gradient":""},"tablet":{"background-color":"var(--ast-global-color-5)","background-image":"","background-repeat":"repeat","background-position":"center center","background-size":"auto","background-attachment":"scroll","background-type":"","background-media":"","overlay-type":"","overlay-color":"","overlay-gradient":""},"mobile":{"background-color":"var(--ast-global-color-5)","background-image":"","background-repeat":"repeat","background-position":"center center","background-size":"auto","background-attachment":"scroll","background-type":"","background-media":"","overlay-type":"","overlay-color":"","overlay-gradient":""}},"footnotes":""},"categories":[11271,2205,9301,15596],"tags":[76592,45367,195318,195317,48629,145081],"class_list":["post-94835","post","type-post","status-publish","format-standard","hentry","category-distribucion-de-energia","category-fuentes-no-convencionales-de-energia","category-generacion-de-energia","category-politecnica-de-catalunya","tag-emilio-figueres-amoros","tag-guillermo-reyes-pozo","tag-joan-Martinez-sanchez","tag-jorge-de-la-hoz-casas","tag-oriol-boix-aragones","tag-pere-palacin-farre"],"_links":{"self":[{"href":"https:\/\/www.deberes.net\/tesis\/wp-json\/wp\/v2\/posts\/94835","targetHints":{"allow":["GET"]}}],"collection":[{"href":"https:\/\/www.deberes.net\/tesis\/wp-json\/wp\/v2\/posts"}],"about":[{"href":"https:\/\/www.deberes.net\/tesis\/wp-json\/wp\/v2\/types\/post"}],"author":[{"embeddable":true,"href":"https:\/\/www.deberes.net\/tesis\/wp-json\/wp\/v2\/users\/1"}],"replies":[{"embeddable":true,"href":"https:\/\/www.deberes.net\/tesis\/wp-json\/wp\/v2\/comments?post=94835"}],"version-history":[{"count":0,"href":"https:\/\/www.deberes.net\/tesis\/wp-json\/wp\/v2\/posts\/94835\/revisions"}],"wp:attachment":[{"href":"https:\/\/www.deberes.net\/tesis\/wp-json\/wp\/v2\/media?parent=94835"}],"wp:term":[{"taxonomy":"category","embeddable":true,"href":"https:\/\/www.deberes.net\/tesis\/wp-json\/wp\/v2\/categories?post=94835"},{"taxonomy":"post_tag","embeddable":true,"href":"https:\/\/www.deberes.net\/tesis\/wp-json\/wp\/v2\/tags?post=94835"}],"curies":[{"name":"wp","href":"https:\/\/api.w.org\/{rel}","templated":true}]}}