{"id":94865,"date":"2009-04-07T00:00:00","date_gmt":"2009-04-07T00:00:00","guid":{"rendered":"https:\/\/www.deberes.net\/tesis\/sin-categoria\/relacion-entre-edad-cronologica-y-edad-dentaria\/"},"modified":"2009-04-07T00:00:00","modified_gmt":"2009-04-07T00:00:00","slug":"relacion-entre-edad-cronologica-y-edad-dentaria","status":"publish","type":"post","link":"https:\/\/www.deberes.net\/tesis\/sin-categoria\/relacion-entre-edad-cronologica-y-edad-dentaria\/","title":{"rendered":"Relaci\u00f3n entre edad cronol\u00f3gica y edad dentaria"},"content":{"rendered":"<h2>Tesis doctoral de <strong> Alicia Martin Cerrato <\/strong><\/h2>\n<p>\u00absintesis descriptiva de la tesis doctoral relaci\u00f3n entre edad dentaria y edad cronol\u00f3gica.   la tesis que presentamos lleva por t\u00edtulo relaci\u00f3n entre edad dentaria y edad cronol\u00f3gica. Esta tesis tiene una doble perspectiva:  1.- Estudio de la bibliog raf\u00eda existente. 2.- Estudio estad\u00edstico.  1.- Estudio de la bibliograf\u00eda existente.     en el estudio de la bibliograf\u00eda existente, se ofrece, primeramente, un marco general en el que analizamos hist\u00f3ricamente los diversos estudios disponibles en la bi bliograf\u00eda que relacionan edad dental y cronol\u00f3gica.  a continuaci\u00f3n, se hace un recorrido explicando los factores que influyen en la edad dental y por lo tanto su correlaci\u00f3n con la edad cronol\u00f3gica teniendo en cuenta la variabilidad tanto a nivel i nterpoblacional como intrapoblacional. Tambi\u00e9n referenciamos las estructuras bucales para la identificaci\u00f3n de las personas a trav\u00e9s de los puntos e \u00edndices craneom\u00e9tricos.       se estudian los diferentes m\u00e9todos para la determinaci\u00f3n de la edad cronol \u00f3gica, a trav\u00e9s de la edad dentaria, entre los que destacamos lo m\u00e9todos de desgaste, erupci\u00f3n y mineralizaci\u00f3n dentaria.  2.- Estudio estad\u00edstico. durante el estudio de campo, se ha seleccionado una muestra parcialmente estratificada de espa\u00f1oles e inmigrantes con el objetivo principal de  establecer una correlaci\u00f3n entre edad dental, mediante la valoraci\u00f3n del germen dentario en las ortopantomograf\u00eda y la edad cronol\u00f3gica. Para ello establecemos tablas de conversi\u00f3n realizadas por diferentes a utores.       una vez realizado el estudio estad\u00edstico muestral, de poblaci\u00f3n espa\u00f1ola e inmigrante,  hemos observado que:  1.    Para correlacionar la edad dentaria y edad cronol\u00f3gica, el procedimiento m\u00e1s sencillo y econ\u00f3mico es el de erupci\u00f3n dentaria s iempre y cuando se utilice como m\u00e9todo complementario del estudio de las ortopantomograf\u00edas.   2.    Es posible establecer la edad cronol\u00f3gica a trav\u00e9s de la edad dentaria mediante las diferentes tablas de conversi\u00f3n siempre que establezcamos un rango d e edad de m\u00e1s\/menos un a\u00f1o.   esta tesis es especialmente \u00fatil para el c\u00e1lculo de la edad en la poblaci\u00f3n inmigrante porque en ocasiones se encuentran indocumentados y es necesario establecer su la edad cronol\u00f3gica.\u00bb<\/p>\n<p>&nbsp;<\/p>\n<h3>Datos acad\u00e9micos de la tesis doctoral \u00ab<strong>Relaci\u00f3n entre edad cronol\u00f3gica y edad dentaria<\/strong>\u00ab<\/h3>\n<ul>\n<li><strong>T\u00edtulo de la tesis:<\/strong>\u00a0 Relaci\u00f3n entre edad cronol\u00f3gica y edad dentaria <\/li>\n<li><strong>Autor:<\/strong>\u00a0 Alicia Martin Cerrato <\/li>\n<li><strong>Universidad:<\/strong>\u00a0 Complutense de Madrid<\/li>\n<li><strong>Fecha de lectura de la tesis:<\/strong>\u00a0 04\/07\/2009<\/li>\n<\/ul>\n<p>&nbsp;<\/p>\n<h3>Direcci\u00f3n y tribunal<\/h3>\n<ul>\n<li><strong>Director de la tesis<\/strong>\n<ul>\n<li>Bernardo Perea P\u00e9rez<\/li>\n<\/ul>\n<\/li>\n<li><strong>Tribunal<\/strong>\n<ul>\n<li>Presidente del tribunal: Mar\u00eda  jose Anadon baselga <\/li>\n<li>Antonio  Francisco L\u00f3pez s\u00e1nchez (vocal)<\/li>\n<li>margarita G\u00f3mez s\u00e1nchez (vocal)<\/li>\n<li>armando Caball\u00edn Garc\u00eda (vocal)<\/li>\n<\/ul>\n<\/li>\n<\/ul>\n<p>&nbsp;<\/p>\n","protected":false},"excerpt":{"rendered":"<p>Tesis doctoral de Alicia Martin Cerrato \u00absintesis descriptiva de la tesis doctoral relaci\u00f3n entre edad dentaria y edad cronol\u00f3gica. la [&hellip;]<\/p>\n","protected":false},"author":1,"featured_media":0,"comment_status":"open","ping_status":"open","sticky":false,"template":"","format":"standard","meta":{"site-sidebar-layout":"default","site-content-layout":"","ast-site-content-layout":"","site-content-style":"default","site-sidebar-style":"default","ast-global-header-display":"","ast-banner-title-visibility":"","ast-main-header-display":"","ast-hfb-above-header-display":"","ast-hfb-below-header-display":"","ast-hfb-mobile-header-display":"","site-post-title":"","ast-breadcrumbs-content":"","ast-featured-img":"","footer-sml-layout":"","theme-transparent-header-meta":"","adv-header-id-meta":"","stick-header-meta":"","header-above-stick-meta":"","header-main-stick-meta":"","header-below-stick-meta":"","astra-migrate-meta-layouts":"default","ast-page-background-enabled":"default","ast-page-background-meta":{"desktop":{"background-color":"var(--ast-global-color-4)","background-image":"","background-repeat":"repeat","background-position":"center center","background-size":"auto","background-attachment":"scroll","background-type":"","background-media":"","overlay-type":"","overlay-color":"","overlay-gradient":""},"tablet":{"background-color":"","background-image":"","background-repeat":"repeat","background-position":"center center","background-size":"auto","background-attachment":"scroll","background-type":"","background-media":"","overlay-type":"","overlay-color":"","overlay-gradient":""},"mobile":{"background-color":"","background-image":"","background-repeat":"repeat","background-position":"center center","background-size":"auto","background-attachment":"scroll","background-type":"","background-media":"","overlay-type":"","overlay-color":"","overlay-gradient":""}},"ast-content-background-meta":{"desktop":{"background-color":"var(--ast-global-color-5)","background-image":"","background-repeat":"repeat","background-position":"center center","background-size":"auto","background-attachment":"scroll","background-type":"","background-media":"","overlay-type":"","overlay-color":"","overlay-gradient":""},"tablet":{"background-color":"var(--ast-global-color-5)","background-image":"","background-repeat":"repeat","background-position":"center center","background-size":"auto","background-attachment":"scroll","background-type":"","background-media":"","overlay-type":"","overlay-color":"","overlay-gradient":""},"mobile":{"background-color":"var(--ast-global-color-5)","background-image":"","background-repeat":"repeat","background-position":"center center","background-size":"auto","background-attachment":"scroll","background-type":"","background-media":"","overlay-type":"","overlay-color":"","overlay-gradient":""}},"footnotes":""},"categories":[1],"tags":[195366,195367,170765,7108,166324,139254],"class_list":["post-94865","post","type-post","status-publish","format-standard","hentry","category-sin-categoria","tag-alicia-martin-cerrato","tag-antonio-francisco-lopez-sanchez","tag-armando-caballin-garcia","tag-bernardo-perea-perez","tag-margarita-gomez-sanchez","tag-maria-jose-anadon-baselga"],"_links":{"self":[{"href":"https:\/\/www.deberes.net\/tesis\/wp-json\/wp\/v2\/posts\/94865","targetHints":{"allow":["GET"]}}],"collection":[{"href":"https:\/\/www.deberes.net\/tesis\/wp-json\/wp\/v2\/posts"}],"about":[{"href":"https:\/\/www.deberes.net\/tesis\/wp-json\/wp\/v2\/types\/post"}],"author":[{"embeddable":true,"href":"https:\/\/www.deberes.net\/tesis\/wp-json\/wp\/v2\/users\/1"}],"replies":[{"embeddable":true,"href":"https:\/\/www.deberes.net\/tesis\/wp-json\/wp\/v2\/comments?post=94865"}],"version-history":[{"count":0,"href":"https:\/\/www.deberes.net\/tesis\/wp-json\/wp\/v2\/posts\/94865\/revisions"}],"wp:attachment":[{"href":"https:\/\/www.deberes.net\/tesis\/wp-json\/wp\/v2\/media?parent=94865"}],"wp:term":[{"taxonomy":"category","embeddable":true,"href":"https:\/\/www.deberes.net\/tesis\/wp-json\/wp\/v2\/categories?post=94865"},{"taxonomy":"post_tag","embeddable":true,"href":"https:\/\/www.deberes.net\/tesis\/wp-json\/wp\/v2\/tags?post=94865"}],"curies":[{"name":"wp","href":"https:\/\/api.w.org\/{rel}","templated":true}]}}