{"id":94880,"date":"2009-06-07T00:00:00","date_gmt":"2009-06-07T00:00:00","guid":{"rendered":"https:\/\/www.deberes.net\/tesis\/sin-categoria\/caracterizacion-multifractal-de-la-sismotectonica-de-la-cordillera-betica\/"},"modified":"2009-06-07T00:00:00","modified_gmt":"2009-06-07T00:00:00","slug":"caracterizacion-multifractal-de-la-sismotectonica-de-la-cordillera-betica","status":"publish","type":"post","link":"https:\/\/www.deberes.net\/tesis\/ciencias-de-la-tierra-y-del-espacio\/caracterizacion-multifractal-de-la-sismotectonica-de-la-cordillera-betica\/","title":{"rendered":"Caracterizaci\u00f3n multifractal de la sismotect\u00f3nica de la cordillera b\u00e9tica"},"content":{"rendered":"<h2>Tesis doctoral de <strong> Jes\u00fas Henares Romero <\/strong><\/h2>\n<p>En esta memoria se ha realizado un estudio multifractal de la sismotect\u00f3nica de la cordillera b\u00e9tica. Dada la gran complejidad que esta presenta desde el punto de vista geodin\u00e1mico y sismotect\u00f3nico, es interesante la obtenci\u00f3n de nuevos par\u00e1metros (dimensiones fractales) y las relaciones entre ellos y con los par\u00e1metros cl\u00e1sicos de sismicidad, que permitan una mejor caracterizaci\u00f3n de la regi\u00f3n, lo cual puede contribuir a mejores estudios de peligrosidad s\u00edsmica.  por tanto esta tesis se inicia con una introducci\u00f3n a la geometr\u00eda fractal y multifractal, sentando las bases matem\u00e1ticas en las que se apoya. Seguidamente se presenta el encuadre geol\u00f3gico de la zona de estudio y los datos sismotect\u00f3nicos que se han utilizado (terremotos y fallas).  se ha estudiado la variaci\u00f3n espacial en la cordillera b\u00e9tica de par\u00e1metros cl\u00e1sicos de sismicidad, y de las dimensiones fractales de terremotos y fallas (multifractalidad). Con estos resultados se han realizado zonificaciones de la regi\u00f3n y se han obtenido nuevas relaciones.<\/p>\n<p>&nbsp;<\/p>\n<h3>Datos acad\u00e9micos de la tesis doctoral \u00ab<strong>Caracterizaci\u00f3n multifractal de la sismotect\u00f3nica de la cordillera b\u00e9tica<\/strong>\u00ab<\/h3>\n<ul>\n<li><strong>T\u00edtulo de la tesis:<\/strong>\u00a0 Caracterizaci\u00f3n multifractal de la sismotect\u00f3nica de la cordillera b\u00e9tica <\/li>\n<li><strong>Autor:<\/strong>\u00a0 Jes\u00fas Henares Romero <\/li>\n<li><strong>Universidad:<\/strong>\u00a0 Granada<\/li>\n<li><strong>Fecha de lectura de la tesis:<\/strong>\u00a0 06\/07\/2009<\/li>\n<\/ul>\n<p>&nbsp;<\/p>\n<h3>Direcci\u00f3n y tribunal<\/h3>\n<ul>\n<li><strong>Director de la tesis<\/strong>\n<ul>\n<li>Carlos L\u00f3pez Casado<\/li>\n<\/ul>\n<\/li>\n<li><strong>Tribunal<\/strong>\n<ul>\n<li>Presidente del tribunal: Jos\u00e9 ignacio Badal nicolas <\/li>\n<li>Jos\u00e9 Delgado marchal (vocal)<\/li>\n<li>gerardo Alguacil de la blanca (vocal)<\/li>\n<li>Jos\u00e9 Antonio Pel\u00e1ez montilla (vocal)<\/li>\n<\/ul>\n<\/li>\n<\/ul>\n<p>&nbsp;<\/p>\n","protected":false},"excerpt":{"rendered":"<p>Tesis doctoral de Jes\u00fas Henares Romero En esta memoria se ha realizado un estudio multifractal de la sismotect\u00f3nica de la [&hellip;]<\/p>\n","protected":false},"author":1,"featured_media":0,"comment_status":"open","ping_status":"open","sticky":false,"template":"","format":"standard","meta":{"site-sidebar-layout":"default","site-content-layout":"","ast-site-content-layout":"","site-content-style":"default","site-sidebar-style":"default","ast-global-header-display":"","ast-banner-title-visibility":"","ast-main-header-display":"","ast-hfb-above-header-display":"","ast-hfb-below-header-display":"","ast-hfb-mobile-header-display":"","site-post-title":"","ast-breadcrumbs-content":"","ast-featured-img":"","footer-sml-layout":"","theme-transparent-header-meta":"","adv-header-id-meta":"","stick-header-meta":"","header-above-stick-meta":"","header-main-stick-meta":"","header-below-stick-meta":"","astra-migrate-meta-layouts":"default","ast-page-background-enabled":"default","ast-page-background-meta":{"desktop":{"background-color":"var(--ast-global-color-4)","background-image":"","background-repeat":"repeat","background-position":"center center","background-size":"auto","background-attachment":"scroll","background-type":"","background-media":"","overlay-type":"","overlay-color":"","overlay-gradient":""},"tablet":{"background-color":"","background-image":"","background-repeat":"repeat","background-position":"center center","background-size":"auto","background-attachment":"scroll","background-type":"","background-media":"","overlay-type":"","overlay-color":"","overlay-gradient":""},"mobile":{"background-color":"","background-image":"","background-repeat":"repeat","background-position":"center center","background-size":"auto","background-attachment":"scroll","background-type":"","background-media":"","overlay-type":"","overlay-color":"","overlay-gradient":""}},"ast-content-background-meta":{"desktop":{"background-color":"var(--ast-global-color-5)","background-image":"","background-repeat":"repeat","background-position":"center center","background-size":"auto","background-attachment":"scroll","background-type":"","background-media":"","overlay-type":"","overlay-color":"","overlay-gradient":""},"tablet":{"background-color":"var(--ast-global-color-5)","background-image":"","background-repeat":"repeat","background-position":"center center","background-size":"auto","background-attachment":"scroll","background-type":"","background-media":"","overlay-type":"","overlay-color":"","overlay-gradient":""},"mobile":{"background-color":"var(--ast-global-color-5)","background-image":"","background-repeat":"repeat","background-position":"center center","background-size":"auto","background-attachment":"scroll","background-type":"","background-media":"","overlay-type":"","overlay-color":"","overlay-gradient":""}},"footnotes":""},"categories":[27,1033,19202,126],"tags":[19206,79508,195397,178921,145210,4071],"class_list":["post-94880","post","type-post","status-publish","format-standard","hentry","category-ciencias-de-la-tierra-y-del-espacio","category-geofisica","category-geologia-regional","category-matematicas","tag-carlos-lopez-casado","tag-gerardo-alguacil-de-la-blanca","tag-jesus-henares-romero","tag-jose-antonio-pelaez-montilla","tag-jose-delgado-marchal","tag-jose-ignacio-badal-nicolas"],"_links":{"self":[{"href":"https:\/\/www.deberes.net\/tesis\/wp-json\/wp\/v2\/posts\/94880","targetHints":{"allow":["GET"]}}],"collection":[{"href":"https:\/\/www.deberes.net\/tesis\/wp-json\/wp\/v2\/posts"}],"about":[{"href":"https:\/\/www.deberes.net\/tesis\/wp-json\/wp\/v2\/types\/post"}],"author":[{"embeddable":true,"href":"https:\/\/www.deberes.net\/tesis\/wp-json\/wp\/v2\/users\/1"}],"replies":[{"embeddable":true,"href":"https:\/\/www.deberes.net\/tesis\/wp-json\/wp\/v2\/comments?post=94880"}],"version-history":[{"count":0,"href":"https:\/\/www.deberes.net\/tesis\/wp-json\/wp\/v2\/posts\/94880\/revisions"}],"wp:attachment":[{"href":"https:\/\/www.deberes.net\/tesis\/wp-json\/wp\/v2\/media?parent=94880"}],"wp:term":[{"taxonomy":"category","embeddable":true,"href":"https:\/\/www.deberes.net\/tesis\/wp-json\/wp\/v2\/categories?post=94880"},{"taxonomy":"post_tag","embeddable":true,"href":"https:\/\/www.deberes.net\/tesis\/wp-json\/wp\/v2\/tags?post=94880"}],"curies":[{"name":"wp","href":"https:\/\/api.w.org\/{rel}","templated":true}]}}