{"id":94907,"date":"2009-06-07T00:00:00","date_gmt":"2009-06-07T00:00:00","guid":{"rendered":"https:\/\/www.deberes.net\/tesis\/sin-categoria\/valoracion-del-estado-nutricional-en-los-pacientes-con-enfermedad-pulmonar-obstructiva-cronica-analisis-por-impedancia-bioelectrica\/"},"modified":"2009-06-07T00:00:00","modified_gmt":"2009-06-07T00:00:00","slug":"valoracion-del-estado-nutricional-en-los-pacientes-con-enfermedad-pulmonar-obstructiva-cronica-analisis-por-impedancia-bioelectrica","status":"publish","type":"post","link":"https:\/\/www.deberes.net\/tesis\/sin-categoria\/valoracion-del-estado-nutricional-en-los-pacientes-con-enfermedad-pulmonar-obstructiva-cronica-analisis-por-impedancia-bioelectrica\/","title":{"rendered":"Valoraci\u00f3n del estado nutricional en los pacientes con enfermedad pulmonar obstructiva cr\u00f3nica. an\u00e1lisis por impedancia bioel\u00e9ctrica"},"content":{"rendered":"<h2>Tesis doctoral de <strong> Ana Isabel Castuera Gil <\/strong><\/h2>\n<p>&nbsp;<\/p>\n<h3>Datos acad\u00e9micos de la tesis doctoral \u00ab<strong>Valoraci\u00f3n del estado nutricional en los pacientes con enfermedad pulmonar obstructiva cr\u00f3nica. an\u00e1lisis por impedancia bioel\u00e9ctrica<\/strong>\u00ab<\/h3>\n<ul>\n<li><strong>T\u00edtulo de la tesis:<\/strong>\u00a0 Valoraci\u00f3n del estado nutricional en los pacientes con enfermedad pulmonar obstructiva cr\u00f3nica. an\u00e1lisis por impedancia bioel\u00e9ctrica <\/li>\n<li><strong>Autor:<\/strong>\u00a0 Ana Isabel Castuera Gil <\/li>\n<li><strong>Universidad:<\/strong>\u00a0 Complutense de Madrid<\/li>\n<li><strong>Fecha de lectura de la tesis:<\/strong>\u00a0 06\/07\/2009<\/li>\n<\/ul>\n<p>&nbsp;<\/p>\n<h3>Direcci\u00f3n y tribunal<\/h3>\n<ul>\n<li><strong>Director de la tesis<\/strong>\n<ul>\n<li>Javier De Miguel Diez<\/li>\n<\/ul>\n<\/li>\n<li><strong>Tribunal<\/strong>\n<ul>\n<li>Presidente del tribunal: Jes\u00fas Millan nu\u00f1ez cortes <\/li>\n<li>Manuel Rodriguez zapata (vocal)<\/li>\n<li>Jos\u00e9 ignacio De granda orive (vocal)<\/li>\n<li>rodolfo Alvarez-sala walther (vocal)<\/li>\n<\/ul>\n<\/li>\n<\/ul>\n<p>&nbsp;<\/p>\n","protected":false},"excerpt":{"rendered":"<p>Tesis doctoral de Ana Isabel Castuera Gil &nbsp; Datos acad\u00e9micos de la tesis doctoral \u00abValoraci\u00f3n del estado nutricional en los [&hellip;]<\/p>\n","protected":false},"author":1,"featured_media":0,"comment_status":"open","ping_status":"open","sticky":false,"template":"","format":"standard","meta":{"site-sidebar-layout":"default","site-content-layout":"","ast-site-content-layout":"","site-content-style":"default","site-sidebar-style":"default","ast-global-header-display":"","ast-banner-title-visibility":"","ast-main-header-display":"","ast-hfb-above-header-display":"","ast-hfb-below-header-display":"","ast-hfb-mobile-header-display":"","site-post-title":"","ast-breadcrumbs-content":"","ast-featured-img":"","footer-sml-layout":"","theme-transparent-header-meta":"","adv-header-id-meta":"","stick-header-meta":"","header-above-stick-meta":"","header-main-stick-meta":"","header-below-stick-meta":"","astra-migrate-meta-layouts":"default","ast-page-background-enabled":"default","ast-page-background-meta":{"desktop":{"background-color":"var(--ast-global-color-4)","background-image":"","background-repeat":"repeat","background-position":"center center","background-size":"auto","background-attachment":"scroll","background-type":"","background-media":"","overlay-type":"","overlay-color":"","overlay-gradient":""},"tablet":{"background-color":"","background-image":"","background-repeat":"repeat","background-position":"center center","background-size":"auto","background-attachment":"scroll","background-type":"","background-media":"","overlay-type":"","overlay-color":"","overlay-gradient":""},"mobile":{"background-color":"","background-image":"","background-repeat":"repeat","background-position":"center center","background-size":"auto","background-attachment":"scroll","background-type":"","background-media":"","overlay-type":"","overlay-color":"","overlay-gradient":""}},"ast-content-background-meta":{"desktop":{"background-color":"var(--ast-global-color-5)","background-image":"","background-repeat":"repeat","background-position":"center center","background-size":"auto","background-attachment":"scroll","background-type":"","background-media":"","overlay-type":"","overlay-color":"","overlay-gradient":""},"tablet":{"background-color":"var(--ast-global-color-5)","background-image":"","background-repeat":"repeat","background-position":"center center","background-size":"auto","background-attachment":"scroll","background-type":"","background-media":"","overlay-type":"","overlay-color":"","overlay-gradient":""},"mobile":{"background-color":"var(--ast-global-color-5)","background-image":"","background-repeat":"repeat","background-position":"center center","background-size":"auto","background-attachment":"scroll","background-type":"","background-media":"","overlay-type":"","overlay-color":"","overlay-gradient":""}},"footnotes":""},"categories":[1],"tags":[195448,142256,1552,195449,17588,3296],"class_list":["post-94907","post","type-post","status-publish","format-standard","hentry","category-sin-categoria","tag-ana-isabel-castuera-gil","tag-javier-de-miguel-diez","tag-jesus-millan-nunez-cortes","tag-jose-ignacio-de-granda-orive","tag-manuel-rodriguez-zapata","tag-rodolfo-alvarez-sala-walther"],"_links":{"self":[{"href":"https:\/\/www.deberes.net\/tesis\/wp-json\/wp\/v2\/posts\/94907","targetHints":{"allow":["GET"]}}],"collection":[{"href":"https:\/\/www.deberes.net\/tesis\/wp-json\/wp\/v2\/posts"}],"about":[{"href":"https:\/\/www.deberes.net\/tesis\/wp-json\/wp\/v2\/types\/post"}],"author":[{"embeddable":true,"href":"https:\/\/www.deberes.net\/tesis\/wp-json\/wp\/v2\/users\/1"}],"replies":[{"embeddable":true,"href":"https:\/\/www.deberes.net\/tesis\/wp-json\/wp\/v2\/comments?post=94907"}],"version-history":[{"count":0,"href":"https:\/\/www.deberes.net\/tesis\/wp-json\/wp\/v2\/posts\/94907\/revisions"}],"wp:attachment":[{"href":"https:\/\/www.deberes.net\/tesis\/wp-json\/wp\/v2\/media?parent=94907"}],"wp:term":[{"taxonomy":"category","embeddable":true,"href":"https:\/\/www.deberes.net\/tesis\/wp-json\/wp\/v2\/categories?post=94907"},{"taxonomy":"post_tag","embeddable":true,"href":"https:\/\/www.deberes.net\/tesis\/wp-json\/wp\/v2\/tags?post=94907"}],"curies":[{"name":"wp","href":"https:\/\/api.w.org\/{rel}","templated":true}]}}