{"id":94985,"date":"2009-09-07T00:00:00","date_gmt":"2009-09-07T00:00:00","guid":{"rendered":"https:\/\/www.deberes.net\/tesis\/sin-categoria\/la-formacion-de-la-responsabilidad-social-del-universitario-un-estudio-empa%c2%adrico\/"},"modified":"2009-09-07T00:00:00","modified_gmt":"2009-09-07T00:00:00","slug":"la-formacion-de-la-responsabilidad-social-del-universitario-un-estudio-empa%c2%adrico","status":"publish","type":"post","link":"https:\/\/www.deberes.net\/tesis\/sin-categoria\/la-formacion-de-la-responsabilidad-social-del-universitario-un-estudio-empa%c2%adrico\/","title":{"rendered":"La formaci\u00f3n de la responsabilidad social del universitario: un estudio emp\u00edrico"},"content":{"rendered":"<h2>Tesis doctoral de <strong> Carmen De La Calle Maldonado Guevara <\/strong><\/h2>\n<p>Null la formaci\u00f3n de la responsabilidad social del universitario: un estudio emp\u00edrico.  la sociedad actual demanda profesionales socialmente comprometidos, es decir, formados en la responsabilidad social. La universidad, fiel a su  misi\u00f3n de formar integr almente a los que pasan por sus aulas, ha de dar respuesta a esta urgente necesidad de contar con personas que se planteen el ejercicio de su profesi\u00f3n desde el compromiso con los otros y con su entorno. Este trabajo presenta la propuesta que desde l a universidad francisco de vitoria se hace sobre esta cuesti\u00f3n, al plantearla como una asignatura universitaria de obligado cumplimiento. La construcci\u00f3n de una escala de medida del grado de responsabilidad social del universitario y su validaci\u00f3n co mo instrumento de medici\u00f3n del mismo son parte de este estudio emp\u00edrico. As\u00ed mismo, la aplicaci\u00f3n de este cuestionario, elaborado en base a las cinco dimensiones que conforman nuestra definici\u00f3n del concepto de responsabilidad social en la universida d, nos sirve para evaluar el cambio producido en los alumnos de la universidad francisco de vitoria que han cursado la asignatura de responsabilidad social, frente a aquellos que no la han cursado (de la misma universidad y de la universidad complute nse de Madrid). A trav\u00e9s de un dise\u00f1o cuasiexperimental pretest-postest, se analiza la eficacia de esta asignatura como un medio para formar al alumno en la responsabilidad social.<\/p>\n<p>&nbsp;<\/p>\n<h3>Datos acad\u00e9micos de la tesis doctoral \u00ab<strong>La formaci\u00f3n de la responsabilidad social del universitario: un estudio emp\u00edrico<\/strong>\u00ab<\/h3>\n<ul>\n<li><strong>T\u00edtulo de la tesis:<\/strong>\u00a0 La formaci\u00f3n de la responsabilidad social del universitario: un estudio emp\u00edrico <\/li>\n<li><strong>Autor:<\/strong>\u00a0 Carmen De La Calle Maldonado Guevara <\/li>\n<li><strong>Universidad:<\/strong>\u00a0 Complutense de Madrid<\/li>\n<li><strong>Fecha de lectura de la tesis:<\/strong>\u00a0 09\/07\/2009<\/li>\n<\/ul>\n<p>&nbsp;<\/p>\n<h3>Direcci\u00f3n y tribunal<\/h3>\n<ul>\n<li><strong>Director de la tesis<\/strong>\n<ul>\n<li>Jos\u00e9 Manuel Garc\u00eda Ramos<\/li>\n<\/ul>\n<\/li>\n<li><strong>Tribunal<\/strong>\n<ul>\n<li>Presidente del tribunal: m\u00f3nica (secretario) Fontana abad <\/li>\n<li>  (vocal)<\/li>\n<li>  (vocal)<\/li>\n<li>  (vocal)<\/li>\n<\/ul>\n<\/li>\n<\/ul>\n<p>&nbsp;<\/p>\n","protected":false},"excerpt":{"rendered":"<p>Tesis doctoral de Carmen De La Calle Maldonado Guevara Null la formaci\u00f3n de la responsabilidad social del universitario: un estudio [&hellip;]<\/p>\n","protected":false},"author":1,"featured_media":0,"comment_status":"open","ping_status":"open","sticky":false,"template":"","format":"standard","meta":{"site-sidebar-layout":"default","site-content-layout":"","ast-site-content-layout":"","site-content-style":"default","site-sidebar-style":"default","ast-global-header-display":"","ast-banner-title-visibility":"","ast-main-header-display":"","ast-hfb-above-header-display":"","ast-hfb-below-header-display":"","ast-hfb-mobile-header-display":"","site-post-title":"","ast-breadcrumbs-content":"","ast-featured-img":"","footer-sml-layout":"","theme-transparent-header-meta":"","adv-header-id-meta":"","stick-header-meta":"","header-above-stick-meta":"","header-main-stick-meta":"","header-below-stick-meta":"","astra-migrate-meta-layouts":"default","ast-page-background-enabled":"default","ast-page-background-meta":{"desktop":{"background-color":"var(--ast-global-color-4)","background-image":"","background-repeat":"repeat","background-position":"center center","background-size":"auto","background-attachment":"scroll","background-type":"","background-media":"","overlay-type":"","overlay-color":"","overlay-gradient":""},"tablet":{"background-color":"","background-image":"","background-repeat":"repeat","background-position":"center center","background-size":"auto","background-attachment":"scroll","background-type":"","background-media":"","overlay-type":"","overlay-color":"","overlay-gradient":""},"mobile":{"background-color":"","background-image":"","background-repeat":"repeat","background-position":"center center","background-size":"auto","background-attachment":"scroll","background-type":"","background-media":"","overlay-type":"","overlay-color":"","overlay-gradient":""}},"ast-content-background-meta":{"desktop":{"background-color":"var(--ast-global-color-5)","background-image":"","background-repeat":"repeat","background-position":"center center","background-size":"auto","background-attachment":"scroll","background-type":"","background-media":"","overlay-type":"","overlay-color":"","overlay-gradient":""},"tablet":{"background-color":"var(--ast-global-color-5)","background-image":"","background-repeat":"repeat","background-position":"center center","background-size":"auto","background-attachment":"scroll","background-type":"","background-media":"","overlay-type":"","overlay-color":"","overlay-gradient":""},"mobile":{"background-color":"var(--ast-global-color-5)","background-image":"","background-repeat":"repeat","background-position":"center center","background-size":"auto","background-attachment":"scroll","background-type":"","background-media":"","overlay-type":"","overlay-color":"","overlay-gradient":""}},"footnotes":""},"categories":[1],"tags":[195581,78042,195582],"class_list":["post-94985","post","type-post","status-publish","format-standard","hentry","category-sin-categoria","tag-carmen-de-la-calle-maldonado-guevara","tag-jose-manuel-garcia-ramos","tag-monica-secretario-fontana-abad"],"_links":{"self":[{"href":"https:\/\/www.deberes.net\/tesis\/wp-json\/wp\/v2\/posts\/94985","targetHints":{"allow":["GET"]}}],"collection":[{"href":"https:\/\/www.deberes.net\/tesis\/wp-json\/wp\/v2\/posts"}],"about":[{"href":"https:\/\/www.deberes.net\/tesis\/wp-json\/wp\/v2\/types\/post"}],"author":[{"embeddable":true,"href":"https:\/\/www.deberes.net\/tesis\/wp-json\/wp\/v2\/users\/1"}],"replies":[{"embeddable":true,"href":"https:\/\/www.deberes.net\/tesis\/wp-json\/wp\/v2\/comments?post=94985"}],"version-history":[{"count":0,"href":"https:\/\/www.deberes.net\/tesis\/wp-json\/wp\/v2\/posts\/94985\/revisions"}],"wp:attachment":[{"href":"https:\/\/www.deberes.net\/tesis\/wp-json\/wp\/v2\/media?parent=94985"}],"wp:term":[{"taxonomy":"category","embeddable":true,"href":"https:\/\/www.deberes.net\/tesis\/wp-json\/wp\/v2\/categories?post=94985"},{"taxonomy":"post_tag","embeddable":true,"href":"https:\/\/www.deberes.net\/tesis\/wp-json\/wp\/v2\/tags?post=94985"}],"curies":[{"name":"wp","href":"https:\/\/api.w.org\/{rel}","templated":true}]}}