{"id":95046,"date":"2009-10-07T00:00:00","date_gmt":"2009-10-07T00:00:00","guid":{"rendered":"https:\/\/www.deberes.net\/tesis\/sin-categoria\/la-evolucia%c2%adn-del-convenio-colectivo-en-espana\/"},"modified":"2009-10-07T00:00:00","modified_gmt":"2009-10-07T00:00:00","slug":"la-evolucia%c2%adn-del-convenio-colectivo-en-espana","status":"publish","type":"post","link":"https:\/\/www.deberes.net\/tesis\/sin-categoria\/la-evolucia%c2%adn-del-convenio-colectivo-en-espana\/","title":{"rendered":"La evoluci\u00edn del convenio colectivo en espa\u00f1a."},"content":{"rendered":"<h2>Tesis doctoral de <strong> Mar\u00eda  Jose Burriel Rodriguez <\/strong><\/h2>\n<p>Null el art\u00edculo 37.1 de la constituci\u00f3n espa\u00f1ola procede a un doble reconocimiento: el derecho a la negociaci\u00f3n colectiva laboral, y a una figura jur\u00eddica, el convenio colectivo con fuerza vinculante.  para llegar a una comprensi\u00f3n completa de ambos era necesaria una investigaci\u00f3n hist\u00f3rica-jur\u00eddica de la negociaci\u00f3n colectiva (origen, fundamento, hecho sindical) y de la figura del convenio colectivo, como la manifestaci\u00f3n m\u00e1s importante de la autonom\u00eda de la voluntad de los grupos sociales.  con ca r\u00e1cter general partimos de la siguiente premisa: el convenio colectivo como tal existe con anterioridad a su primera regulaci\u00f3n parcial \u00c2\u00bfley de descanso dominical de 1904- y por supuesto a su regulaci\u00f3n completa  -ley de contrato de trabajo de 1931-.  La realidad se anticipa a la regulaci\u00f3n legal, y esto supone una novedad con respecto a los datos obtenidos hasta el momento. \tno encontramos en esta primera etapa una extensi\u00f3n del uso del convenio pero afirmamos su existencia partiendo de dos text os fundamentales: \t1\u00c2\u00ba) acuerdo de la ciudad catalana de reus, 17 de agosto de 1843, entre los fabricantes de ropas de algod\u00f3n de la ciudad y los representantes de los trabajadores.  2\u00c2\u00ba) convenio de la lana de sabadell de 17 de noviembre de 1854.  por  otra parte las diversas fuentes examinadas ponen de relieve como la concertaci\u00f3n de condiciones de trabajo entre colectividades se produc\u00eda en la regi\u00f3n catalana ya en 1830 (oficio del gobernador civil de 5 de agosto de 1835, bando del ayuntamiento de barcelona de 1 de mayo de 1841, entre otros). transcurre un lapso temporal hasta que localizamos nuevos convenios en las poblaciones catalanas. El celo en la conservaci\u00f3n de sus documentos ha hecho que en la actualidad podamos disponer de document os que reflejan buena parte de los convenios colectivos llevados a cabo en el siglo xix. Pero no por ello podemos negar categ\u00f3ricamente su existencia en otras regiones.  asimismo, del examen de los textos encontrados se aprecia un contenido de gran p erfecci\u00f3n t\u00e9cnica, que mostraba el inter\u00e9s por cuestiones propiamente laborales que todav\u00eda no recog\u00eda ninguna regulaci\u00f3n jur\u00eddica, ni civil ni social.  tras la primera referencia legal del convenio colectivo (circular del ministro de 21 de junio de 1902), se promulg\u00f3 la ley de descanso dominical de 3 de marzo de 1904, que contiene la primera regulaci\u00f3n legal de un convenio, el que entrase a exceptuar o regular el descanso dominical que preceptuaba la ley, celebrado por asociaciones profesionale<\/p>\n<p>&nbsp;<\/p>\n<h3>Datos acad\u00e9micos de la tesis doctoral \u00ab<strong>La evoluci\u00edn del convenio colectivo en espa\u00f1a.<\/strong>\u00ab<\/h3>\n<ul>\n<li><strong>T\u00edtulo de la tesis:<\/strong>\u00a0 La evoluci\u00edn del convenio colectivo en espa\u00f1a. <\/li>\n<li><strong>Autor:<\/strong>\u00a0 Mar\u00eda  Jose Burriel Rodriguez <\/li>\n<li><strong>Universidad:<\/strong>\u00a0 Complutense de Madrid<\/li>\n<li><strong>Fecha de lectura de la tesis:<\/strong>\u00a0 10\/07\/2009<\/li>\n<\/ul>\n<p>&nbsp;<\/p>\n<h3>Direcci\u00f3n y tribunal<\/h3>\n<ul>\n<li><strong>Director de la tesis<\/strong>\n<ul>\n<li>Alfredo Montoya Melgar<\/li>\n<\/ul>\n<\/li>\n<li><strong>Tribunal<\/strong>\n<ul>\n<li>Presidente del tribunal: ra\u00fal leopoldo (secretario) Canosa usera <\/li>\n<li>  (vocal)<\/li>\n<li>  (vocal)<\/li>\n<li>  (vocal)<\/li>\n<\/ul>\n<\/li>\n<\/ul>\n<p>&nbsp;<\/p>\n","protected":false},"excerpt":{"rendered":"<p>Tesis doctoral de Mar\u00eda Jose Burriel Rodriguez Null el art\u00edculo 37.1 de la constituci\u00f3n espa\u00f1ola procede a un doble reconocimiento: [&hellip;]<\/p>\n","protected":false},"author":1,"featured_media":0,"comment_status":"open","ping_status":"open","sticky":false,"template":"","format":"standard","meta":{"site-sidebar-layout":"default","site-content-layout":"","ast-site-content-layout":"","site-content-style":"default","site-sidebar-style":"default","ast-global-header-display":"","ast-banner-title-visibility":"","ast-main-header-display":"","ast-hfb-above-header-display":"","ast-hfb-below-header-display":"","ast-hfb-mobile-header-display":"","site-post-title":"","ast-breadcrumbs-content":"","ast-featured-img":"","footer-sml-layout":"","theme-transparent-header-meta":"","adv-header-id-meta":"","stick-header-meta":"","header-above-stick-meta":"","header-main-stick-meta":"","header-below-stick-meta":"","astra-migrate-meta-layouts":"default","ast-page-background-enabled":"default","ast-page-background-meta":{"desktop":{"background-color":"var(--ast-global-color-4)","background-image":"","background-repeat":"repeat","background-position":"center center","background-size":"auto","background-attachment":"scroll","background-type":"","background-media":"","overlay-type":"","overlay-color":"","overlay-gradient":""},"tablet":{"background-color":"","background-image":"","background-repeat":"repeat","background-position":"center center","background-size":"auto","background-attachment":"scroll","background-type":"","background-media":"","overlay-type":"","overlay-color":"","overlay-gradient":""},"mobile":{"background-color":"","background-image":"","background-repeat":"repeat","background-position":"center center","background-size":"auto","background-attachment":"scroll","background-type":"","background-media":"","overlay-type":"","overlay-color":"","overlay-gradient":""}},"ast-content-background-meta":{"desktop":{"background-color":"var(--ast-global-color-5)","background-image":"","background-repeat":"repeat","background-position":"center center","background-size":"auto","background-attachment":"scroll","background-type":"","background-media":"","overlay-type":"","overlay-color":"","overlay-gradient":""},"tablet":{"background-color":"var(--ast-global-color-5)","background-image":"","background-repeat":"repeat","background-position":"center center","background-size":"auto","background-attachment":"scroll","background-type":"","background-media":"","overlay-type":"","overlay-color":"","overlay-gradient":""},"mobile":{"background-color":"var(--ast-global-color-5)","background-image":"","background-repeat":"repeat","background-position":"center center","background-size":"auto","background-attachment":"scroll","background-type":"","background-media":"","overlay-type":"","overlay-color":"","overlay-gradient":""}},"footnotes":""},"categories":[1],"tags":[5169,195688,195689],"class_list":["post-95046","post","type-post","status-publish","format-standard","hentry","category-sin-categoria","tag-alfredo-montoya-melgar","tag-maria-jose-burriel-rodriguez","tag-raul-leopoldo-secretario-canosa-usera"],"_links":{"self":[{"href":"https:\/\/www.deberes.net\/tesis\/wp-json\/wp\/v2\/posts\/95046","targetHints":{"allow":["GET"]}}],"collection":[{"href":"https:\/\/www.deberes.net\/tesis\/wp-json\/wp\/v2\/posts"}],"about":[{"href":"https:\/\/www.deberes.net\/tesis\/wp-json\/wp\/v2\/types\/post"}],"author":[{"embeddable":true,"href":"https:\/\/www.deberes.net\/tesis\/wp-json\/wp\/v2\/users\/1"}],"replies":[{"embeddable":true,"href":"https:\/\/www.deberes.net\/tesis\/wp-json\/wp\/v2\/comments?post=95046"}],"version-history":[{"count":0,"href":"https:\/\/www.deberes.net\/tesis\/wp-json\/wp\/v2\/posts\/95046\/revisions"}],"wp:attachment":[{"href":"https:\/\/www.deberes.net\/tesis\/wp-json\/wp\/v2\/media?parent=95046"}],"wp:term":[{"taxonomy":"category","embeddable":true,"href":"https:\/\/www.deberes.net\/tesis\/wp-json\/wp\/v2\/categories?post=95046"},{"taxonomy":"post_tag","embeddable":true,"href":"https:\/\/www.deberes.net\/tesis\/wp-json\/wp\/v2\/tags?post=95046"}],"curies":[{"name":"wp","href":"https:\/\/api.w.org\/{rel}","templated":true}]}}