{"id":95103,"date":"2009-10-07T00:00:00","date_gmt":"2009-10-07T00:00:00","guid":{"rendered":"https:\/\/www.deberes.net\/tesis\/sin-categoria\/arquitectura-eclectico-funeraria-de-la-ciudad-de-valencia-el-cementerio-general-de-valencia\/"},"modified":"2009-10-07T00:00:00","modified_gmt":"2009-10-07T00:00:00","slug":"arquitectura-eclectico-funeraria-de-la-ciudad-de-valencia-el-cementerio-general-de-valencia","status":"publish","type":"post","link":"https:\/\/www.deberes.net\/tesis\/historia\/arquitectura-eclectico-funeraria-de-la-ciudad-de-valencia-el-cementerio-general-de-valencia\/","title":{"rendered":"Arquitectura ecl\u00e9ctico funeraria de la ciudad de Valencia. el cementerio general de Valencia."},"content":{"rendered":"<h2>Tesis doctoral de <strong> Jorge Girb\u00e9s P\u00e9rez <\/strong><\/h2>\n<p>En la segunda mitad del siglo xix en los cementerios se da un inicio de manifestaci\u00f3n de la voluntad de perpetuarse. La fosa com\u00fan y el nicho, impiden cualquier posibilidad de reflejo de continuidad din\u00e1stica e impiden un reconocimiento del poder econ\u00f3mico y social de la familia, por lo que surge la figura del pante\u00f3n. por lo que respecta al cementerio general constituye un cat\u00e1logo-muestrario de todos y cada uno de los lenguajes arquitect\u00f3nicos que se producen en la ciudad, sin las exigencias funcionales y constructivas que rigidizan la edificaci\u00f3n. En el cementerio general, se re\u00fane todo un amplio elenco de arquitectos, maestros de obras, escultores y marmolistas de la ciudad del xix, que hace de este cementerio un cat\u00e1logo del gusto, mentalidad y sensibilidad art\u00edstica de cada momento. el objetivo general de este trabajo esta basado en el estudio de la influencia de las distintas artes en este tipo de construcciones, que constituyen una arquitectura poco conocida, descuidada y abandonada. los objetivos espec\u00edficos de este trabajo son: &#8211; recopilar la informaci\u00f3n necesaria para poder definir una posible clasificaci\u00f3n de las tipolog\u00edas protot\u00edpicas, de los distintos panteones existentes en el cementerio general de Valencia, entre los a\u00f1os 1.807 y 1.910. &#8211; fijar una metodolog\u00eda, para establecer las comparativas y clasificaciones anteriores. Crear una \u00abficha arquitect\u00f3nica\u00bb de cada uno de los panteones a estudio.<\/p>\n<p>&nbsp;<\/p>\n<h3>Datos acad\u00e9micos de la tesis doctoral \u00ab<strong>Arquitectura ecl\u00e9ctico funeraria de la ciudad de Valencia. el cementerio general de Valencia.<\/strong>\u00ab<\/h3>\n<ul>\n<li><strong>T\u00edtulo de la tesis:<\/strong>\u00a0 Arquitectura ecl\u00e9ctico funeraria de la ciudad de Valencia. el cementerio general de Valencia. <\/li>\n<li><strong>Autor:<\/strong>\u00a0 Jorge Girb\u00e9s P\u00e9rez <\/li>\n<li><strong>Universidad:<\/strong>\u00a0 Polit\u00e9cnica de Valencia<\/li>\n<li><strong>Fecha de lectura de la tesis:<\/strong>\u00a0 10\/07\/2009<\/li>\n<\/ul>\n<p>&nbsp;<\/p>\n<h3>Direcci\u00f3n y tribunal<\/h3>\n<ul>\n<li><strong>Director de la tesis<\/strong>\n<ul>\n<li>\u00e1ngela Garc\u00eda Codo\u00f1er<\/li>\n<\/ul>\n<\/li>\n<li><strong>Tribunal<\/strong>\n<ul>\n<li>Presidente del tribunal: pilar Chias navarro <\/li>\n<li>Luis Villanueva bartrina (vocal)<\/li>\n<li>Jos\u00e9 Mar\u00eda Gentil baldrich (vocal)<\/li>\n<li>Ana Mar\u00eda Torres barchino (vocal)<\/li>\n<\/ul>\n<\/li>\n<\/ul>\n<p>&nbsp;<\/p>\n","protected":false},"excerpt":{"rendered":"<p>Tesis doctoral de Jorge Girb\u00e9s P\u00e9rez En la segunda mitad del siglo xix en los cementerios se da un inicio [&hellip;]<\/p>\n","protected":false},"author":1,"featured_media":0,"comment_status":"open","ping_status":"open","sticky":false,"template":"","format":"standard","meta":{"site-sidebar-layout":"default","site-content-layout":"","ast-site-content-layout":"","site-content-style":"default","site-sidebar-style":"default","ast-global-header-display":"","ast-banner-title-visibility":"","ast-main-header-display":"","ast-hfb-above-header-display":"","ast-hfb-below-header-display":"","ast-hfb-mobile-header-display":"","site-post-title":"","ast-breadcrumbs-content":"","ast-featured-img":"","footer-sml-layout":"","theme-transparent-header-meta":"","adv-header-id-meta":"","stick-header-meta":"","header-above-stick-meta":"","header-main-stick-meta":"","header-below-stick-meta":"","astra-migrate-meta-layouts":"default","ast-page-background-enabled":"default","ast-page-background-meta":{"desktop":{"background-color":"var(--ast-global-color-4)","background-image":"","background-repeat":"repeat","background-position":"center center","background-size":"auto","background-attachment":"scroll","background-type":"","background-media":"","overlay-type":"","overlay-color":"","overlay-gradient":""},"tablet":{"background-color":"","background-image":"","background-repeat":"repeat","background-position":"center center","background-size":"auto","background-attachment":"scroll","background-type":"","background-media":"","overlay-type":"","overlay-color":"","overlay-gradient":""},"mobile":{"background-color":"","background-image":"","background-repeat":"repeat","background-position":"center center","background-size":"auto","background-attachment":"scroll","background-type":"","background-media":"","overlay-type":"","overlay-color":"","overlay-gradient":""}},"ast-content-background-meta":{"desktop":{"background-color":"var(--ast-global-color-5)","background-image":"","background-repeat":"repeat","background-position":"center center","background-size":"auto","background-attachment":"scroll","background-type":"","background-media":"","overlay-type":"","overlay-color":"","overlay-gradient":""},"tablet":{"background-color":"var(--ast-global-color-5)","background-image":"","background-repeat":"repeat","background-position":"center center","background-size":"auto","background-attachment":"scroll","background-type":"","background-media":"","overlay-type":"","overlay-color":"","overlay-gradient":""},"mobile":{"background-color":"var(--ast-global-color-5)","background-image":"","background-repeat":"repeat","background-position":"center center","background-size":"auto","background-attachment":"scroll","background-type":"","background-media":"","overlay-type":"","overlay-color":"","overlay-gradient":""}},"footnotes":""},"categories":[147,332,104,16820],"tags":[182313,59406,195776,83115,18587,49786],"class_list":["post-95103","post","type-post","status-publish","format-standard","hentry","category-ciencias-de-las-artes-y-las-letras","category-ciencias-tecnologicas","category-historia","category-politecnica-de-valencia","tag-ana-maria-torres-barchino","tag-angela-garcia-codoner","tag-jorge-girbes-perez","tag-jose-maria-gentil-baldrich","tag-luis-villanueva-bartrina","tag-pilar-chias-navarro"],"_links":{"self":[{"href":"https:\/\/www.deberes.net\/tesis\/wp-json\/wp\/v2\/posts\/95103","targetHints":{"allow":["GET"]}}],"collection":[{"href":"https:\/\/www.deberes.net\/tesis\/wp-json\/wp\/v2\/posts"}],"about":[{"href":"https:\/\/www.deberes.net\/tesis\/wp-json\/wp\/v2\/types\/post"}],"author":[{"embeddable":true,"href":"https:\/\/www.deberes.net\/tesis\/wp-json\/wp\/v2\/users\/1"}],"replies":[{"embeddable":true,"href":"https:\/\/www.deberes.net\/tesis\/wp-json\/wp\/v2\/comments?post=95103"}],"version-history":[{"count":0,"href":"https:\/\/www.deberes.net\/tesis\/wp-json\/wp\/v2\/posts\/95103\/revisions"}],"wp:attachment":[{"href":"https:\/\/www.deberes.net\/tesis\/wp-json\/wp\/v2\/media?parent=95103"}],"wp:term":[{"taxonomy":"category","embeddable":true,"href":"https:\/\/www.deberes.net\/tesis\/wp-json\/wp\/v2\/categories?post=95103"},{"taxonomy":"post_tag","embeddable":true,"href":"https:\/\/www.deberes.net\/tesis\/wp-json\/wp\/v2\/tags?post=95103"}],"curies":[{"name":"wp","href":"https:\/\/api.w.org\/{rel}","templated":true}]}}